{"id":705117,"date":"2025-05-22T17:31:33","date_gmt":"2025-05-22T21:31:33","guid":{"rendered":"https:\/\/unifranz.edu.bo\/?p=705117"},"modified":"2025-05-22T17:31:37","modified_gmt":"2025-05-22T21:31:37","slug":"alerta-por-varicela-7-claves-para-protegernos-del-brote-que-afecta-cada-vez-mas-a-adultos","status":"publish","type":"post","link":"https:\/\/unifranz.edu.bo\/pt\/blog\/alerta-por-varicela-7-claves-para-protegernos-del-brote-que-afecta-cada-vez-mas-a-adultos\/","title":{"rendered":"Alerta por varicela: 7 claves para protegernos del brote que afecta cada vez m\u00e1s a adultos"},"content":{"rendered":"<p>Un aumento significativo de casos de varicela en Bolivia ha encendido las alertas sanitarias. Seg\u00fan datos del Servicio Departamental de Salud (Sedes) de La Paz, m\u00e1s de 1.000 contagios se han registrado entre marzo y mayo, y lo m\u00e1s preocupante es que la enfermedad est\u00e1 afectando con mayor severidad a los adultos.&nbsp;<\/p>\n\n\n\n<p>En este contexto, autoridades y especialistas recomiendan reforzar las medidas de prevenci\u00f3n, con especial \u00e9nfasis en la vacunaci\u00f3n y el monitoreo de s\u00edntomas en personas mayores de edad.<\/p>\n\n\n\n<blockquote class=\"wp-block-quote is-layout-flow wp-block-quote-is-layout-flow\">\n<p>\u201cLas autoridades sanitarias deben mantener un monitoreo continuo de los casos y estar preparadas para implementar medidas de control como el cierre de instituciones educativas en casos de brotes significativos. Adem\u00e1s, la educaci\u00f3n continua de los profesionales de la salud y de la comunidad es crucial para reducir la propagaci\u00f3n de la enfermedad y minimizar su impacto\u201d, advierte Griselda Vargas, m\u00e9dica epidemi\u00f3loga y directora de la carrera de Medicina de la Universidad Franz Tamayo, Unifranz.<\/p>\n<\/blockquote>\n\n\n\n<p>La Organizaci\u00f3n Mundial de la Salud (OMS) se\u00f1ala que la varicela es una enfermedad viral altamente contagiosa causada por el virus varicela-z\u00f3ster. Se transmite f\u00e1cilmente por contacto con las lesiones o mediante got\u00edculas expulsadas al toser o estornudar. Aunque suele ser leve en ni\u00f1os, puede complicarse en adultos, generando cuadros de neumon\u00eda, hepatitis, encefalitis o infecciones bacterianas secundarias. Adem\u00e1s, el virus puede permanecer latente en el cuerpo y reactivarse a\u00f1os despu\u00e9s en forma de herpes z\u00f3ster.<\/p>\n\n\n\n<p>En La Paz, el Sedes inform\u00f3 que la cifra de casos sobrepasa los 1.000 contagios, en un comportamiento estacional esperado, pero preocupante. Solo en la \u00faltima semana se notificaron m\u00e1s de 50 nuevos contagios.&nbsp;<\/p>\n\n\n\n<p>Javier Mamani, jefe de Epidemiolog\u00eda del Sedes, explic\u00f3 que, aunque la mayor\u00eda de los ni\u00f1os presentan s\u00edntomas leves, \u201cla dificultad la pasan las personas adultas\u201d. En estos casos, se requiere atenci\u00f3n m\u00e9dica m\u00e1s intensiva, especialmente si hay afectaci\u00f3n del sistema nervioso perif\u00e9rico.<\/p>\n\n\n\n<h2 class=\"wp-block-heading\"><strong>7 claves para protegerse de la varicela<\/strong><\/h2>\n\n\n\n<p>Frente a esta situaci\u00f3n, los expertos insisten en la prevenci\u00f3n como la herramienta m\u00e1s eficaz. Vargas identifica siete claves esenciales para evitar la propagaci\u00f3n del virus y proteger tanto a menores como a adultos:<\/p>\n\n\n\n<ul class=\"wp-block-list\">\n<li><strong>Vacunarse es fundamental<\/strong><\/li>\n<\/ul>\n\n\n\n<p>La vacuna contra la varicela es la mejor forma de prevenir la enfermedad. Se administra en dos dosis: la primera a los 12 meses y la segunda entre los 4 y 6 a\u00f1os. Adultos que no hayan tenido varicela, ni hayan sido vacunados deben consultar a un m\u00e9dico.<\/p>\n\n\n\n<p>\u201cTanto ni\u00f1os como adultos deben estar inmunizados para evitar formas graves de la enfermedad\u201d, subraya Vargas.<\/p>\n\n\n\n<ul class=\"wp-block-list\">\n<li><strong>Evitar el contacto con personas infectadas<\/strong><\/li>\n<\/ul>\n\n\n\n<p>El virus se transmite f\u00e1cilmente por el aire o por contacto directo. Si alguien cercano est\u00e1 contagiado, se recomienda mantener distancia, sobre todo si hay personas no inmunizadas en casa.<\/p>\n\n\n\n<ul class=\"wp-block-list\">\n<li><strong>Mantener una higiene estricta<\/strong><\/li>\n<\/ul>\n\n\n\n<p>Lavarse las manos frecuentemente con agua y jab\u00f3n es una medida simple pero eficaz para reducir el riesgo de contagio.<\/p>\n\n\n\n<ul class=\"wp-block-list\">\n<li><strong>Desinfectar objetos y superficies<\/strong><\/li>\n<\/ul>\n\n\n\n<p>Durante un brote, es fundamental desinfectar juguetes, mesas, manillas de puertas y cualquier objeto de uso com\u00fan con productos viricidas.<\/p>\n\n\n\n<ul class=\"wp-block-list\">\n<li><strong>Evitar compartir objetos personales<\/strong><\/li>\n<\/ul>\n\n\n\n<p>No se deben compartir toallas, cubiertos ni vasos con personas enfermas, ya que estos pueden transportar el virus.<\/p>\n\n\n\n<ul class=\"wp-block-list\">\n<li><strong>Reconocer los s\u00edntomas y actuar a tiempo<\/strong><\/li>\n<\/ul>\n\n\n\n<p>Fiebre, cansancio, p\u00e9rdida de apetito y erupciones que evolucionan a ampollas son se\u00f1ales de alarma. El aislamiento y la consulta m\u00e9dica oportuna son esenciales para evitar complicaciones.<\/p>\n\n\n\n<ul class=\"wp-block-list\">\n<li><strong>Aislar a los contagiados<\/strong><\/li>\n<\/ul>\n\n\n\n<p>Si un ni\u00f1o o adulto presenta s\u00edntomas, debe permanecer en casa hasta que todas las lesiones est\u00e9n secas y con costra, lo cual suele tomar entre 7 y 10 d\u00edas.<\/p>\n\n\n\n<p>\u201cEl aislamiento evita que el virus siga circulando y alcance a personas vulnerables\u201d, recalca la especialista.<\/p>\n\n\n\n<p>Adem\u00e1s de estas claves, es importante que los afectados mantengan reposo, buena hidrataci\u00f3n y alimentaci\u00f3n equilibrada. En caso de fiebre, se recomienda el uso de antipir\u00e9ticos como el paracetamol. Tambi\u00e9n se sugiere usar ropa ligera para evitar la irritaci\u00f3n de las lesiones.<\/p>\n\n\n\n<p>El brote de varicela en La Paz es un recordatorio de que esta enfermedad, aunque com\u00fan, no debe subestimarse, especialmente en adultos. La vacunaci\u00f3n, la vigilancia epidemiol\u00f3gica y las pr\u00e1cticas de higiene son nuestras mejores herramientas para cortar la cadena de contagio.<\/p>\n\n\n\n<p>\u201cLa prevenci\u00f3n de brotes no solo depende de la vacuna, sino tambi\u00e9n de la capacidad del sistema de salud para educar, monitorear y responder a tiempo\u201d, concluye la directora de la carrera de Medicina de Unifranz.<\/p>\n\n\n\n<p>Frente a una enfermedad que puede parecer inofensiva en su fase infantil, pero que en adultos representa un riesgo elevado, la responsabilidad ciudadana y el fortalecimiento de las pol\u00edticas sanitarias son m\u00e1s urgentes que nunca.<\/p>","protected":false},"excerpt":{"rendered":"<p>Un aumento significativo de casos de varicela en Bolivia ha encendido las alertas sanitarias. Seg\u00fan datos del Servicio Departamental de Salud (Sedes) de La Paz, m\u00e1s de 1.000 contagios se han registrado entre marzo y mayo, y lo m\u00e1s preocupante es que la enfermedad est\u00e1 afectando con mayor severidad a los adultos.\u00a0<\/p>","protected":false},"author":49,"featured_media":705118,"comment_status":"open","ping_status":"open","sticky":false,"template":"","format":"standard","meta":{"_acf_changed":false,"footnotes":""},"categories":[60,1946],"tags":[53,1422,242,9162],"class_list":["post-705117","post","type-post","status-publish","format-standard","has-post-thumbnail","hentry","category-blog","category-medicina","tag-educacion","tag-innovacion-en-educacion","tag-unifranz","tag-varicela"],"acf":[],"_links":{"self":[{"href":"https:\/\/unifranz.edu.bo\/pt\/wp-json\/wp\/v2\/posts\/705117","targetHints":{"allow":["GET"]}}],"collection":[{"href":"https:\/\/unifranz.edu.bo\/pt\/wp-json\/wp\/v2\/posts"}],"about":[{"href":"https:\/\/unifranz.edu.bo\/pt\/wp-json\/wp\/v2\/types\/post"}],"author":[{"embeddable":true,"href":"https:\/\/unifranz.edu.bo\/pt\/wp-json\/wp\/v2\/users\/49"}],"replies":[{"embeddable":true,"href":"https:\/\/unifranz.edu.bo\/pt\/wp-json\/wp\/v2\/comments?post=705117"}],"version-history":[{"count":1,"href":"https:\/\/unifranz.edu.bo\/pt\/wp-json\/wp\/v2\/posts\/705117\/revisions"}],"predecessor-version":[{"id":705119,"href":"https:\/\/unifranz.edu.bo\/pt\/wp-json\/wp\/v2\/posts\/705117\/revisions\/705119"}],"wp:featuredmedia":[{"embeddable":true,"href":"https:\/\/unifranz.edu.bo\/pt\/wp-json\/wp\/v2\/media\/705118"}],"wp:attachment":[{"href":"https:\/\/unifranz.edu.bo\/pt\/wp-json\/wp\/v2\/media?parent=705117"}],"wp:term":[{"taxonomy":"category","embeddable":true,"href":"https:\/\/unifranz.edu.bo\/pt\/wp-json\/wp\/v2\/categories?post=705117"},{"taxonomy":"post_tag","embeddable":true,"href":"https:\/\/unifranz.edu.bo\/pt\/wp-json\/wp\/v2\/tags?post=705117"}],"curies":[{"name":"wp","href":"https:\/\/api.w.org\/{rel}","templated":true}]}}