{"id":705114,"date":"2025-05-22T17:07:19","date_gmt":"2025-05-22T21:07:19","guid":{"rendered":"https:\/\/unifranz.edu.bo\/?p=705114"},"modified":"2025-05-22T23:07:07","modified_gmt":"2025-05-23T03:07:07","slug":"safos-la-moda-circular-que-transforma-ropa-en-desuso-en-piezas-unicas-y-sostenibles","status":"publish","type":"post","link":"https:\/\/unifranz.edu.bo\/pt\/blog\/safos-la-moda-circular-que-transforma-ropa-en-desuso-en-piezas-unicas-y-sostenibles\/","title":{"rendered":"Safos: la moda circular que transforma ropa en desuso en piezas \u00fanicas y sostenibles"},"content":{"rendered":"<p>Safos, es un emprendimiento que apuesta por la moda circular como una forma de repensar lo que vestimos. Desde sus inicios, como una idea de proyecto universitario sostenible, ahora se ha convertido en m\u00e1s que una marca, es un manifiesto creativo que pone en tela de juicio el modelo lineal de \u00abusar y desechar\u00bb. Este proyecto propone un ciclo donde cada prenda tiene una segunda oportunidad de vida, y los j\u00f3venes de ahora no s\u00f3lo se preparan para un empleo, sino que desde la academ\u00eda reciben una formaci\u00f3n con prop\u00f3sito con miras a un futuro sostenible.<\/p>\n\n\n\n<p>Nicolas Canedo, estudiante de la carrera de Dise\u00f1o Gr\u00e1fico de la Universidad Franz Tamayo, Unifranz, sostiene que la idea de este emprendimiento es parte del m\u00e9todo de upcycling, porque utiliza prendas de segunda, o prendas de reciclaje que son propias o prendas en desuso, para despu\u00e9s ser transformadas en una nueva creaci\u00f3n, con un costo menor, y de esta manera brindar una segunda vida a la prenda de vestir.&nbsp;<\/p>\n\n\n\n<blockquote class=\"wp-block-quote is-layout-flow wp-block-quote-is-layout-flow\">\n<p>\u201cSafos naci\u00f3 de una tarea que ten\u00eda en la universidad, fue en la materia de direcci\u00f3n creativa. Una docente nos dijo que deb\u00edamos realizar un proyecto que sea un emprendimiento sostenible y que ayude de alguna manera al medio ambiente\u201d, explica Nicolas.<\/p>\n<\/blockquote>\n\n\n\n<p>Lo que comenz\u00f3 como una inquietud acad\u00e9mica se convirti\u00f3 en una experiencia transformadora&nbsp; con impacto real. Safos transforma las reglas de la moda convencional al convertir prendas olvidadas en creaciones \u00fanicas, \u00e9ticas y sostenibles. Safos reutiliza la ropa en desuso, aquella que duerme en armarios o ha sido descartada por moda o fallas, y la transforma en bolsos, prendas de vestir y accesorios con dise\u00f1o original y sentido ecol\u00f3gico. \u201cPuede ser una, dos, tres prendas que puedan convertirse en una o dos piezas \u00fanicas\u201d, agrega Canedo.<\/p>\n\n\n\n<p>Para Canedo, cada pieza cuenta una historia, no solo por sus materiales recuperados, sino por la intenci\u00f3n consciente detr\u00e1s de su confecci\u00f3n a trav\u00e9s de las manos que plasman creatividad en las prendas y accesorios.<\/p>\n\n\n\n<p>\u201cLance una colecci\u00f3n con un artista urbano de nombre Mala Influencia. Para la colecci\u00f3n lance seis piezas que eran: tres prendas y tres bolsos. Y estas piezas las considero de alta costura porque son hechas a mano y tienen un costo m\u00e1s elevado, porque son piezas \u00fanicas de dise\u00f1o, que no se encuentra en ning\u00fan lado, y que se basa en este artista\u201d, explica el innovador de moda.<\/p>\n\n\n\n<figure class=\"wp-block-embed is-type-video is-provider-youtube wp-block-embed-youtube wp-embed-aspect-16-9 wp-has-aspect-ratio\"><div class=\"wp-block-embed__wrapper\">\n<iframe loading=\"lazy\" title=\"Safos: la moda circular que transforma ropa en desuso en piezas \u00fanicas y sostenibles\" width=\"500\" height=\"281\" src=\"https:\/\/www.youtube.com\/embed\/wE9r_ZdrXT4?feature=oembed\" frameborder=\"0\" allow=\"accelerometer; autoplay; clipboard-write; encrypted-media; gyroscope; picture-in-picture; web-share\" referrerpolicy=\"strict-origin-when-cross-origin\" allowfullscreen><\/iframe>\n<\/div><\/figure>\n\n\n\n<h2 class=\"wp-block-heading\"><strong>Impacto en la moda circular<\/strong><\/h2>\n\n\n\n<p>Estas prendas tienen un impacto en cuanto a la econom\u00eda circular y la moda circular. Lo que hace es aprovechar los residuos de la sobreproducci\u00f3n que tiene la moda fast fashion y la moda convencional. Entonces, seg\u00fan explica Canedo, este tipo de moda de Safos, lo que hace es crear piezas, con un valor extra para diferenciarse. \u201cLo que yo hago en cuanto al dise\u00f1o, es darle un concepto y tambi\u00e9n reutilizar gran parte de estos residuos\u201d, afirma su fundador, quien prefiere que los dise\u00f1os hablen por \u00e9l.<\/p>\n\n\n\n<p>Seg\u00fan el informe: State and prospects of Circular Fashion in Europe, de Kpmg (firma global con diferentes servicios hasta de sostenibilidad y la econom\u00eda circular) y la Federaci\u00f3n de Moda Circular, sostiene que la moda circular es un sector en crecimiento con un valor de mercado global que alcanzar\u00e1 los 2 billones de d\u00f3lares para el a\u00f1o 2030, con un crecimiento anual del 3,6%, mostrando su relevancia econ\u00f3mica y ambiental global.<\/p>\n\n\n\n<h2 class=\"wp-block-heading\"><strong>Recolectar, dise\u00f1ar y reutilizar<\/strong><\/h2>\n\n\n\n<p>Nicol\u00e1s recuerda la primera l\u00ednea de bolsos producidos y puestos a la venta en una feria. Seg\u00fan comenta fue un stock de 30 bolsos \u00fanicos, porque cada uno ten\u00eda su particularidad. \u201cMe fue muy bien en la feria, me hice conocer con todos, porque el objetivo de Safos es que los dise\u00f1os tengan algo diferente, entonces hac\u00eda dise\u00f1os distintos a los bolsos convencionales\u201d, comenta.<\/p>\n\n\n\n<p>El proceso para obtener las prendas en desuso inici\u00f3 con la selecci\u00f3n de ropa propia, pero a la fecha es obtenida en diferentes ferias. Seg\u00fan el emprendedor, las prendas pasan por una etapa de respectivo lavado y desinfectado, para despu\u00e9s llegar a la l\u00ednea de dise\u00f1o y producci\u00f3n de nuevas creaciones. El resultado son piezas resistentes, originales y exclusivas, que escapan de la producci\u00f3n masiva y conectan con consumidores m\u00e1s conscientes.<\/p>\n\n\n\n<blockquote class=\"wp-block-quote is-layout-flow wp-block-quote-is-layout-flow\">\n<p>\u201cA comparaci\u00f3n de la moda convencional, este tipo de piezas que realizo son mucho m\u00e1s baratas, bonitas, m\u00e1s producidas, hechas a mano y m\u00e1s duradera. Pero este tipo de moda nace como una soluci\u00f3n a la industria. Entonces, es una soluci\u00f3n que puede competir en cuanto a&nbsp; cambiar la&nbsp; manera de pensar de la gente\u201d, explica Nicolas.<\/p>\n<\/blockquote>\n\n\n\n<p>El concepto de moda circular que abraza este emprendimiento parte de un principio b\u00e1sico: reducir, reutilizar y reciclar. Nicol\u00e1s desde la concepci\u00f3n de la idea en Unifranz, paralelamente ha ido confeccionando m\u00e1s que prendas de uso cotidiano, ha encontrado, en la econom\u00eda circular,&nbsp; un modelo vivo de innovaci\u00f3n social, econ\u00f3mica, de dise\u00f1o responsable y respeto por el medio ambiente.&nbsp;<\/p>\n\n\n\n<p>\u201cSafos se mueve bastante en eso, porque trata de que la gente realmente se cuestione en cuanto lo que consume, lo que compra, en cuanto a los desechos que genera. Habla mucho sobre el consumismo. Safos siempre va a cuestionar cosas, va a cuestionar m\u00e1s que todo de cu\u00e1nto da\u00f1o hacemos al mundo\u201d, enfatiza Canedo.<\/p>\n\n\n\n<p>Esta idea es el resultado de recibir una formaci\u00f3n que traspasa las murallas de las aulas, porque es una formaci\u00f3n para la vida combinando la educaci\u00f3n con la sostenibilidad y se materializa en proyectos con prop\u00f3sito, en el caso de Safos, desaf\u00eda el consumismo y busca reducir los desechos producidos por la moda.&nbsp;<\/p>\n\n\n\n<p>Iniciativas como Safos reflejan c\u00f3mo las nuevas generaciones no solo imaginan futuros distintos, sino que los dise\u00f1an con sus propias manos. Y m\u00e1s desde la universidad, que impulsa una formaci\u00f3n que va m\u00e1s all\u00e1 de lo t\u00e9cnico, porque se cultiva el pensamiento cr\u00edtico, la empat\u00eda y la capacidad de actuar ante los problemas reales. Adem\u00e1s, nos recuerda que la educaci\u00f3n no termina en las aulas, porque Nicolas, al igual que otros estudiantes de Unifranz, son capaces de imaginar soluciones, emprender con \u00e9tica y de construir, con sus manos y con sus ideas, un futuro sostenible.<\/p>\n\n\n\n<p>Este tipo de educaci\u00f3n transformadora ser\u00e1 abordada en FIIE: VI Foro Internacional de Innovaci\u00f3n Educativa denominado \u201cEducaci\u00f3n para la sostenibilidad\u201d, en tres y cuatro de julio en Santa Cruz, un evento impulsado por Unifranz que apunta a dise\u00f1ar una hoja de ruta com\u00fan que garantice una educaci\u00f3n de calidad, inclusiva y pertinente, orientada al desarrollo sostenible de Latinoam\u00e9rica hacia el 2050.<\/p>","protected":false},"excerpt":{"rendered":"<p>Safos, es un emprendimiento que apuesta por la moda circular como una forma de repensar lo que vestimos. Desde sus inicios, como una idea de proyecto universitario sostenible, ahora se ha convertido en m\u00e1s que una marca, es un manifiesto creativo que pone en tela de juicio el modelo lineal de \u00abusar y desechar\u00bb. <\/p>","protected":false},"author":51,"featured_media":705115,"comment_status":"open","ping_status":"open","sticky":false,"template":"","format":"standard","meta":{"_acf_changed":false,"footnotes":""},"categories":[60,2516],"tags":[53,1422,11025,242],"class_list":["post-705114","post","type-post","status-publish","format-standard","has-post-thumbnail","hentry","category-blog","category-diseno-grafico-y-produccion-crossmedia","tag-educacion","tag-innovacion-en-educacion","tag-noda-circular","tag-unifranz"],"acf":[],"_links":{"self":[{"href":"https:\/\/unifranz.edu.bo\/pt\/wp-json\/wp\/v2\/posts\/705114","targetHints":{"allow":["GET"]}}],"collection":[{"href":"https:\/\/unifranz.edu.bo\/pt\/wp-json\/wp\/v2\/posts"}],"about":[{"href":"https:\/\/unifranz.edu.bo\/pt\/wp-json\/wp\/v2\/types\/post"}],"author":[{"embeddable":true,"href":"https:\/\/unifranz.edu.bo\/pt\/wp-json\/wp\/v2\/users\/51"}],"replies":[{"embeddable":true,"href":"https:\/\/unifranz.edu.bo\/pt\/wp-json\/wp\/v2\/comments?post=705114"}],"version-history":[{"count":2,"href":"https:\/\/unifranz.edu.bo\/pt\/wp-json\/wp\/v2\/posts\/705114\/revisions"}],"predecessor-version":[{"id":705136,"href":"https:\/\/unifranz.edu.bo\/pt\/wp-json\/wp\/v2\/posts\/705114\/revisions\/705136"}],"wp:featuredmedia":[{"embeddable":true,"href":"https:\/\/unifranz.edu.bo\/pt\/wp-json\/wp\/v2\/media\/705115"}],"wp:attachment":[{"href":"https:\/\/unifranz.edu.bo\/pt\/wp-json\/wp\/v2\/media?parent=705114"}],"wp:term":[{"taxonomy":"category","embeddable":true,"href":"https:\/\/unifranz.edu.bo\/pt\/wp-json\/wp\/v2\/categories?post=705114"},{"taxonomy":"post_tag","embeddable":true,"href":"https:\/\/unifranz.edu.bo\/pt\/wp-json\/wp\/v2\/tags?post=705114"}],"curies":[{"name":"wp","href":"https:\/\/api.w.org\/{rel}","templated":true}]}}