{"id":704983,"date":"2025-05-16T16:58:48","date_gmt":"2025-05-16T20:58:48","guid":{"rendered":"https:\/\/unifranz.edu.bo\/?p=704983"},"modified":"2025-05-16T17:06:45","modified_gmt":"2025-05-16T21:06:45","slug":"reciclaje-como-motor-de-la-economia-circular-transformar-residuos-en-recursos","status":"publish","type":"post","link":"https:\/\/unifranz.edu.bo\/pt\/blog\/reciclaje-como-motor-de-la-economia-circular-transformar-residuos-en-recursos\/","title":{"rendered":"Reciclaje como motor de la econom\u00eda circular: transformar residuos en recursos"},"content":{"rendered":"<p>La Madre Tierra enfrenta uno de sus mayores desaf\u00edos: la acumulaci\u00f3n masiva de residuos y el uso excesivo de recursos naturales. En este escenario, el reciclaje se posiciona como una acci\u00f3n crucial no s\u00f3lo para reducir la contaminaci\u00f3n, sino tambi\u00e9n como piedra angular de un nuevo modelo econ\u00f3mico: la econom\u00eda circular.&nbsp;<\/p>\n\n\n\n<blockquote class=\"wp-block-quote is-layout-flow wp-block-quote-is-layout-flow\">\n<p>\u201cLa econom\u00eda circular implica reducir los residuos al m\u00ednimo. Los productos que llegan al final de su vida son repuestos en la cadena y sus materiales se mantienen dentro de la econom\u00eda siempre que sea posible gracias al reciclaje\u201d, explica Carlos Molina, director de la carrera de Ingenier\u00eda Comercial de la Universidad Franz Tamayo, Unifranz.<\/p>\n<\/blockquote>\n\n\n\n<p>Este enfoque propone un sistema regenerativo, donde los desechos no se eliminan, sino que se transforman en recursos, promoviendo la sostenibilidad ambiental y econ\u00f3mica.<\/p>\n\n\n\n<p>El 17 de mayo se celebra el D\u00eda Mundial del Reciclaje, una fecha promovida por la UNESCO con el fin de concienciar a la sociedad sobre la importancia de tratar adecuadamente los residuos para proteger el medio ambiente. Esta fecha nos invita a reflexionar sobre nuestros h\u00e1bitos de consumo y el impacto que nuestras acciones tienen en el planeta, adem\u00e1s de promover una econom\u00eda m\u00e1s responsable y sostenible.<\/p>\n\n\n\n<p>La econom\u00eda circular se basa en principios como compartir, reutilizar, reparar, renovar y reciclar materiales y productos todas las veces que sea posible. A diferencia del modelo lineal de \u201cextraer, producir y desechar\u201d, la circularidad extiende el ciclo de vida de los productos y reduce dr\u00e1sticamente la generaci\u00f3n de residuos.&nbsp;<\/p>\n\n\n\n<p>Al dise\u00f1ar productos duraderos y f\u00e1cilmente reparables, se disminuye la necesidad de materias primas nuevas, lo que tambi\u00e9n reduce las emisiones contaminantes. De hecho, se estima que m\u00e1s del 80% del impacto ambiental de un producto se define en su fase de dise\u00f1o.<\/p>\n\n\n\n<p>Uno de los ejes centrales de esta econom\u00eda es el reciclaje. Seg\u00fan un diagn\u00f3stico elaborado por Servicios Ambientales S.A. y WWF, Bolivia genera m\u00e1s de 142 mil toneladas de pl\u00e1stico de un solo uso al a\u00f1o. Solo en La Paz se desechan cerca de 40 toneladas diarias. Estas cifras reflejan una necesidad urgente de transformar residuos en oportunidades, no solo para reducir la contaminaci\u00f3n, sino tambi\u00e9n para estimular la econom\u00eda y generar empleo. A nivel global, los metales recuperados de desechos electr\u00f3nicos tienen un valor superior a los 55 mil millones de d\u00f3lares anuales, de acuerdo con la ONU.<\/p>\n\n\n\n<p>Adem\u00e1s, el reciclaje reduce la demanda de materias primas, cuya extracci\u00f3n es responsable del 90% de la p\u00e9rdida de biodiversidad global y del 70% de los gases de efecto invernadero generados por la industria.&nbsp;<\/p>\n\n\n\n<p>Molina destaca que en Bolivia ya existen casos de econom\u00eda circular efectiva, como el \u201cAyni Empresarial\u201d, donde empresas aprovechan los residuos de otras como insumo productivo. \u201cUna empresa produce desechos de madera y, en vez de botarlos, estos desechos son vendidos a otra empresa que los utiliza como materia prima\u201d, comenta.<\/p>\n\n\n\n<h2 class=\"wp-block-heading\"><strong>Proyectos con prop\u00f3sito: estudiantes de Unifranz impulsan soluciones circulares<\/strong><\/h2>\n\n\n\n<p>En Bolivia, la academia tambi\u00e9n est\u00e1 dando pasos firmes hacia la sostenibilidad. En Unifranz, el reciclaje se ha convertido en motor de innovaci\u00f3n tanto en sus aulas como en el Fab Lab Santa Cruz, un laboratorio de fabricaci\u00f3n digital donde makers y fabers crean soluciones con impacto ambiental positivo.<\/p>\n\n\n\n<p>Uno de estos proyectos es Arakuaa, una tecnolog\u00eda desarrollada por estudiantes y docentes que transforma botellas PET en fibras textiles.&nbsp;<\/p>\n\n\n\n<blockquote class=\"wp-block-quote is-layout-flow wp-block-quote-is-layout-flow\">\n<p>\u201cMe encanta trabajar con pl\u00e1stico, no solo por los colores, sino por c\u00f3mo le devolvemos vida y belleza a algo que consider\u00e1bamos basura\u201d, expresa Grecia Bello, coordinadora del Fab Lab. Esta m\u00e1quina, que funciona con componentes electr\u00f3nicos y software libre, representa el esp\u00edritu de la econom\u00eda circular: reutilizar materiales para darles una segunda vida con valor agregado.<\/p>\n<\/blockquote>\n\n\n\n<p>Adem\u00e1s del reciclaje de pl\u00e1stico, los estudiantes de la universidad trabajan en el desarrollo de bioenvases, mobiliario ecol\u00f3gico y propuestas energ\u00e9ticas basadas en fuentes renovables como la solar o e\u00f3lica. Estas iniciativas demuestran que con voluntad, creatividad y conocimiento t\u00e9cnico, es posible transformar la relaci\u00f3n entre producci\u00f3n, consumo y medioambiente.<\/p>\n\n\n\n<p>El impacto de estos esfuerzos va m\u00e1s all\u00e1 del campus universitario. A medida que estas ideas se implementan y se comparten, se convierten en ejemplos tangibles de c\u00f3mo la econom\u00eda circular puede ser aplicada en distintos sectores y escalas, desde microemprendimientos hasta pol\u00edticas p\u00fablicas.<\/p>\n\n\n\n<p>El reciclaje, entonces, no es solo una pr\u00e1ctica ambiental, sino una estrategia clave para avanzar hacia un modelo econ\u00f3mico m\u00e1s justo, resiliente y sostenible. En un contexto global marcado por el cambio clim\u00e1tico y la escasez de recursos, adoptar una visi\u00f3n circular implica redefinir el valor de los materiales y cambiar nuestros h\u00e1bitos de producci\u00f3n y consumo.<\/p>\n\n\n\n<p>Celebrar el D\u00eda Mundial del Reciclaje no es solo recordar la importancia de separar residuos, sino reconocer que estamos ante una oportunidad \u00fanica para repensar el futuro desde la sostenibilidad.<\/p>","protected":false},"excerpt":{"rendered":"<p>El 17 de mayo se celebra el D\u00eda Mundial del Reciclaje, una fecha promovida por la UNESCO con el fin de concienciar a la sociedad sobre la importancia de tratar adecuadamente los residuos para proteger el medio ambiente. Esta fecha nos invita a reflexionar sobre nuestros h\u00e1bitos de consumo y el impacto que nuestras acciones tienen en el planeta, adem\u00e1s de promover una econom\u00eda m\u00e1s responsable y sostenible.<\/p>","protected":false},"author":49,"featured_media":704984,"comment_status":"open","ping_status":"open","sticky":false,"template":"","format":"standard","meta":{"_acf_changed":false,"footnotes":""},"categories":[60,11013],"tags":[4220,53,1422,242],"class_list":["post-704983","post","type-post","status-publish","format-standard","has-post-thumbnail","hentry","category-blog","category-economia-circular","tag-economia-circular","tag-educacion","tag-innovacion-en-educacion","tag-unifranz"],"acf":[],"_links":{"self":[{"href":"https:\/\/unifranz.edu.bo\/pt\/wp-json\/wp\/v2\/posts\/704983","targetHints":{"allow":["GET"]}}],"collection":[{"href":"https:\/\/unifranz.edu.bo\/pt\/wp-json\/wp\/v2\/posts"}],"about":[{"href":"https:\/\/unifranz.edu.bo\/pt\/wp-json\/wp\/v2\/types\/post"}],"author":[{"embeddable":true,"href":"https:\/\/unifranz.edu.bo\/pt\/wp-json\/wp\/v2\/users\/49"}],"replies":[{"embeddable":true,"href":"https:\/\/unifranz.edu.bo\/pt\/wp-json\/wp\/v2\/comments?post=704983"}],"version-history":[{"count":1,"href":"https:\/\/unifranz.edu.bo\/pt\/wp-json\/wp\/v2\/posts\/704983\/revisions"}],"predecessor-version":[{"id":704985,"href":"https:\/\/unifranz.edu.bo\/pt\/wp-json\/wp\/v2\/posts\/704983\/revisions\/704985"}],"wp:featuredmedia":[{"embeddable":true,"href":"https:\/\/unifranz.edu.bo\/pt\/wp-json\/wp\/v2\/media\/704984"}],"wp:attachment":[{"href":"https:\/\/unifranz.edu.bo\/pt\/wp-json\/wp\/v2\/media?parent=704983"}],"wp:term":[{"taxonomy":"category","embeddable":true,"href":"https:\/\/unifranz.edu.bo\/pt\/wp-json\/wp\/v2\/categories?post=704983"},{"taxonomy":"post_tag","embeddable":true,"href":"https:\/\/unifranz.edu.bo\/pt\/wp-json\/wp\/v2\/tags?post=704983"}],"curies":[{"name":"wp","href":"https:\/\/api.w.org\/{rel}","templated":true}]}}