{"id":704889,"date":"2025-05-14T17:54:17","date_gmt":"2025-05-14T21:54:17","guid":{"rendered":"https:\/\/unifranz.edu.bo\/?p=704889"},"modified":"2025-05-15T17:20:34","modified_gmt":"2025-05-15T21:20:34","slug":"la-larga-noche-de-museos-del-bicentenario-trae-a-unifranz-arte-memoria-y-tradicion","status":"publish","type":"post","link":"https:\/\/unifranz.edu.bo\/pt\/blog\/la-larga-noche-de-museos-del-bicentenario-trae-a-unifranz-arte-memoria-y-tradicion\/","title":{"rendered":"La Larga Noche de Museos del Bicentenario trae a Unifranz arte, memoria y tradici\u00f3n"},"content":{"rendered":"<p>La Universidad Franz Tamayo, Unifranz La Paz, formar\u00e1 parte de uno de los eventos culturales m\u00e1s esperados del a\u00f1o: la Larga Noche de Museos del Bicentenario, una edici\u00f3n especial que conmemora los 200 a\u00f1os de la independencia de Bolivia. Este s\u00e1bado 17 de mayo la casa de estudios superiores abre sus puertas para brindar una experiencia \u00fanica, llena de arte, memoria y tradici\u00f3n.<\/p>\n\n\n\n<p>Bajo el lema <em>\u201c<\/em>Vive el arte, revive la historia<em>\u201d<\/em>, Unifranz ofrecer\u00e1 al p\u00fablico una velada enriquecedora con exposiciones art\u00edsticas, presentaciones culturales, performances en vivo, proyecciones audiovisuales y espacios de reflexi\u00f3n sobre la identidad boliviana. Las actividades estar\u00e1n abiertas a toda la poblaci\u00f3n de manera gratuita, promoviendo el acceso democr\u00e1tico a la cultura.<\/p>\n\n\n\n<blockquote class=\"wp-block-quote is-layout-flow wp-block-quote-is-layout-flow\">\n<p>\u201cPara nosotros es un honor sumarnos a esta edici\u00f3n del Bicentenario. Queremos mostrar c\u00f3mo la educaci\u00f3n superior tambi\u00e9n puede ser un motor de cultura, innovaci\u00f3n y memoria colectiva\u201d, expreso David Velasco director del \u00e1rea de cultura y deportes de Unifranz.<\/p>\n<\/blockquote>\n\n\n\n<p>La participaci\u00f3n de Unifranz se alinea con su compromiso institucional de fomentar el pensamiento cr\u00edtico, la creatividad y el di\u00e1logo intercultural, involucrando tanto a estudiantes como docentes y artistas invitados.<\/p>\n\n\n\n<p>La Larga Noche de Museos, que este a\u00f1o celebra una versi\u00f3n especial en el marco del Bicentenario, se ha consolidado como un evento emblem\u00e1tico que conecta a miles de ciudadanos con la riqueza del arte y la historia. En esta versi\u00f3n, el enfoque estar\u00e1 puesto en destacar el patrimonio nacional, los movimientos sociales y las expresiones contempor\u00e1neas que marcan el rumbo del pa\u00eds.<\/p>\n\n\n\n<p>No te pierdas esta oportunidad de recorrer espacios llenos de significado. Este s\u00e1bado 17, ac\u00e9rcate a Unifranz y s\u00e9 parte de una noche que celebra el pasado, el presente y el futuro cultural de Bolivia.<\/p>\n\n\n\n<p>El programa de actividades promete una noche inolvidable. El d\u00fao Negro y Blanco, reconocido por sus canciones con compromiso social, ofrecer\u00e1 un concierto \u00edntimo. Tambi\u00e9n se presentar\u00e1, Daniel Gonzales, El Rigucho, personaje emblem\u00e1tico del teatro pace\u00f1o, que con humor y cr\u00edtica social invita a la reflexi\u00f3n. Quienes son amantes de la nostalgia tambi\u00e9n podr\u00e1n encontrarse con Ricardo Monrroy Vilela, quien es m\u00e1s conocido como el Conejo Ricky y es responsable de risas y momentos inolvidables de anta\u00f1o.<\/p>\n\n\n\n<p>Hay m\u00e1s. Los asistentes tambi\u00e9n podr\u00e1n vibrar con una noche de Radionovela, rememorando \u00e9pocas pasadas. M\u00e1s de 30 grupos, elencos, d\u00faos y artistas estar\u00e1n en la grilla de Unifranz durante esta velada cultural.<\/p>\n\n\n\n<p>Adem\u00e1s, los elencos de teatro y danza de Unifranz, que han representado a la Universidad en diferentes cert\u00e1menes nacionales y han sido galardonados por su excelencia art\u00edstica, tendr\u00e1n una participaci\u00f3n destacada durante la noche. Su presencia refleja el talento y la formaci\u00f3n integral que promueve la instituci\u00f3n.<\/p>\n\n\n\n<p>Durante esta jornada especial la sede Unifranz La Paz abrir\u00e1 sus puertas de 15:00 a 22:00 en sus instalaciones ubicadas en la calle H\u00e9roes del Acre, n\u00famero 1855 esquina Landaeta. La entidad ser\u00e1 un punto de encuentro para familias, estudiantes, artistas y ciudadanos que buscan reencontrarse con la cultura nacional y regional.<\/p>","protected":false},"excerpt":{"rendered":"<p>Vive el arte y revive la historia con Unifranz en la Larga Noche de Museos del Bicentenario. Cultura, m\u00fasica y teatro en una noche \u00fanica.<\/p>","protected":false},"author":44,"featured_media":704931,"comment_status":"open","ping_status":"open","sticky":false,"template":"","format":"standard","meta":{"_acf_changed":false,"footnotes":""},"categories":[60],"tags":[617,228,53,386,1422,41,11005,108,218,242],"class_list":["post-704889","post","type-post","status-publish","format-standard","has-post-thumbnail","hentry","category-blog","tag-cultura","tag-danza","tag-educacion","tag-estudiantes","tag-innovacion-en-educacion","tag-la-paz","tag-museos","tag-teatro","tag-tecnologia","tag-unifranz"],"acf":[],"_links":{"self":[{"href":"https:\/\/unifranz.edu.bo\/pt\/wp-json\/wp\/v2\/posts\/704889","targetHints":{"allow":["GET"]}}],"collection":[{"href":"https:\/\/unifranz.edu.bo\/pt\/wp-json\/wp\/v2\/posts"}],"about":[{"href":"https:\/\/unifranz.edu.bo\/pt\/wp-json\/wp\/v2\/types\/post"}],"author":[{"embeddable":true,"href":"https:\/\/unifranz.edu.bo\/pt\/wp-json\/wp\/v2\/users\/44"}],"replies":[{"embeddable":true,"href":"https:\/\/unifranz.edu.bo\/pt\/wp-json\/wp\/v2\/comments?post=704889"}],"version-history":[{"count":2,"href":"https:\/\/unifranz.edu.bo\/pt\/wp-json\/wp\/v2\/posts\/704889\/revisions"}],"predecessor-version":[{"id":704933,"href":"https:\/\/unifranz.edu.bo\/pt\/wp-json\/wp\/v2\/posts\/704889\/revisions\/704933"}],"wp:featuredmedia":[{"embeddable":true,"href":"https:\/\/unifranz.edu.bo\/pt\/wp-json\/wp\/v2\/media\/704931"}],"wp:attachment":[{"href":"https:\/\/unifranz.edu.bo\/pt\/wp-json\/wp\/v2\/media?parent=704889"}],"wp:term":[{"taxonomy":"category","embeddable":true,"href":"https:\/\/unifranz.edu.bo\/pt\/wp-json\/wp\/v2\/categories?post=704889"},{"taxonomy":"post_tag","embeddable":true,"href":"https:\/\/unifranz.edu.bo\/pt\/wp-json\/wp\/v2\/tags?post=704889"}],"curies":[{"name":"wp","href":"https:\/\/api.w.org\/{rel}","templated":true}]}}