{"id":704832,"date":"2025-05-12T16:50:45","date_gmt":"2025-05-12T20:50:45","guid":{"rendered":"https:\/\/unifranz.edu.bo\/?p=704832"},"modified":"2025-05-13T16:26:31","modified_gmt":"2025-05-13T20:26:31","slug":"domina-el-arte-de-la-calma-emocional-en-solo-tres-pasos","status":"publish","type":"post","link":"https:\/\/unifranz.edu.bo\/pt\/blog\/domina-el-arte-de-la-calma-emocional-en-solo-tres-pasos\/","title":{"rendered":"Domina el arte de la calma emocional en solo tres pasos"},"content":{"rendered":"<p>Estr\u00e9s, ansiedad y agotamiento emocional se han vuelto parte del paisaje cotidiano en Bolivia y el mundo. En este contexto, alcanzar la calma emocional ya no es un lujo, sino una necesidad urgente para preservar la salud mental y f\u00edsica.&nbsp;<\/p>\n\n\n\n<p>El equilibrio emocional permite enfrentar la vida con mayor claridad, adaptabilidad y bienestar. Esta capacidad, sin embargo, no es innata porque se cultiva con conciencia, pr\u00e1ctica y el acompa\u00f1amiento adecuado, sostiene Consuelo Medina, docente de la carrera de Psicolog\u00eda de la Universidad Franz Tamayo, Unifranz.<\/p>\n\n\n\n<blockquote class=\"wp-block-quote is-layout-flow wp-block-quote-is-layout-flow\">\n<p>\u201cLas emociones son una respuesta frente a diferentes est\u00edmulos internos o externos. Cumplen una funci\u00f3n adaptativa y tienen componentes cognitivos, conductuales y fisiol\u00f3gicos. Son fundamentales para interpretar lo que nos sucede, tomar decisiones y relacionarnos socialmente\u201d, explica.<\/p>\n<\/blockquote>\n\n\n\n<p>La regulaci\u00f3n emocional, por tanto, es clave. Su ausencia puede derivar en cuadros de ansiedad, depresi\u00f3n, irritabilidad o trastornos psicosom\u00e1ticos.&nbsp;<\/p>\n\n\n\n<p>El desequilibrio emocional, seg\u00fan Medina, impacta directamente en la salud mental y f\u00edsica. El aumento de cortisol, que es la hormona del estr\u00e9s, afecta el sue\u00f1o, la atenci\u00f3n, el sistema inmunol\u00f3gico y el rendimiento cognitivo. La persona se siente realmente afectada si no logra regular sus emociones.<\/p>\n\n\n\n<p>El experto de la Universidad de Harvard y columnista de The Atlantic, Arthur Brooks, plantea una estrategia sencilla pero poderosa para recuperar la serenidad emocional cuando el caos amenaza con desbordar la mente. Su propuesta se basa en tres niveles de reconexi\u00f3n: cuerpo, emociones y mente racional.<\/p>\n\n\n\n<ol class=\"wp-block-list\">\n<li><strong>La pausa como primer paso hacia la calma<\/strong><\/li>\n<\/ol>\n\n\n\n<p>En primer lugar, recomienda activar el cuerpo. \u201cNo se puede pensar bien si el cuerpo est\u00e1 tenso o saturado de estr\u00e9s\u201d, afirma Brooks. Un paseo de 30 minutos sin el tel\u00e9fono m\u00f3vil puede ser el punto de partida. El movimiento f\u00edsico consciente permite que el cuerpo libere endorfinas, reduzca el cortisol y facilite un estado de mayor claridad mental.<\/p>\n\n\n\n<p>Consuelo Medina coincide en la importancia de detenerse antes de actuar impulsivamente. \u201cEl primer paso para alcanzar la calma emocional es tomarse una pausa. Detenerse conscientemente ante una situaci\u00f3n estresante permite evitar una reacci\u00f3n autom\u00e1tica y da paso a una fase m\u00e1s reflexiva\u201d, se\u00f1ala.<\/p>\n\n\n\n<ol start=\"2\" class=\"wp-block-list\">\n<li><strong>Nombrar lo que se siente para disminuir su intensidad<\/strong><\/li>\n<\/ol>\n\n\n\n<p>El segundo paso en la estrategia de regulaci\u00f3n emocional es reconocer y nombrar lo que se est\u00e1 sintiendo.&nbsp;<\/p>\n\n\n\n<p>Medina afirma que \u201cdecir \u2018estoy enojado\u2019 o \u2018me siento ansioso\u2019 ya reduce la actividad emocional. Nombrar la emoci\u00f3n ayuda a reconocerla y gestionarla. Muchas personas no logran esta fase porque nunca aprendieron a identificar lo que sienten\u201d.<\/p>\n\n\n\n<p>Brooks, por su parte, sugiere escribir cinco cosas que est\u00e1n molestando en ese momento como una forma de afrontar las emociones en lugar de reprimirlas o evadirlas con distracciones. Este ejercicio introspectivo permite organizar el pensamiento y dar lugar a una comprensi\u00f3n m\u00e1s profunda del malestar emocional.<\/p>\n\n\n\n<p>Ambos expertos coinciden en que el verdadero bienestar no se logra ignorando lo que incomoda, sino enfrent\u00e1ndolo con honestidad y apertura.&nbsp;<\/p>\n\n\n\n<ol start=\"3\" class=\"wp-block-list\">\n<li><strong>Cambiar la narrativa interna<\/strong><\/li>\n<\/ol>\n\n\n\n<p>Una vez identificada la emoci\u00f3n, el siguiente paso es reinterpretar la situaci\u00f3n desde una perspectiva m\u00e1s realista y constructiva. Este proceso, conocido como reestructuraci\u00f3n cognitiva en la psicolog\u00eda cl\u00ednica, consiste en modificar la manera en que se percibe un evento para reducir su impacto emocional.<\/p>\n\n\n\n<p>\u201cHay que forzar a reinterpretar lo que est\u00e1 ocurriendo, cambiar el pensamiento negativo por uno m\u00e1s objetivo o positivo. No se trata de negar la realidad, sino de verla desde otro \u00e1ngulo\u201d, dice Medina. Este cambio de enfoque ayuda a evitar que el espiral de negatividad escale hacia crisis emocionales mayores.<\/p>\n\n\n\n<p>Brooks a\u00f1ade un componente esencial a esta tercera etapa y plantea entrenar la mente hacia lo positivo. El ejercicio de escribir tres cosas por las que se siente gratitud cada d\u00eda ayuda a reprogramar el cerebro para enfocarse en lo bueno, incluso en medio de la adversidad. \u201cLa felicidad no depende de lo que nos pasa, sino de c\u00f3mo reaccionamos a lo que nos pasa\u201d, insiste.<\/p>\n\n\n\n<h2 class=\"wp-block-heading\"><strong>Calma emocional no es lo mismo que felicidad<\/strong><\/h2>\n\n\n\n<p>Un error com\u00fan es creer que alcanzar la calma emocional es sin\u00f3nimo de felicidad. Medina aclara que no es as\u00ed.<\/p>\n\n\n\n<p>\u201cLa calma emocional es una condici\u00f3n de equilibrio interno que permite gestionar adecuadamente las emociones. La felicidad es un estado subjetivo m\u00e1s complejo. Vivenciar las emociones tal como son, sin reprimirlas ni maximizarlas, es lo que permite llevar una vida emocionalmente saludable\u201d, puntualiza la acad\u00e9mica de Unifranz.<\/p>\n\n\n\n<p>Esa calma no implica una constante alegr\u00eda o bienestar, sino la capacidad de experimentar emociones sin ser arrastrado por ellas. La gesti\u00f3n emocional adecuada brinda herramientas para responder con madurez a los desaf\u00edos cotidianos y favorece una vida m\u00e1s coherente con las propias necesidades y valores.<\/p>\n\n\n\n<h2 class=\"wp-block-heading\"><strong>Educar en inteligencia emocional desde la infancia<\/strong><\/h2>\n\n\n\n<p>Medina subraya la importancia de cultivar la regulaci\u00f3n emocional desde la ni\u00f1ez. \u201cQuienes no aprenden a gestionar sus emociones desde peque\u00f1os pueden reprimirlas o expresarlas de forma disfuncional en la adultez. La inteligencia emocional se basa en tres pilares: reconocer nuestras emociones, expresarlas adecuadamente y comprender las de los dem\u00e1s\u201d.<\/p>\n\n\n\n<p>Esta educaci\u00f3n emocional temprana no solo previene trastornos afectivos, sino que tambi\u00e9n promueve relaciones m\u00e1s saludables y menos conflictivas. \u201cUna persona con buena inteligencia emocional tiene m\u00e1s claridad emocional, m\u00e1s empat\u00eda y m\u00e1s capacidad de enfrentar situaciones adversas con serenidad\u201d, remarca.<\/p>\n\n\n\n<p>La calma emocional, entonces, no es una meta lejana o abstracta. Es una pr\u00e1ctica diaria, un trabajo constante de reconexi\u00f3n con uno mismo que comienza por escuchar al cuerpo, reconocer lo que se siente y cambiar la forma de pensar. Es, en \u00faltima instancia, una forma de bienestar que se construye desde adentro y que puede transformar la vida cotidiana de cada uno de nosotros.<\/p>","protected":false},"excerpt":{"rendered":"<p>El equilibrio emocional permite enfrentar la vida con mayor claridad, adaptabilidad y bienestar. Esta capacidad, sin embargo, no es innata porque se cultiva con conciencia, pr\u00e1ctica y el acompa\u00f1amiento adecuado, sostiene Consuelo Medina, docente de la carrera de Psicolog\u00eda de la Universidad Franz Tamayo, Unifranz.<\/p>","protected":false},"author":50,"featured_media":704856,"comment_status":"open","ping_status":"open","sticky":false,"template":"","format":"standard","meta":{"_acf_changed":false,"footnotes":""},"categories":[60,2194],"tags":[10993,1422,218,242],"class_list":["post-704832","post","type-post","status-publish","format-standard","has-post-thumbnail","hentry","category-blog","category-psicologia","tag-calma-emocional","tag-innovacion-en-educacion","tag-tecnologia","tag-unifranz"],"acf":[],"_links":{"self":[{"href":"https:\/\/unifranz.edu.bo\/pt\/wp-json\/wp\/v2\/posts\/704832","targetHints":{"allow":["GET"]}}],"collection":[{"href":"https:\/\/unifranz.edu.bo\/pt\/wp-json\/wp\/v2\/posts"}],"about":[{"href":"https:\/\/unifranz.edu.bo\/pt\/wp-json\/wp\/v2\/types\/post"}],"author":[{"embeddable":true,"href":"https:\/\/unifranz.edu.bo\/pt\/wp-json\/wp\/v2\/users\/50"}],"replies":[{"embeddable":true,"href":"https:\/\/unifranz.edu.bo\/pt\/wp-json\/wp\/v2\/comments?post=704832"}],"version-history":[{"count":1,"href":"https:\/\/unifranz.edu.bo\/pt\/wp-json\/wp\/v2\/posts\/704832\/revisions"}],"predecessor-version":[{"id":704834,"href":"https:\/\/unifranz.edu.bo\/pt\/wp-json\/wp\/v2\/posts\/704832\/revisions\/704834"}],"wp:featuredmedia":[{"embeddable":true,"href":"https:\/\/unifranz.edu.bo\/pt\/wp-json\/wp\/v2\/media\/704856"}],"wp:attachment":[{"href":"https:\/\/unifranz.edu.bo\/pt\/wp-json\/wp\/v2\/media?parent=704832"}],"wp:term":[{"taxonomy":"category","embeddable":true,"href":"https:\/\/unifranz.edu.bo\/pt\/wp-json\/wp\/v2\/categories?post=704832"},{"taxonomy":"post_tag","embeddable":true,"href":"https:\/\/unifranz.edu.bo\/pt\/wp-json\/wp\/v2\/tags?post=704832"}],"curies":[{"name":"wp","href":"https:\/\/api.w.org\/{rel}","templated":true}]}}