{"id":704772,"date":"2025-05-09T14:34:02","date_gmt":"2025-05-09T18:34:02","guid":{"rendered":"https:\/\/unifranz.edu.bo\/?p=704772"},"modified":"2025-05-09T16:22:35","modified_gmt":"2025-05-09T20:22:35","slug":"ipee-entrega-resultados","status":"publish","type":"post","link":"https:\/\/unifranz.edu.bo\/pt\/blog\/ipee-entrega-resultados\/","title":{"rendered":"El IPEE de Unifranz entrega a la ICAM los resultados del Censo Empresarial 2024"},"content":{"rendered":"<div class=\"wp-block-post-author\"><div class=\"wp-block-post-author__avatar\"><img alt='' src='https:\/\/secure.gravatar.com\/avatar\/e83dacfa0953202430ef5fc66632429034dd4e72b9e95291520cc266ab20ee5c?s=48&#038;d=mm&#038;r=g' srcset='https:\/\/secure.gravatar.com\/avatar\/e83dacfa0953202430ef5fc66632429034dd4e72b9e95291520cc266ab20ee5c?s=96&#038;d=mm&#038;r=g 2x' class='avatar avatar-48 photo' height='48' width='48' \/><\/div><div class=\"wp-block-post-author__content\"><p class=\"wp-block-post-author__name\">Diego Andr\u00e9s Sabat<\/p><\/div><\/div>\n\n\n<p>El Instituto de Progreso Econ\u00f3mico Empresarial (IPEE) de la Universidad Franz Tamayo, Unifranz sede Cochabamba, entreg\u00f3 oficialmente a la C\u00e1mara de Industria, Comercio y Servicios de Cochabamba (ICAM) los resultados del Censo Empresarial ICAM 2024, un estudio de alto valor estrat\u00e9gico que permite visualizar el tejido productivo regional con datos precisos, actualizados y representativos.<\/p>\n\n\n\n<p>El IPEE, como brazo t\u00e9cnico de Unifranz en el \u00e1rea de investigaci\u00f3n econ\u00f3mica y empresarial, tiene la misi\u00f3n de producir conocimiento \u00fatil y riguroso que oriente la toma de decisiones a nivel institucional, corporativo y p\u00fablico. En este contexto, el censo se convierte en una herramienta esencial para dise\u00f1ar pol\u00edticas empresariales basadas en evidencia.<\/p>\n\n\n\n<p>La investigaci\u00f3n se desarroll\u00f3 durante cuatro meses con la participaci\u00f3n de m\u00e1s del 50% de las empresas afiliadas activas a la ICAM, garantizando una muestra representativa y robusta. \u201cLa ICAM da empleo a cerca de 54 mil personas dentro de sus empresas asociadas. Este dato es revelador y reafirma la relevancia del aparato productivo local en la econom\u00eda regional\u201d, explic\u00f3 Diego Delgadillo, director de Operaciones del IPEE.<\/p>\n\n\n\n<p>Adem\u00e1s, la encuesta de percepci\u00f3n institucional alcanz\u00f3 un \u00edndice de satisfacci\u00f3n del 81.5%, resultado que refleja el reconocimiento al trabajo de la ICAM, pero tambi\u00e9n el desaf\u00edo de continuar fortaleciendo sus servicios, alianzas y programas.<\/p>\n\n\n\n<p><strong>Un mapa del ecosistema empresarial de Cochabamba<\/strong><\/p>\n\n\n\n<p>El informe abarca informaci\u00f3n sobre la composici\u00f3n jur\u00eddica de las empresas, su tama\u00f1o, rubros, niveles de innovaci\u00f3n, desaf\u00edos operativos, v\u00ednculos con startups y su percepci\u00f3n del entorno econ\u00f3mico. Esta caracterizaci\u00f3n permite delinear rutas de acci\u00f3n para mejorar la competitividad y el crecimiento sostenible del sector.<\/p>\n\n\n\n<p>\u201cEste censo nos da informaci\u00f3n clave para proyectar el desarrollo de nuestras empresas. Saber qu\u00e9 hacemos bien y qu\u00e9 debemos mejorar es fundamental para definir la hoja de ruta de la ICAM\u201d, destac\u00f3 Amilkar Rocha, presidente de la entidad gremial.<\/p>\n\n\n\n<p>El censo tambi\u00e9n permiti\u00f3 identificar los sectores con mayor dinamismo, las oportunidades de transformaci\u00f3n digital y los desaf\u00edos estructurales como la falta de personal calificado y las trabas administrativas.<\/p>\n\n\n\n<p><strong>Un modelo formativo con impacto real<\/strong><\/p>\n\n\n\n<p>Uno de los pilares de esta iniciativa fue la participaci\u00f3n de estudiantes de las carreras de Administraci\u00f3n de Empresas, Ingenier\u00eda Comercial e Ingenier\u00eda Econ\u00f3mica y Financiera, quienes se involucraron activamente en el dise\u00f1o, ejecuci\u00f3n y an\u00e1lisis de los datos bajo el modelo pedag\u00f3gico aprender haciendo.<\/p>\n\n\n\n<p>\u201cFue una experiencia muy valiosa. Realizamos encuestas a empresas como Duralit, Nacional Seguros, consultoras y firmas industriales. Esto nos permiti\u00f3 conocer de cerca las din\u00e1micas reales del sector empresarial\u201d, relat\u00f3 Tamara Angulo, estudiante y encuestadora.<\/p>\n\n\n\n<p>Los estudiantes tambi\u00e9n procesaron la informaci\u00f3n utilizando herramientas como Kubo2Box, lo que les permiti\u00f3 desarrollar competencias t\u00e9cnicas, anal\u00edticas y digitales. \u201cAdem\u00e1s de aplicar conocimientos, aprendimos a comunicarnos mejor, a desenvolvernos en entornos profesionales reales y a generar soluciones concretas\u201d, a\u00f1adi\u00f3.<\/p>\n\n\n\n<p><strong>Conocimiento que impulsa el desarrollo<\/strong><\/p>\n\n\n\n<p>La alianza entre la ICAM y Unifranz demuestra que la colaboraci\u00f3n entre la academia y el sector productivo es clave para generar impacto. \u201cEste estudio no solo tiene valor estad\u00edstico, tiene valor estrat\u00e9gico. Nos permite alinear acciones con las necesidades reales de las empresas y construir pol\u00edticas con informaci\u00f3n confiable\u201d, subray\u00f3 Delgadillo.<\/p>\n\n\n\n<p>Rocha, por su parte, agradeci\u00f3 el compromiso del equipo acad\u00e9mico y estudiantil de Unifranz: \u201cGracias al IPEE, a los docentes y a los estudiantes que han hecho este trabajo con seriedad y entrega. Hoy entregamos a Cochabamba una herramienta poderosa para construir futuro\u201d.<\/p>\n\n\n\n<p>Con este estudio, el IPEE reafirma su rol como centro generador de conocimiento \u00fatil para el desarrollo econ\u00f3mico y social de la regi\u00f3n, y consolida su compromiso con la formaci\u00f3n integral de profesionales capaces de liderar transformaciones desde la evidencia.<\/p>","protected":false},"excerpt":{"rendered":"<p>El Instituto de Progreso Econ\u00f3mico Empresarial (IPEE) de la Universidad Franz Tamayo, Unifranz sede Cochabamba, entreg\u00f3 oficialmente a la C\u00e1mara de Industria, Comercio y Servicios de Cochabamba (ICAM) los resultados del Censo Empresarial ICAM 2024, un estudio de alto valor estrat\u00e9gico que permite visualizar el tejido productivo regional con datos precisos, actualizados y representativos<\/p>","protected":false},"author":27,"featured_media":704773,"comment_status":"open","ping_status":"open","sticky":false,"template":"","format":"standard","meta":{"_acf_changed":false,"footnotes":""},"categories":[60,2754,6597,1976,1782],"tags":[266,37,53,1422,218,242],"class_list":["post-704772","post","type-post","status-publish","format-standard","has-post-thumbnail","hentry","category-blog","category-censo","category-economia-creativa","category-ipee","category-unifranz","tag-bolivia","tag-cochabamba","tag-educacion","tag-innovacion-en-educacion","tag-tecnologia","tag-unifranz"],"acf":[],"_links":{"self":[{"href":"https:\/\/unifranz.edu.bo\/pt\/wp-json\/wp\/v2\/posts\/704772","targetHints":{"allow":["GET"]}}],"collection":[{"href":"https:\/\/unifranz.edu.bo\/pt\/wp-json\/wp\/v2\/posts"}],"about":[{"href":"https:\/\/unifranz.edu.bo\/pt\/wp-json\/wp\/v2\/types\/post"}],"author":[{"embeddable":true,"href":"https:\/\/unifranz.edu.bo\/pt\/wp-json\/wp\/v2\/users\/27"}],"replies":[{"embeddable":true,"href":"https:\/\/unifranz.edu.bo\/pt\/wp-json\/wp\/v2\/comments?post=704772"}],"version-history":[{"count":2,"href":"https:\/\/unifranz.edu.bo\/pt\/wp-json\/wp\/v2\/posts\/704772\/revisions"}],"predecessor-version":[{"id":704802,"href":"https:\/\/unifranz.edu.bo\/pt\/wp-json\/wp\/v2\/posts\/704772\/revisions\/704802"}],"wp:featuredmedia":[{"embeddable":true,"href":"https:\/\/unifranz.edu.bo\/pt\/wp-json\/wp\/v2\/media\/704773"}],"wp:attachment":[{"href":"https:\/\/unifranz.edu.bo\/pt\/wp-json\/wp\/v2\/media?parent=704772"}],"wp:term":[{"taxonomy":"category","embeddable":true,"href":"https:\/\/unifranz.edu.bo\/pt\/wp-json\/wp\/v2\/categories?post=704772"},{"taxonomy":"post_tag","embeddable":true,"href":"https:\/\/unifranz.edu.bo\/pt\/wp-json\/wp\/v2\/tags?post=704772"}],"curies":[{"name":"wp","href":"https:\/\/api.w.org\/{rel}","templated":true}]}}