{"id":704744,"date":"2025-05-08T17:39:55","date_gmt":"2025-05-08T21:39:55","guid":{"rendered":"https:\/\/unifranz.edu.bo\/?p=704744"},"modified":"2025-05-08T17:46:31","modified_gmt":"2025-05-08T21:46:31","slug":"la-salud-se-transforma-digitalizacion-con-rostro-humano-y-mirada-sostenible","status":"publish","type":"post","link":"https:\/\/unifranz.edu.bo\/pt\/blog\/la-salud-se-transforma-digitalizacion-con-rostro-humano-y-mirada-sostenible\/","title":{"rendered":"La salud se transforma: digitalizaci\u00f3n con rostro humano y mirada sostenible"},"content":{"rendered":"<p>La transformaci\u00f3n digital en salud dej\u00f3 de ser un lujo para convertirse en una necesidad urgente. No se trata s\u00f3lo de implementar tecnolog\u00eda, sino de repensar todos los procesos vinculados a la atenci\u00f3n, el cuidado y el bienestar integral de las personas.<\/p>\n\n\n\n<p>As\u00ed lo afirma Edgar Butr\u00f3n Ledezma, m\u00e9dico de formaci\u00f3n internacional y experto en salud global, quien desde el IV Congreso Internacional de Salud: Innovaci\u00f3n y Sostenibilidad, organizado por la Universidad Franz Tamayo, Unifranz, plantea una hoja de ruta donde la digitalizaci\u00f3n, desde una perspectiva integral, no solo<strong>&nbsp;busca agilizar procesos m\u00e9dicos o administrativos<\/strong>, sino redise\u00f1ar el sistema de salud pensando en la accesibilidad, la sostenibilidad y la equidad, donde la persona est\u00e1 en el centro de la revoluci\u00f3n digital, m\u00e1s all\u00e1 de la tecnolog\u00eda por s\u00ed sola.<\/p>\n\n\n\n<blockquote class=\"wp-block-quote is-layout-flow wp-block-quote-is-layout-flow\">\n<p>\u201cDebemos entender la transformaci\u00f3n digital en el contexto de salud como&nbsp;<strong>un proceso de transformaci\u00f3n que ata\u00f1e a todas las esferas<\/strong>: sociales, administrativas, financieras y humanas. No podemos pensar en transformaci\u00f3n digital s\u00ed de manera primordial no pensamos en la persona\u201d, enfatiza Butr\u00f3n.<\/p>\n<\/blockquote>\n\n\n\n<h2 class=\"wp-block-heading\"><strong>Transformar con cultura, procesos y tecnolog\u00eda<\/strong><\/h2>\n\n\n\n<p>La transformaci\u00f3n digital no es solo implementar softwares, aplicaciones o equipos de \u00faltima generaci\u00f3n. Requiere una transformaci\u00f3n profunda en cuatro pilares esenciales: el enfoque en la persona, la optimizaci\u00f3n de procesos, la adaptaci\u00f3n a la cultura organizacional y social, y finalmente, la implementaci\u00f3n tecnol\u00f3gica.<\/p>\n\n\n\n<p><strong>\u201cLa tecnolog\u00eda es solo una parte<\/strong>. Si no entendemos los elementos culturales de la poblaci\u00f3n a la que atendemos, el proceso no ser\u00e1 ni eficiente ni sostenible\u201d, remarca.<\/p>\n\n\n\n<p>Desde esta visi\u00f3n, el experto internacional aclara que la transformaci\u00f3n digital se vuelve un proyecto social, m\u00e1s all\u00e1 del \u00e1mbito cl\u00ednico. Es una estrategia de inclusi\u00f3n, donde cada intervenci\u00f3n tecnol\u00f3gica debe ser comprendida, aceptada y apropiada por los usuarios, tanto profesionales de la salud como pacientes.<\/p>\n\n\n\n<figure class=\"wp-block-embed is-type-video is-provider-youtube wp-block-embed-youtube wp-embed-aspect-16-9 wp-has-aspect-ratio\"><div class=\"wp-block-embed__wrapper\">\n<iframe loading=\"lazy\" title=\"La salud se transforma: digitalizaci\u00f3n con rostro humano y mirada sostenible\" width=\"500\" height=\"281\" src=\"https:\/\/www.youtube.com\/embed\/lmawdh9_Ye0?feature=oembed\" frameborder=\"0\" allow=\"accelerometer; autoplay; clipboard-write; encrypted-media; gyroscope; picture-in-picture; web-share\" referrerpolicy=\"strict-origin-when-cross-origin\" allowfullscreen><\/iframe>\n<\/div><\/figure>\n\n\n\n<h2 class=\"wp-block-heading\"><strong>La aceptaci\u00f3n como punto de partida<\/strong><\/h2>\n\n\n\n<p>Un reto clave, sobre todo en contextos vulnerables como el boliviano, es la aceptaci\u00f3n social. Muchos profesionales de la salud y pacientes a\u00fan<strong>&nbsp;se resisten a cambiar sus pr\u00e1cticas.<\/strong>&nbsp;Para Butr\u00f3n, este es un tema de derechos.<\/p>\n\n\n\n<p>\u201cTodo proceso tiene que cumplir con el primer paso de la gesti\u00f3n basada en derechos, que es la aceptaci\u00f3n. No podemos proponer nada si no es aceptado por quien lo va a usar. \u00bfY c\u00f3mo hacemos que lo acepten? Tenemos que hacerlos parte\u201d, afirma con convicci\u00f3n.<\/p>\n\n\n\n<p>Esto implica trabajar con comunidades, respetar sus usos y costumbres, dialogar, explicar, ense\u00f1ar e informar, porque todo lo nuevo siempre genera miedo.<strong>&nbsp;No es viable una digitalizaci\u00f3n impuesta<\/strong>&nbsp;desde los escritorios gubernamentales o empresas tecnol\u00f3gicas. Para ello es necesario que cada avance sea acompa\u00f1ado por procesos de alfabetizaci\u00f3n digital.<\/p>\n\n\n\n<h3 class=\"wp-block-heading\">El Estado como articulador clave<\/h3>\n\n\n\n<p>La transformaci\u00f3n digital en salud tambi\u00e9n demanda un rol activo y coordinado del Estado. Pero no solo del nivel central, sino tambi\u00e9n de los gobiernos subnacionales y las instituciones p\u00fablicas vinculadas.<\/p>\n\n\n\n<p>\u201cLa gobernabilidad implica que comunidad e instituciones se comuniquen, coordinen y vean opciones adecuadas para su bienestar\u201d, explica Butr\u00f3n.<\/p>\n\n\n\n<p>Seg\u00fan el experto, ya existen normativa internacional desarrollada por la Organizaci\u00f3n Mundial de la Salud (OMS) y otras entidades, que pueden ser contextualizadas o adaptadas a la realidad nacional. \u201cNo vamos a inventar nada. Ya todo est\u00e1 escrito.&nbsp;<strong>Lo que el pa\u00eds necesita es armonizar esas normas y adaptarlas a su realidad&nbsp;<\/strong>(\u2026), la clave es tener una hoja de ruta clara y centrarse en las personas\u201d, subraya.<\/p>\n\n\n\n<h3 class=\"wp-block-heading\">Interoperabilidad y soluciones accesibles<\/h3>\n\n\n\n<p>Un concepto fundamental en esta transformaci\u00f3n es la interoperabilidad de los sistemas. Hoy en d\u00eda, distintos sistemas de informaci\u00f3n en salud no se comunican entre s\u00ed, lo que limita el an\u00e1lisis integral y la toma de decisiones oportunas.<\/p>\n\n\n\n<p>La interoperabilidad permite que dos sistemas distintos puedan generar un an\u00e1lisis conjunto y as\u00ed tomar mejores decisiones en pro de la salud de la poblaci\u00f3n. Existen soluciones accesibles. Desde sistemas de fuentes abiertas hasta \u201cenlatados\u201d ofrecidos por grandes proveedores. Muchos de estos ya integran el expediente m\u00e9dico administrativo y permiten su implementaci\u00f3n a menor costo.<\/p>\n\n\n\n<h2 class=\"wp-block-heading\">\u201cLo que hace falta es desarrollar los procesos y procedimientos adecuados para que estos sistemas puedan usarse eficientemente en todos los niveles del sistema de salud\u201d, recalca.<br><strong>Alfabetizaci\u00f3n digital: el verdadero punto de inflexi\u00f3n.<\/strong><\/h2>\n\n\n\n<p>Una barrera cr\u00edtica que enfrenta Bolivia es la<strong>&nbsp;brecha generacional y el analfabetismo digital.<\/strong>&nbsp;Mientras que millennials y centennials en formaci\u00f3n m\u00e9dica integran naturalmente la tecnolog\u00eda en su pr\u00e1ctica profesional, muchos de sus pacientes no saben siquiera c\u00f3mo usar una app o leer un informe digital.<\/p>\n\n\n\n<p>\u201cEl tema de la alfabetizaci\u00f3n digital va desde que las personas aprendan a usar estas herramientas, convivan con ellas, pero tambi\u00e9n a ense\u00f1arles el porqu\u00e9 es importante\u201d, explica Butr\u00f3n. No se trata solo de introducir tecnolog\u00eda, sino de construir una cultura digital en salud que sea comprensible y amigable para todos los sectores sociales.<\/p>\n\n\n\n<h2 class=\"wp-block-heading\"><strong>Liderar para innovar, innovar para incluir<\/strong><\/h2>\n\n\n\n<p>La transformaci\u00f3n digital, seg\u00fan la visi\u00f3n del experto internacional, no es un objetivo t\u00e9cnico, sino un&nbsp;<strong>compromiso \u00e9tico<\/strong>. Requiere liderazgo, innovaci\u00f3n y sensibilidad social. No se trata solo de modernizar quir\u00f3fanos o implementar inteligencia artificial. Se trata de&nbsp;<strong>construir un sistema de salud m\u00e1s humano<\/strong>, m\u00e1s accesible y m\u00e1s justo.<\/p>\n\n\n\n<blockquote class=\"wp-block-quote is-layout-flow wp-block-quote-is-layout-flow\">\n<p>\u201cCuando hablamos de liderazgo en innovaci\u00f3n, no solo es llevar una tecnolog\u00eda. Tambi\u00e9n es explicar cu\u00e1les son las ventajas, comunicar, ense\u00f1ar, construir confianza\u201d, resume el profesional m\u00e9dico.<\/p>\n<\/blockquote>\n\n\n\n<p>Bolivia se encuentra ante una oportunidad \u00fanica. En un contexto de redefiniciones sociales y pol\u00edticas, la transformaci\u00f3n digital en salud puede ser el camino para cerrar brechas hist\u00f3ricas y acercar la salud a todos. Pero para que eso ocurra, debemos recordar la premisa fundamental que gu\u00eda este proceso:<strong>&nbsp;el paciente debe estar en el centro.<\/strong><\/p>\n\n\n\n<p>\u201cEl propio paciente es parte de su soluci\u00f3n. El profesional no puede hacer nada si el paciente no forma parte del proceso. Por eso debemos trabajar juntos, con empat\u00eda, tecnolog\u00eda y compromiso\u201d, concluye Edgar Butr\u00f3n Ledezma.<\/p>","protected":false},"excerpt":{"rendered":"<p>La transformaci\u00f3n digital en salud dej\u00f3 de ser un lujo para convertirse en una necesidad urgente. No se trata s\u00f3lo de implementar tecnolog\u00eda, sino de repensar todos los procesos vinculados a la atenci\u00f3n, el cuidado y el bienestar integral de las personas.<\/p>","protected":false},"author":45,"featured_media":704745,"comment_status":"open","ping_status":"open","sticky":false,"template":"","format":"standard","meta":{"_acf_changed":false,"footnotes":""},"categories":[60],"tags":[],"class_list":["post-704744","post","type-post","status-publish","format-standard","has-post-thumbnail","hentry","category-blog"],"acf":[],"_links":{"self":[{"href":"https:\/\/unifranz.edu.bo\/pt\/wp-json\/wp\/v2\/posts\/704744","targetHints":{"allow":["GET"]}}],"collection":[{"href":"https:\/\/unifranz.edu.bo\/pt\/wp-json\/wp\/v2\/posts"}],"about":[{"href":"https:\/\/unifranz.edu.bo\/pt\/wp-json\/wp\/v2\/types\/post"}],"author":[{"embeddable":true,"href":"https:\/\/unifranz.edu.bo\/pt\/wp-json\/wp\/v2\/users\/45"}],"replies":[{"embeddable":true,"href":"https:\/\/unifranz.edu.bo\/pt\/wp-json\/wp\/v2\/comments?post=704744"}],"version-history":[{"count":2,"href":"https:\/\/unifranz.edu.bo\/pt\/wp-json\/wp\/v2\/posts\/704744\/revisions"}],"predecessor-version":[{"id":704747,"href":"https:\/\/unifranz.edu.bo\/pt\/wp-json\/wp\/v2\/posts\/704744\/revisions\/704747"}],"wp:featuredmedia":[{"embeddable":true,"href":"https:\/\/unifranz.edu.bo\/pt\/wp-json\/wp\/v2\/media\/704745"}],"wp:attachment":[{"href":"https:\/\/unifranz.edu.bo\/pt\/wp-json\/wp\/v2\/media?parent=704744"}],"wp:term":[{"taxonomy":"category","embeddable":true,"href":"https:\/\/unifranz.edu.bo\/pt\/wp-json\/wp\/v2\/categories?post=704744"},{"taxonomy":"post_tag","embeddable":true,"href":"https:\/\/unifranz.edu.bo\/pt\/wp-json\/wp\/v2\/tags?post=704744"}],"curies":[{"name":"wp","href":"https:\/\/api.w.org\/{rel}","templated":true}]}}