{"id":704639,"date":"2025-05-04T00:16:53","date_gmt":"2025-05-04T04:16:53","guid":{"rendered":"https:\/\/unifranz.edu.bo\/?p=704639"},"modified":"2025-05-05T17:51:55","modified_gmt":"2025-05-05T21:51:55","slug":"32-anos-de-transformacion-educativa-con-innovacion-y-proposito","status":"publish","type":"post","link":"https:\/\/unifranz.edu.bo\/pt\/blog\/32-anos-de-transformacion-educativa-con-innovacion-y-proposito\/","title":{"rendered":"32 a\u00f1os de transformaci\u00f3n educativa con innovaci\u00f3n y prop\u00f3sito"},"content":{"rendered":"<p>Los ojos se le nublan de recuerdos. Mientras habla, Carmen \u00c1greda se ve a s\u00ed misma acomodando las cortinas de la reci\u00e9n creada Universidad Franz Tamayo en La Paz, el martes 4 de mayo de 1993. Pasaron 32 a\u00f1os y la Universidad ha apostado por una transformaci\u00f3n que combina la innovaci\u00f3n con el compromiso humano, consolid\u00e1ndose como una de las instituciones educativas m\u00e1s influyentes del pa\u00eds.<\/p>\n\n\n\n<p>Ubicada en la calle Abd\u00f3n Saavedra, en Sopocachi, Unifranz abri\u00f3 sus puertas con una visi\u00f3n audaz para la \u00e9poca: reinventar la educaci\u00f3n superior en Bolivia. Carmen, una de sus primeras trabajadoras, recuerda c\u00f3mo por la ma\u00f1ana lleg\u00f3 la resoluci\u00f3n ministerial de funcionamiento y en la tarde ya estaban instalando el mobiliario. Desde entonces, m\u00e1s de tres d\u00e9cadas a\u00f1os han pasado en un suspiro. \u201cEs mi vida misma\u201d, dice con emoci\u00f3n.<\/p>\n\n\n\n<p>Unifranz naci\u00f3 como un sue\u00f1o impulsado por la familia \u00c1greda entre 1990 y 1993. La instituci\u00f3n que lleva el nombre del pensador boliviano Franz Tamayo ha evolucionado en todos los sentidos: desde su infraestructura hasta su modelo educativo, que hoy est\u00e1 centrado en la innovaci\u00f3n y la transformaci\u00f3n de la educaci\u00f3n en Bolivia.<\/p>\n\n\n\n<p><strong>De la memoria al cambio: evoluci\u00f3n que transforma<\/strong><\/p>\n\n\n\n<p>Carmen trabaj\u00f3 y vivi\u00f3 en carne propia la metamorfosis de la instituci\u00f3n. De unos cuantos ambientes, Unifranz pas\u00f3 a tener modernas, con proyecciones de expansi\u00f3n y tecnolog\u00eda de punta al servicio de los estudiantes.<\/p>\n\n\n\n<p>\u201cLa Universidad Franz Tamayo naci\u00f3 de un sue\u00f1o que compartimos con mi esposa (Celsa Nogales) y que vino despu\u00e9s de una reflexi\u00f3n de la vida que est\u00e1bamos pasando en ese momento en Bolivia. Ten\u00edamos dos opciones: ser espectadores o protagonistas. Decidimos por la econom\u00eda del conocimiento\u201d, inform\u00f3 Abel \u00c1greda, fundador de Unifranz.<\/p>\n\n\n\n<p>La educaci\u00f3n ya no es la misma. Hoy, estudiantes y docentes est\u00e1n inmersos en un entorno digital y globalizado. La historia de Carmen se cruza con recuerdos de antiguos alumnos que ahora son profesionales exitosos, muchos de ellos formados en carreras con enfoque innovador, como Medicina, Odontolog\u00eda o Ingenier\u00eda de Sistemas.<\/p>\n\n\n\n<p>Carmen hurga un poco en su memoria y rememora algunos nombres de los primeros estudiantes de la Universidad.<\/p>\n\n\n\n<blockquote class=\"wp-block-quote is-layout-flow wp-block-quote-is-layout-flow\">\n<p>\u201cLos recuerdo muy jovencitos a los alumnos, pero cuando los veo en la calle ya no los reconozco. S\u00ed, por el nombre s\u00ed me acuerdo; pero todos hemos cambiado con los a\u00f1os\u201d, afirma Carmen frente a su computadora. <\/p>\n<\/blockquote>\n\n\n\n<p>Con el tiempo muchas cosas han cambiado, hoy la sede La Paz de Unifranz est\u00e1 en la intersecci\u00f3n de las calles Landaeta y H\u00e9roes del Acre y adem\u00e1s tiene oficinas y cursos en un predio vecino; pero tambi\u00e9n hay un terreno que pronto ser\u00e1 construido para la comunidad universitaria. S\u00ed, la Universidad ha cambiado.<\/p>\n\n\n\n<p>Por su parte, los fundadores de esta Casa de Estudios Superiores, Abel \u00c1greda y Celsa Nogales, aseguraron que seguir\u00e1n dando muchas m\u00e1s satisfacciones al pa\u00eds, porque \u201cun pa\u00eds sin educaci\u00f3n est\u00e1 predestinado a estar en la postergaci\u00f3n. Ello porque la educaci\u00f3n no transforma un pa\u00eds sino transforma a los hombres que van a transformar el pa\u00eds y el mundo\u201d.<\/p>\n\n\n\n<p>Algunos cambios son casi irreversibles, Carmen recuerda que un d\u00eda fue al m\u00e9dico y no reconoci\u00f3 al galeno que estuvo frente suyo; \u00e9l era parte de Unifranz y le entreg\u00f3 un abrazo inolvidable cuando volvi\u00f3 a verla.<\/p>\n\n\n\n<p>Despu\u00e9s de recorrer por algunos recuerdos, la administrativa hace una afirmaci\u00f3n que ha madurado con los a\u00f1os: \u201cUnifranz ha sido mi primer trabajo y mi \u00fanico trabajo\u201d.<\/p>\n\n\n\n<figure class=\"wp-block-gallery has-nested-images columns-default is-cropped wp-block-gallery-1 is-layout-flex wp-block-gallery-is-layout-flex\">\n<figure class=\"wp-block-image size-large\"><img loading=\"lazy\" decoding=\"async\" width=\"1024\" height=\"529\" data-id=\"704673\" src=\"https:\/\/unifranz.edu.bo\/wp-content\/uploads\/2025\/05\/Colaboradoras-Unifranz-1024x529.jpg\" alt=\"\" class=\"wp-image-704673\" srcset=\"https:\/\/unifranz.edu.bo\/wp-content\/uploads\/2025\/05\/Colaboradoras-Unifranz-1024x529.jpg 1024w, https:\/\/unifranz.edu.bo\/wp-content\/uploads\/2025\/05\/Colaboradoras-Unifranz-300x155.jpg 300w, https:\/\/unifranz.edu.bo\/wp-content\/uploads\/2025\/05\/Colaboradoras-Unifranz-768x397.jpg 768w, https:\/\/unifranz.edu.bo\/wp-content\/uploads\/2025\/05\/Colaboradoras-Unifranz-18x9.jpg 18w, https:\/\/unifranz.edu.bo\/wp-content\/uploads\/2025\/05\/Colaboradoras-Unifranz.jpg 1200w\" sizes=\"auto, (max-width: 1024px) 100vw, 1024px\" \/><figcaption class=\"wp-element-caption\">#image_title<\/figcaption><\/figure>\n<\/figure>\n\n\n\n<p><strong>Compromiso y resiliencia: los motores de la innovaci\u00f3n<\/strong><\/p>\n\n\n\n<p>Ana Quisbert Blanco tambi\u00e9n recuerda c\u00f3mo Unifranz se consolid\u00f3 con esfuerzo. Desde su ingreso en 1997, ha sido parte de los momentos m\u00e1s desafiantes de la universidad, incluyendo la expansi\u00f3n a El Alto, Santa Cruz y Cochabamba. Uno de los momentos m\u00e1s cr\u00edticos fue cuando incendiaron la sede cruce\u00f1a en 2003, pero la comunidad universitaria respondi\u00f3 unida, marchando en defensa del derecho a educar.<\/p>\n\n\n\n<p>Ese compromiso se traduce hoy en un ecosistema universitario que, apuesta por la transformaci\u00f3n digital, metodolog\u00edas activas y una cultura institucional centrada en el bienestar y el futuro.<\/p>\n\n\n\n<p>Luego de La Paz, en 1993, nacieron las sedes de El Alto, Santa Cruz y Cochabamba. Cada una de ellas con su propia historia. Eran tiempos en los que Unifranz necesitaba el compromiso de su gente.<\/p>\n\n\n\n<p>Ana recuerda que luego del incendio en la sede Santa Cruz, en la ciudad de La Paz se organizaron marchas para pedir justicia y evitar avasallamientos en tierra cruce\u00f1a. \u201c\u00c9ramos pocos, pero marchamos por el Prado en se\u00f1al de protesta por lo que nos hab\u00edan hecho\u201d, rememora. Al final la Justicia fall\u00f3 a favor de Unifranz y aquel evento qued\u00f3 en una dolorosa an\u00e9cdota.<\/p>\n\n\n\n<p>Amor con amor se paga y en Unifranz la lealtad se paga con cari\u00f1o. Ana recuerda cuando sus jefaturas le llevaron una torta cuando le reasignaron sus labores. Y tambi\u00e9n se emocion\u00f3 cuando dos estudiantes de Derecho fueron donde ella y le obsequiaron una cadena y un anillo de oro. Ella no quer\u00eda recibir el obsequio; pero al final lo hizo. \u201c\u2018Le queremos regalar con mucho cari\u00f1o\u2019, me dijeron y yo les respond\u00ed \u2018lo \u00fanico que hago es hacer mi trabajo\u201d, indica.<\/p>\n\n\n\n<p>Cuando trabajaba en la Unidad de Admisi\u00f3n, Control y Registro Acad\u00e9mico (Arca) naci\u00f3 en Ana una cualidad.<\/p>\n\n\n\n<blockquote class=\"wp-block-quote is-layout-flow wp-block-quote-is-layout-flow\">\n<p>\u201cYo los conoc\u00ed&nbsp;a los estudiantes&nbsp;de memoria, por apellido.&nbsp;De memoria sab\u00eda qui\u00e9nes eran, preparaba sus documentos y les ayudaba a hacer sus pendientes\u201d, dice Ana, la mujer que tiene una base de datos repleta de nostalgia.<\/p>\n<\/blockquote>\n\n\n\n<p><strong>De la m\u00e1quina de escribir a la inteligencia artificial<\/strong><\/p>\n\n\n\n<p>Carola Centellas Ortiz, \u201cCarito\u201d para todos, fue testigo de otra gran revoluci\u00f3n: la tecnol\u00f3gica. Ingres\u00f3 en 1998, cuando los documentos se redactaban en m\u00e1quina de escribir el\u00e9ctrica. Hoy, domina el uso de la inteligencia artificial para optimizar procesos acad\u00e9micos. \u201cHe aprendido a aprender. Antes solo usaba el celular para llamar; ahora es mi herramienta de trabajo\u201d, dice mientras muestra con destreza su computadora.<\/p>\n\n\n\n<p>Carola encarna el esp\u00edritu innovador de Unifranz: adaptarse, crecer y liderar el cambio. \u201cAntes \u00e9ramos unos 30 administrativos, todo ha cambiado ahora que somos m\u00e1s\u201d, afirma.<\/p>\n\n\n\n<p>Durante la pandemia, la universidad no detuvo su marcha. Implement\u00f3 clases virtuales y fortaleci\u00f3 las competencias digitales de toda su comunidad. \u201cSiempre damos un poco m\u00e1s. No es obligaci\u00f3n, es vocaci\u00f3n\u201d, dice Carola con una sonrisa adorn\u00e1ndole el rostro.<\/p>\n\n\n\n<p>Su memoria se inunda de im\u00e1genes, recuerda que en el pasado los administrativos inventaban todo lo posible por ayudar a los estudiantes. \u201cAntes hac\u00edamos todo a mano y pensar que ahora apretamos una tecla y nos sale todo un reporte\u201d, explica. Hoy son casi 20.000 estudiantes y unos 1.500 docentes quienes est\u00e1n involucrados con la educaci\u00f3n.<\/p>\n\n\n\n<p>El compromiso con Unifranz nunca falt\u00f3. Los problemas sociales pod\u00edan paralizar el pa\u00eds; sin embargo, los docentes y los administrativos no faltaban a clases.<\/p>\n\n\n\n<p>\u201cNosotros no faltamos porque hay un compromiso con el trabajo, adem\u00e1s hay cari\u00f1o por lo que uno hace y eso es importante. Cuando podemos dar un poquito m\u00e1s, lo damos.&nbsp;Tenemos un horario, pero muchas veces nos quedamos m\u00e1s all\u00e1 del horario y no hay quejas porque amamos lo que hacemos\u201d, a\u00f1ade.<\/p>\n\n\n\n<p>Durante m\u00e1s de tres d\u00e9cadas, \u201cCarito\u201d ha visto crecer a muchas generaciones en Unifranz y eso la llena de orgullo. <\/p>\n\n\n\n<blockquote class=\"wp-block-quote is-layout-flow wp-block-quote-is-layout-flow\">\n<p>\u201cTengo la satisfacci\u00f3n de verlos profesionales y trabajando. Incluso tenemos a estudiantes de Medicina que se han especializado en Estados Unidos y que han vuelto para trabajar como docentes nuestros\u201d, refiere Carola.&nbsp;<\/p>\n<\/blockquote>\n\n\n\n<figure class=\"wp-block-video\"><video height=\"1080\" style=\"aspect-ratio: 1920 \/ 1080;\" width=\"1920\" controls src=\"https:\/\/unifranz.edu.bo\/wp-content\/uploads\/2025\/05\/VIDEO-32-ANOS.mp4\"><\/video><\/figure>\n\n\n\n<p><strong>Aprender haciendo, innovar para trascender<\/strong><\/p>\n\n\n\n<p>Carmen, Ana y Carola son tres pilares humanos de esta historia de innovaci\u00f3n educativa. A lo largo de estas tres d\u00e9cadas, Unifranz ha crecido con una visi\u00f3n clara: preparar profesionales con competencias globales, habilidades tecnol\u00f3gicas y sentido humano.<\/p>\n\n\n\n<p>El modelo educativo \u201cAprende haciendo\u201d impulsa a los estudiantes a aplicar la teor\u00eda en contextos reales. Los laboratorios modernos, el t\u00edtulo con alcance internacional y la formaci\u00f3n en idiomas son parte del ecosistema que conecta a Unifranz con las necesidades del siglo XXI.<\/p>\n\n\n\n<p>Hoy, la universidad es reconocida como uno de los mejores lugares para trabajar en Bolivia. Pero m\u00e1s all\u00e1 de los reconocimientos, lo que define a Unifranz es su capacidad de reinventarse continuamente, con la innovaci\u00f3n como br\u00fajula y las personas como motor.<\/p>\n\n\n\n<p>\u201cDe ac\u00e1 al futuro s\u00f3lo nos queda seguir creciendo\u201d, dice Carmen, la mujer que ha dedicado su vida a la Universidad que no deja de transformarse.<\/p>","protected":false},"excerpt":{"rendered":"<p>Unifranz cumple 32 a\u00f1os transformando la educaci\u00f3n en Bolivia con innovaci\u00f3n, compromiso humano y una visi\u00f3n centrada en el futuro.<\/p>","protected":false},"author":44,"featured_media":704641,"comment_status":"open","ping_status":"open","sticky":false,"template":"","format":"standard","meta":{"_acf_changed":false,"footnotes":""},"categories":[60],"tags":[10972,1182,53,334,1422,41,49,218,1618,242],"class_list":["post-704639","post","type-post","status-publish","format-standard","has-post-thumbnail","hentry","category-blog","tag-32-anos","tag-aniversario","tag-educacion","tag-futuro","tag-innovacion-en-educacion","tag-la-paz","tag-medicina","tag-tecnologia","tag-transformacion-de-la-educacion","tag-unifranz"],"acf":[],"_links":{"self":[{"href":"https:\/\/unifranz.edu.bo\/pt\/wp-json\/wp\/v2\/posts\/704639","targetHints":{"allow":["GET"]}}],"collection":[{"href":"https:\/\/unifranz.edu.bo\/pt\/wp-json\/wp\/v2\/posts"}],"about":[{"href":"https:\/\/unifranz.edu.bo\/pt\/wp-json\/wp\/v2\/types\/post"}],"author":[{"embeddable":true,"href":"https:\/\/unifranz.edu.bo\/pt\/wp-json\/wp\/v2\/users\/44"}],"replies":[{"embeddable":true,"href":"https:\/\/unifranz.edu.bo\/pt\/wp-json\/wp\/v2\/comments?post=704639"}],"version-history":[{"count":8,"href":"https:\/\/unifranz.edu.bo\/pt\/wp-json\/wp\/v2\/posts\/704639\/revisions"}],"predecessor-version":[{"id":704674,"href":"https:\/\/unifranz.edu.bo\/pt\/wp-json\/wp\/v2\/posts\/704639\/revisions\/704674"}],"wp:featuredmedia":[{"embeddable":true,"href":"https:\/\/unifranz.edu.bo\/pt\/wp-json\/wp\/v2\/media\/704641"}],"wp:attachment":[{"href":"https:\/\/unifranz.edu.bo\/pt\/wp-json\/wp\/v2\/media?parent=704639"}],"wp:term":[{"taxonomy":"category","embeddable":true,"href":"https:\/\/unifranz.edu.bo\/pt\/wp-json\/wp\/v2\/categories?post=704639"},{"taxonomy":"post_tag","embeddable":true,"href":"https:\/\/unifranz.edu.bo\/pt\/wp-json\/wp\/v2\/tags?post=704639"}],"curies":[{"name":"wp","href":"https:\/\/api.w.org\/{rel}","templated":true}]}}