{"id":704350,"date":"2025-04-23T14:48:25","date_gmt":"2025-04-23T18:48:25","guid":{"rendered":"https:\/\/unifranz.edu.bo\/?p=704350"},"modified":"2025-04-23T17:48:57","modified_gmt":"2025-04-23T21:48:57","slug":"como-combatir-la-distraccion-digital-en-jovenes-y-adultos","status":"publish","type":"post","link":"https:\/\/unifranz.edu.bo\/pt\/blog\/como-combatir-la-distraccion-digital-en-jovenes-y-adultos\/","title":{"rendered":"C\u00f3mo combatir la distracci\u00f3n digital en j\u00f3venes y adultos"},"content":{"rendered":"<p>En una \u00e9poca en la que una simple notificaci\u00f3n puede interrumpir una clase, una reuni\u00f3n o incluso una conversaci\u00f3n cara a cara, la distracci\u00f3n digital se ha convertido en un desaf\u00edo silencioso pero constante. Los tel\u00e9fonos inteligentes y las redes sociales, aunque \u00fatiles, est\u00e1n reconfigurando nuestros h\u00e1bitos de atenci\u00f3n, concentraci\u00f3n y productividad.<\/p>\n\n\n\n<p>Carlos de la Barra, docente de la carrera de Psicolog\u00eda de la Universidad Franz Tamayo, Unifranz, advierte que cada vez que revisamos el celular durante una tarea importante, no solo estamos perdiendo tiempo, sino que estamos entrenando a nuestro cerebro a distraerse con mayor facilidad.<\/p>\n\n\n\n<blockquote class=\"wp-block-quote is-layout-flow wp-block-quote-is-layout-flow\">\n<p>\u201cEl cerebro puede tardar entre 5 a 20 minutos en recuperar el nivel de concentraci\u00f3n perdido por una interrupci\u00f3n digital, lo que tiene efectos acumulativos en la memoria, el aprendizaje y el bienestar mental\u201d, puntualiza.&nbsp;<\/p>\n<\/blockquote>\n\n\n\n<h2 class=\"wp-block-heading\" id=\"h-la-trampa-de-la-dopamina-adiccion-a-las-redes-sociales\"><strong>La trampa de la dopamina: \u00bfAdicci\u00f3n a las redes sociales?<\/strong><\/h2>\n\n\n\n<p>Aunque no todos los expertos coinciden en catalogar el uso excesivo de redes sociales como una adicci\u00f3n formal, el fen\u00f3meno tiene caracter\u00edsticas preocupantes.&nbsp;<\/p>\n\n\n\n<p>\u201cM\u00e1s que adicci\u00f3n, hablamos de un uso problem\u00e1tico de redes sociales\u201d, aclara De la Barra. \u201cCada \u2018me gusta\u2019, cada mensaje recibido activa la dopamina, generando una sensaci\u00f3n de recompensa inmediata que el cerebro quiere repetir una y otra vez\u201d.<\/p>\n\n\n\n<p>Este circuito de gratificaci\u00f3n instant\u00e1nea es particularmente poderoso en adolescentes y j\u00f3venes adultos, quienes, en etapa de construcci\u00f3n de identidad, pueden volverse emocionalmente dependientes de la validaci\u00f3n digital.&nbsp;<\/p>\n\n\n\n<p>\u201cCuando se interrumpe el acceso al contenido, aparece la ansiedad, la irritabilidad y una sensaci\u00f3n de vac\u00edo\u201d, explica.<\/p>\n\n\n\n<h2 class=\"wp-block-heading\" id=\"h-impacto-en-el-estudio-y-el-trabajo\"><strong>Impacto en el estudio y el trabajo<\/strong><\/h2>\n\n\n\n<p>Las consecuencias de esta distracci\u00f3n digital se sienten especialmente en dos entornos clave: el acad\u00e9mico y el laboral.&nbsp;<\/p>\n\n\n\n<p>En el \u00e1mbito educativo, el uso constante del celular interfiere con el procesamiento profundo de la informaci\u00f3n, debilitando la memoria de trabajo y fomentando la multitarea, una pr\u00e1ctica que, lejos de ser eficiente, fragmenta la atenci\u00f3n.<\/p>\n\n\n\n<p>\u201cLa multitarea digital no es sin\u00f3nimo de eficacia\u201d, asegura De la Barra, \u201cporque realizar varias tareas al mismo tiempo genera una ilusi\u00f3n de productividad, pero en realidad reduce la calidad del aprendizaje y del desempe\u00f1o\u201d.&nbsp;<\/p>\n\n\n\n<p>Lo mismo ocurre en las oficinas, donde los trabajadores revisan sus tel\u00e9fonos en promedio cada 10 minutos, lo que contribuye a una ca\u00edda significativa en la productividad y un aumento del estr\u00e9s laboral.<\/p>\n\n\n\n<h2 class=\"wp-block-heading\" id=\"h-como-combatir-la-distraccion-digital-nbsp\"><strong>\u00bfC\u00f3mo combatir la distracci\u00f3n digital?&nbsp;<\/strong><\/h2>\n\n\n\n<p>Superar la distracci\u00f3n digital no implica renunciar a la tecnolog\u00eda, sino aprender a usarla con consciencia y l\u00edmites saludables. Carlos de la Barra sugiere cinco estrategias pr\u00e1cticas y respaldadas por la psicolog\u00eda:<\/p>\n\n\n\n<ol class=\"wp-block-list\">\n<li><strong>Establecer horarios y espacios sin pantallas<\/strong><\/li>\n<\/ol>\n\n\n\n<p>\u201cEs clave tener rutinas donde el celular est\u00e9 fuera del alcance, especialmente durante el estudio, reuniones o antes de dormir\u201d, indica el psic\u00f3logo. Esto ayuda al cerebro a adaptarse a momentos de enfoque profundo sin interrupciones.<\/p>\n\n\n\n<ol start=\"2\" class=\"wp-block-list\">\n<li><strong>Aplicar el m\u00e9todo Pomodoro<\/strong><\/li>\n<\/ol>\n\n\n\n<p>Trabajar en bloques de 25 minutos seguidos de 5 minutos de descanso puede mejorar la concentraci\u00f3n. \u201cDurante estos intervalos, el uso del celular debe estar completamente restringido\u201d, recomienda el experto.<\/p>\n\n\n\n<ol start=\"3\" class=\"wp-block-list\">\n<li><strong>Silenciar notificaciones innecesarias<\/strong><\/li>\n<\/ol>\n\n\n\n<p>La sobrecarga de alertas puede ser una fuente continua de interrupciones. \u201cSolo deber\u00edamos recibir notificaciones verdaderamente urgentes. Las dem\u00e1s son ruido mental\u201d, se\u00f1ala.<\/p>\n\n\n\n<ol start=\"4\" class=\"wp-block-list\">\n<li><strong>Practicar el uso consciente de la tecnolog\u00eda<\/strong><\/li>\n<\/ol>\n\n\n\n<p>Antes de abrir una app o red social, debemos preguntarnos: \u201c\u00bfPara qu\u00e9 lo necesito ahora?\u201d Es una forma de autorregulaci\u00f3n efectiva. \u201cEste simple ejercicio puede prevenir el uso impulsivo y autom\u00e1tico del celular\u201d, afirma el experto.<\/p>\n\n\n\n<ol start=\"5\" class=\"wp-block-list\">\n<li><strong>Sustituir el h\u00e1bito digital por actividades significativas<\/strong><\/li>\n<\/ol>\n\n\n\n<p>Fomentar la lectura, la actividad f\u00edsica o los hobbies creativos permite desarrollar concentraci\u00f3n sostenida y reducir la dependencia de la estimulaci\u00f3n digital. \u201cEl ocio saludable es un gran aliado para combatir la hiperconectividad\u201d, puntualiza.<\/p>\n\n\n\n<h2 class=\"wp-block-heading\" id=\"h-la-clave-esta-en-la-autorregulacion\"><strong>La clave est\u00e1 en la autorregulaci\u00f3n<\/strong><\/h2>\n\n\n\n<p>Lejos de demonizar la tecnolog\u00eda, los especialistas apuntan a la necesidad de formar h\u00e1bitos conscientes y saludables en torno al uso digital.&nbsp;<\/p>\n\n\n\n<p>\u201cLa tecnolog\u00eda no es el enemigo, pero s\u00ed lo es su uso sin control\u201d, subraya De la Barra. En este contexto, la educaci\u00f3n emocional y la autorregulaci\u00f3n se convierten en herramientas clave para recuperar la capacidad de estar presentes y enfocados.<\/p>\n\n\n\n<p>En palabras del psic\u00f3logo, necesitamos reaprender a relacionarnos cara a cara, a estar con nosotros mismos sin el celular como compa\u00f1\u00eda constante. Eso es fundamental para nuestro bienestar mental y social en esta era digital.<\/p>\n\n\n\n<p>Adem\u00e1s, el especialista destaca la importancia de pedir ayuda si el problema se vuelve dif\u00edcil de manejar. \u201cSi una persona siente que ya no puede controlar su uso de redes sociales o del tel\u00e9fono, buscar ayuda profesional es una decisi\u00f3n sensata y necesaria\u201d, manifiesta el psic\u00f3logo.<\/p>\n\n\n\n<p>Combatir la distracci\u00f3n digital es una responsabilidad compartida entre individuos, familias, instituciones educativas y empresas. Fomentar ambientes libres de pantallas, promover el descanso digital y educar en competencias digitales \u00e9ticas y conscientes son pasos fundamentales para crear una relaci\u00f3n m\u00e1s sana con la tecnolog\u00eda.<\/p>\n\n\n\n<p>Carlos de la Barra resume el esp\u00edritu de esta transformaci\u00f3n: \u201cRecuperar el control sobre nuestra atenci\u00f3n es recuperar tambi\u00e9n nuestra calidad de vida\u201d. En un mundo hiperconectado, eso puede marcar toda la diferencia.<\/p>","protected":false},"excerpt":{"rendered":"<p>En una \u00e9poca en la que una simple notificaci\u00f3n puede interrumpir una clase, una reuni\u00f3n o incluso una conversaci\u00f3n cara a cara, la distracci\u00f3n digital se ha convertido en un desaf\u00edo silencioso pero constante. Los tel\u00e9fonos inteligentes y las redes sociales, aunque \u00fatiles, est\u00e1n reconfigurando nuestros h\u00e1bitos de atenci\u00f3n, concentraci\u00f3n y productividad.<\/p>","protected":false},"author":49,"featured_media":704366,"comment_status":"open","ping_status":"open","sticky":false,"template":"","format":"standard","meta":{"_acf_changed":false,"footnotes":""},"categories":[60,1686],"tags":[53,1422,240,218,242],"class_list":["post-704350","post","type-post","status-publish","format-standard","has-post-thumbnail","hentry","category-blog","category-tecnologia","tag-educacion","tag-innovacion-en-educacion","tag-psicologia","tag-tecnologia","tag-unifranz"],"acf":[],"_links":{"self":[{"href":"https:\/\/unifranz.edu.bo\/pt\/wp-json\/wp\/v2\/posts\/704350","targetHints":{"allow":["GET"]}}],"collection":[{"href":"https:\/\/unifranz.edu.bo\/pt\/wp-json\/wp\/v2\/posts"}],"about":[{"href":"https:\/\/unifranz.edu.bo\/pt\/wp-json\/wp\/v2\/types\/post"}],"author":[{"embeddable":true,"href":"https:\/\/unifranz.edu.bo\/pt\/wp-json\/wp\/v2\/users\/49"}],"replies":[{"embeddable":true,"href":"https:\/\/unifranz.edu.bo\/pt\/wp-json\/wp\/v2\/comments?post=704350"}],"version-history":[{"count":1,"href":"https:\/\/unifranz.edu.bo\/pt\/wp-json\/wp\/v2\/posts\/704350\/revisions"}],"predecessor-version":[{"id":704351,"href":"https:\/\/unifranz.edu.bo\/pt\/wp-json\/wp\/v2\/posts\/704350\/revisions\/704351"}],"wp:featuredmedia":[{"embeddable":true,"href":"https:\/\/unifranz.edu.bo\/pt\/wp-json\/wp\/v2\/media\/704366"}],"wp:attachment":[{"href":"https:\/\/unifranz.edu.bo\/pt\/wp-json\/wp\/v2\/media?parent=704350"}],"wp:term":[{"taxonomy":"category","embeddable":true,"href":"https:\/\/unifranz.edu.bo\/pt\/wp-json\/wp\/v2\/categories?post=704350"},{"taxonomy":"post_tag","embeddable":true,"href":"https:\/\/unifranz.edu.bo\/pt\/wp-json\/wp\/v2\/tags?post=704350"}],"curies":[{"name":"wp","href":"https:\/\/api.w.org\/{rel}","templated":true}]}}