{"id":704213,"date":"2025-04-16T17:22:07","date_gmt":"2025-04-16T21:22:07","guid":{"rendered":"https:\/\/unifranz.edu.bo\/?p=704213"},"modified":"2025-04-16T18:00:40","modified_gmt":"2025-04-16T22:00:40","slug":"tu-identidad-en-riesgo-por-que-evitar-entregar-datos-faciales-a-la-inteligencia-artificial","status":"publish","type":"post","link":"https:\/\/unifranz.edu.bo\/pt\/blog\/tu-identidad-en-riesgo-por-que-evitar-entregar-datos-faciales-a-la-inteligencia-artificial\/","title":{"rendered":"Tu identidad en riesgo, por qu\u00e9 evitar entregar datos faciales a la inteligencia artificial"},"content":{"rendered":"<p>En este tiempo, donde la inteligencia artificial ha cobrado bastante popularidad para generar contenido, y m\u00e1s a\u00fan con la generaci\u00f3n de im\u00e1genes o videos a partir de fotos de las personas, donde cada gesto puede ser interpretado y cada rostro analizado. Entregar nuestros datos faciales parece una acci\u00f3n inofensiva. Pero detr\u00e1s del reconocimiento facial hay una amenaza creciente: la p\u00e9rdida total de nuestra privacidad y el uso indebido de nuestra identidad.<\/p>\n\n\n\n<p>Alvaro Coronel, docente de la carrera de Ingenier\u00eda de Sistemas de la Universidad Franz Tamayo (Unifranz), explica que la tecnolog\u00eda promete avances en seguridad y eficiencia, sin embargo, los riesgos para la privacidad son innegables y est\u00e1n presentes.<\/p>\n\n\n\n<p>\u201cCompartir datos de reconocimiento facial con aplicaciones o sistemas de IA conlleva varios riesgos de privacidad importantes, p\u00e9rdida de privacidad, los datos biom\u00e9tricos, como las im\u00e1genes faciales, son \u00fanicos e inmutables\u201d, sostiene Coronel.<\/p>\n\n\n\n<p>En los \u00faltimos a\u00f1os, el reconocimiento facial se ha instalado y popularizado como una medida de personalizaci\u00f3n de identidad. Desde desbloquear tel\u00e9fonos hasta pasar controles migratorios, esta tecnolog\u00eda avanza con rapidez. Lo que parec\u00eda ciencia ficci\u00f3n, hoy es una rutina para muchas personas.<\/p>\n\n\n\n<p>Pero esa comodidad tiene un costo. Cada vez que entregamos nuestra imagen a una app, sistema de seguridad o red social que usa inteligencia artificial, estamos cediendo mucho m\u00e1s que una foto. Estamos entregando un mapa biom\u00e9trico \u00fanico e irrepetible: nuestro rostro.<\/p>\n\n\n\n<p>\u201cLa falta de conciencia y la normalizaci\u00f3n de la vigilancia ha creado un caldo de cultivo donde las personas, sin plena comprensi\u00f3n de las implicaciones, ceden su informaci\u00f3n biom\u00e9trica m\u00e1s \u00edntima (incluyen huellas digitales, reconocimiento facial, iris, voz y firma din\u00e1mica). Esta cesi\u00f3n, a menudo impulsada por la b\u00fasqueda de gratificaci\u00f3n instant\u00e1nea en redes sociales o la simplificaci\u00f3n de tareas cotidianas, despoja a los individuos de su control sobre un aspecto fundamental: su identidad\u201d, destaca Coronel.<\/p>\n\n\n\n<p>D\u00edas atr\u00e1s se registr\u00f3 una ola de im\u00e1genes con estilo del estudio Ghibli que inundaron las redes sociales. De la misma manera, recientemente apareci\u00f3 otra ola de im\u00e1genes en redes sociales, pero en esta oportunidad con estilo de mu\u00f1eco de acci\u00f3n en caja y accesorios.&nbsp;<\/p>\n\n\n\n<p>El procedimiento para la generaci\u00f3n de imagen es a trav\u00e9s de un prompt (o instrucci\u00f3n para la Inteligencia Artificial) que incluye especificaciones referenciales para generar la imagen, adem\u00e1s de la imagen referencial de la persona, en espec\u00edfico del rostro de la persona. El proceso suele no demorar m\u00e1s de diez minutos.<\/p>\n\n\n\n<p>Esta simple acci\u00f3n de compartir y entregar datos faciales a la IA, o aplicaciones, comprende diferentes riesgos como:<\/p>\n\n\n\n<ul class=\"wp-block-list\">\n<li>Privacidad y vigilancia masiva. Los datos faciales pueden integrarse en sistemas de monitoreo constante, reduciendo el anonimato. Por ejemplo, el 50% de los adultos estadounidenses est\u00e1n en bases de datos policiales sin consentimiento.<\/li>\n\n\n\n<li>Sesgos algor\u00edtmicos. Los algoritmos sesgados generan errores que afectan desproporcionadamente a mujeres, personas de color y no binarias, como se vio en el caso de Porcha Woodruff (Mujer arrestada por error, tras ser identificada por la tecnolog\u00eda de reconocimiento facial).<\/li>\n\n\n\n<li>Ciberseguridad. Las bases de datos faciales son objetivos de hackers, y los rostros no pueden cambiarse, como ocurri\u00f3 con Clearview AI (empresa estadounidense de reconocimiento facial).<\/li>\n\n\n\n<li>Falta de regulaci\u00f3n. La ausencia de leyes espec\u00edficas que permite el uso indiscriminado de la informaci\u00f3n.<\/li>\n\n\n\n<li>Uso no consentido. Los datos recopilados en aplicaciones, IA o de redes sociales pueden usarse para fines no divulgados.<\/li>\n<\/ul>\n\n\n\n<p>\u201cDesde el sistema cibern\u00e9tico tambi\u00e9n se presenta una serie de vicisitudes, pues la norma boliviana en lo que se refiere a los delitos inform\u00e1ticos es una norma antigua por lo menos en 22 a\u00f1os\u201d, asegura Coronel.<\/p>\n\n\n\n<p>Por otro lado, los datos de reconocimiento facial pueden ser utilizados con fines de control social. En pa\u00edses donde la libertad de expresi\u00f3n est\u00e1 restringida, se han documentado casos de vigilancia masiva a trav\u00e9s de c\u00e1maras con IA para identificar manifestantes o disidentes pol\u00edticos. Lo que comenz\u00f3 como una herramienta de seguridad puede convertirse f\u00e1cilmente en un mecanismo de represi\u00f3n.<\/p>\n\n\n\n<p>En 2021, Serbia implement\u00f3 un sistema de reconocimiento facial en Belgrado, lo que llev\u00f3 a protestas de grupos de derechos humanos que denunciaron su uso para identificar y hostigar a manifestantes.<\/p>\n\n\n\n<p>\u201cEs crucial que se establezcan salvaguardias robustas, que incluyan transparencia, consentimiento informado y l\u00edmites estrictos en la recopilaci\u00f3n y el uso de datos faciales, para evitar un futuro en el que la privacidad individual se vea comprometida en aras de la conveniencia o la seguridad\u201d, enfatiza el acad\u00e9mico.<\/p>\n\n\n\n<p>En suma, no se trata de rechazar toda tecnolog\u00eda emergente, solo de conocer las reglas y los l\u00edmites \u00e9ticos claros antes de entregar datos importantes como el del rostro, el cual no deber\u00eda ser una condici\u00f3n para acceder a servicios digitales.<\/p>\n\n\n\n<p>En este tiempo donde la inteligencia artificial avanza sin freno, proteger la identidad facial es m\u00e1s urgente que nunca. Porque el rostro es m\u00e1s que una imagen, es una parte esencial de la identidad.<\/p>","protected":false},"excerpt":{"rendered":"<p>En este tiempo, donde la inteligencia artificial ha cobrado bastante popularidad para generar contenido, y m\u00e1s a\u00fan con la generaci\u00f3n de im\u00e1genes o videos a partir de fotos de las personas, donde cada gesto puede ser interpretado y cada rostro analizado. Entregar nuestros datos faciales parece una acci\u00f3n inofensiva. Pero detr\u00e1s del reconocimiento facial hay una amenaza creciente: la p\u00e9rdida total de nuestra privacidad y el uso indebido de nuestra identidad.<\/p>","protected":false},"author":51,"featured_media":704230,"comment_status":"open","ping_status":"open","sticky":false,"template":"","format":"standard","meta":{"_acf_changed":false,"footnotes":""},"categories":[60,2250],"tags":[10896,10493,1422,218,242],"class_list":["post-704213","post","type-post","status-publish","format-standard","has-post-thumbnail","hentry","category-blog","category-ingenieria-de-sistemas","tag-datos-faciales","tag-ingenieri-en-sistemas","tag-innovacion-en-educacion","tag-tecnologia","tag-unifranz"],"acf":[],"_links":{"self":[{"href":"https:\/\/unifranz.edu.bo\/pt\/wp-json\/wp\/v2\/posts\/704213","targetHints":{"allow":["GET"]}}],"collection":[{"href":"https:\/\/unifranz.edu.bo\/pt\/wp-json\/wp\/v2\/posts"}],"about":[{"href":"https:\/\/unifranz.edu.bo\/pt\/wp-json\/wp\/v2\/types\/post"}],"author":[{"embeddable":true,"href":"https:\/\/unifranz.edu.bo\/pt\/wp-json\/wp\/v2\/users\/51"}],"replies":[{"embeddable":true,"href":"https:\/\/unifranz.edu.bo\/pt\/wp-json\/wp\/v2\/comments?post=704213"}],"version-history":[{"count":1,"href":"https:\/\/unifranz.edu.bo\/pt\/wp-json\/wp\/v2\/posts\/704213\/revisions"}],"predecessor-version":[{"id":704214,"href":"https:\/\/unifranz.edu.bo\/pt\/wp-json\/wp\/v2\/posts\/704213\/revisions\/704214"}],"wp:featuredmedia":[{"embeddable":true,"href":"https:\/\/unifranz.edu.bo\/pt\/wp-json\/wp\/v2\/media\/704230"}],"wp:attachment":[{"href":"https:\/\/unifranz.edu.bo\/pt\/wp-json\/wp\/v2\/media?parent=704213"}],"wp:term":[{"taxonomy":"category","embeddable":true,"href":"https:\/\/unifranz.edu.bo\/pt\/wp-json\/wp\/v2\/categories?post=704213"},{"taxonomy":"post_tag","embeddable":true,"href":"https:\/\/unifranz.edu.bo\/pt\/wp-json\/wp\/v2\/tags?post=704213"}],"curies":[{"name":"wp","href":"https:\/\/api.w.org\/{rel}","templated":true}]}}