{"id":704195,"date":"2025-04-16T09:52:34","date_gmt":"2025-04-16T13:52:34","guid":{"rendered":"https:\/\/unifranz.edu.bo\/?p=704195"},"modified":"2025-04-16T11:24:36","modified_gmt":"2025-04-16T15:24:36","slug":"emprender-en-bolivia-una-forma-de-vida-liderada-por-jovenes","status":"publish","type":"post","link":"https:\/\/unifranz.edu.bo\/pt\/blog\/emprender-en-bolivia-una-forma-de-vida-liderada-por-jovenes\/","title":{"rendered":"Emprender en Bolivia: una forma de vida liderada por j\u00f3venes"},"content":{"rendered":"<p>En Bolivia, emprender es m\u00e1s que una alternativa laboral: es una forma de vida. Seg\u00fan datos del Instituto Nacional de Estad\u00edstica (INE), el 54,1% de la Poblaci\u00f3n Econ\u00f3micamente Activa (PEA) se considera emprendedora, lo que evidencia una clara tendencia de la poblaci\u00f3n a generar sus propias oportunidades ante un mercado laboral que no siempre garantiza empleos formales.<\/p>\n\n\n\n<p>Este esp\u00edritu emprendedor se manifiesta con fuerza en sectores como el comercio, la gastronom\u00eda, la manufactura textil y las artesan\u00edas. Si bien toda la poblaci\u00f3n boliviana participa activamente en este \u00e1mbito, son los j\u00f3venes quienes hoy destacan por su impulso, creatividad y determinaci\u00f3n para crear sus propios negocios.<\/p>\n\n\n\n<p>Erick V\u00eda, director de la carrera de Administraci\u00f3n de Empresas en la Universidad Franz Tamayo, Unifranz La Paz, afirma que desde la universidad se fomenta este talento juvenil mediante diversas iniciativas enfocadas en formar a los l\u00edderes empresariales del futuro. \u201cEn general, la poblaci\u00f3n boliviana tiene una fuerte vocaci\u00f3n emprendedora. Sin embargo, en los \u00faltimos a\u00f1os, los j\u00f3venes han demostrado un entusiasmo notable por emprender\u201d, sostiene.<\/p>\n\n\n\n<p>Por su parte, Carlos Molina, director de Ingenier\u00eda Comercial de la misma universidad, coincide con esta visi\u00f3n.<\/p>\n\n\n\n<blockquote class=\"wp-block-quote is-layout-flow wp-block-quote-is-layout-flow\">\n<p>\u201cEl boliviano es naturalmente emprendedor. Siempre est\u00e1 buscando c\u00f3mo generar ingresos y tiene esa chispa, ese deseo constante de crear algo propio\u201d, explica Molina.<\/p>\n<\/blockquote>\n\n\n\n<p>En Unifranz La Paz, se\u00f1ala Molina, el enfoque est\u00e1 en motivar y acompa\u00f1ar a los estudiantes que deciden emprender. \u201cNuestra propuesta educativa basada en el modelo de &#8216;Aprender Haciendo&#8217; impulsa al estudiante a crear su propia empresa. Bolivia necesita profesionales que no solo busquen empleo, sino que lo generen, que apuesten por el crecimiento del pa\u00eds y se conviertan en protagonistas de ese cambio\u201d, a\u00f1ade.<\/p>\n\n\n\n<p>Cada 16 de abril se celebra el D\u00eda Mundial del Emprendimiento, una jornada destinada a promover el esp\u00edritu emprendedor y la innovaci\u00f3n. Para quienes est\u00e9n dispuestos a seguir este camino, el director Erick V\u00eda ofrece cinco recomendaciones clave para empezar con buen pie:<\/p>\n\n\n\n<p><strong>Desarrolla habilidades duras y blandas<\/strong><\/p>\n\n\n\n<p>El conocimiento t\u00e9cnico (administraci\u00f3n, marketing, finanzas, entre otros) es indispensable, pero tambi\u00e9n lo son las habilidades blandas como el liderazgo, la comunicaci\u00f3n y la empat\u00eda. Un buen emprendedor no solo gestiona, tambi\u00e9n inspira.<\/p>\n\n\n\n<p><strong>Aprovecha el impulso acad\u00e9mico<\/strong><\/p>\n\n\n\n<p>Carreras como Administraci\u00f3n de Empresas o Ingenier\u00eda Comercial brindan recursos, espacios y programas pensados para fomentar el emprendimiento. Participar en estas iniciativas puede marcar una gran diferencia.<\/p>\n\n\n\n<p><strong>Participa en concursos y ferias<\/strong><\/p>\n\n\n\n<p>Eventos como el EmprendeFest, organizado por Unifranz, no solo incentivan la generaci\u00f3n de ideas, sino que tambi\u00e9n ofrecen visibilidad, redes de contacto y formaci\u00f3n pr\u00e1ctica. No temas competir: tu proyecto puede crecer m\u00e1s de lo que imaginas.<\/p>\n\n\n\n<p><strong>No esperes la idea perfecta<\/strong><\/p>\n\n\n\n<p>Muchos se paralizan esperando el \u201cmomento ideal\u201d. Lo importante es comenzar con lo que tienes, aprender sobre la marcha y adaptarte a los cambios. Emprender es tambi\u00e9n asumir riesgos.<\/p>\n\n\n\n<p><strong>No temas al fracaso<\/strong><\/p>\n\n\n\n<p>Emprender implica errores, tropiezos y reinvenciones. Cada ca\u00edda puede transformarse en una valiosa lecci\u00f3n si se la afronta con resiliencia y una visi\u00f3n a largo plazo.<\/p>\n\n\n\n<p>A nivel global, el informe del Global Entrepreneurship Monitor (GEM) indica que existen m\u00e1s de 580 millones de emprendedores en el mundo. El estudio, realizado en 65 pa\u00edses, refleja la reactivaci\u00f3n del esp\u00edritu empresarial tras la pandemia del COVID-19.<\/p>\n\n\n\n<p>Entre sus hallazgos m\u00e1s relevantes, se se\u00f1ala que aproximadamente el 43% de quienes emprenden son mujeres, lo que evidencia un crecimiento sostenido en la participaci\u00f3n femenina dentro del ecosistema emprendedor.<\/p>\n\n\n\n<p><\/p>","protected":false},"excerpt":{"rendered":"<p>Bolivia impulsa el emprendimiento: el pa\u00eds ve a j\u00f3venes liderar sectores como gastronom\u00eda, comercio, textil y artesan\u00edas.<\/p>","protected":false},"author":44,"featured_media":704196,"comment_status":"open","ping_status":"open","sticky":false,"template":"","format":"standard","meta":{"_acf_changed":false,"footnotes":""},"categories":[60],"tags":[198,3462,53,8230,386,1422,164,41,218,242],"class_list":["post-704195","post","type-post","status-publish","format-standard","has-post-thumbnail","hentry","category-blog","tag-administracion-de-empresas","tag-comercio","tag-educacion","tag-emprender","tag-estudiantes","tag-innovacion-en-educacion","tag-jovenes","tag-la-paz","tag-tecnologia","tag-unifranz"],"acf":[],"_links":{"self":[{"href":"https:\/\/unifranz.edu.bo\/pt\/wp-json\/wp\/v2\/posts\/704195","targetHints":{"allow":["GET"]}}],"collection":[{"href":"https:\/\/unifranz.edu.bo\/pt\/wp-json\/wp\/v2\/posts"}],"about":[{"href":"https:\/\/unifranz.edu.bo\/pt\/wp-json\/wp\/v2\/types\/post"}],"author":[{"embeddable":true,"href":"https:\/\/unifranz.edu.bo\/pt\/wp-json\/wp\/v2\/users\/44"}],"replies":[{"embeddable":true,"href":"https:\/\/unifranz.edu.bo\/pt\/wp-json\/wp\/v2\/comments?post=704195"}],"version-history":[{"count":6,"href":"https:\/\/unifranz.edu.bo\/pt\/wp-json\/wp\/v2\/posts\/704195\/revisions"}],"predecessor-version":[{"id":704205,"href":"https:\/\/unifranz.edu.bo\/pt\/wp-json\/wp\/v2\/posts\/704195\/revisions\/704205"}],"wp:featuredmedia":[{"embeddable":true,"href":"https:\/\/unifranz.edu.bo\/pt\/wp-json\/wp\/v2\/media\/704196"}],"wp:attachment":[{"href":"https:\/\/unifranz.edu.bo\/pt\/wp-json\/wp\/v2\/media?parent=704195"}],"wp:term":[{"taxonomy":"category","embeddable":true,"href":"https:\/\/unifranz.edu.bo\/pt\/wp-json\/wp\/v2\/categories?post=704195"},{"taxonomy":"post_tag","embeddable":true,"href":"https:\/\/unifranz.edu.bo\/pt\/wp-json\/wp\/v2\/tags?post=704195"}],"curies":[{"name":"wp","href":"https:\/\/api.w.org\/{rel}","templated":true}]}}