{"id":704172,"date":"2025-04-15T15:26:38","date_gmt":"2025-04-15T19:26:38","guid":{"rendered":"https:\/\/unifranz.edu.bo\/?p=704172"},"modified":"2025-04-15T15:26:40","modified_gmt":"2025-04-15T19:26:40","slug":"tips-clave-para-padres-como-identificar-y-tratar-la-varicela-en-casa","status":"publish","type":"post","link":"https:\/\/unifranz.edu.bo\/pt\/blog\/tips-clave-para-padres-como-identificar-y-tratar-la-varicela-en-casa\/","title":{"rendered":"Tips clave para padres: c\u00f3mo identificar y tratar la varicela en casa"},"content":{"rendered":"<p>La varicela es una enfermedad infecciosa altamente contagiosa que afecta principalmente a ni\u00f1os, aunque tambi\u00e9n puede presentarse en adultos no inmunizados. Esta enfermedad se caracteriza por la aparici\u00f3n de una erupci\u00f3n cut\u00e1nea acompa\u00f1ada de fiebre y otros s\u00edntomas. Aunque la varicela generalmente es benigna, en algunos casos puede presentar complicaciones, especialmente en personas con sistemas inmunitarios debilitados. Por eso es importante c\u00f3mo identificarla y c\u00f3mo tratarla de manera adecuada.<\/p>\n\n\n\n<p>Wendy V\u00e1squez, experta en infectolog\u00eda y docente de la carrera de Medicina de la universidad Franz Tamayo, Unifranz, sostiene que esta enfermedad tiene un periodo de incubaci\u00f3n de 14 a 16 d\u00edas seg\u00fan el contacto con la persona positiva.<\/p>\n\n\n\n<p>\u201cLa varicela es un virus. Es una enfermedad exantem\u00e1tica (lesi\u00f3n visible en la piel) infantil contagiosa, que est\u00e1 causada por un ente que se llama el virus de varicela z\u00f3ster. Esta se va a caracterizar por un exantema macular, ves\u00edculo y castroso generalizado. Esto en ocasiones va a acompa\u00f1ar a una degradaci\u00f3n de la piel\u201d, explica V\u00e1squez.<\/p>\n\n\n\n<p>Los s\u00edntomas iniciales de la varicela suelen aparecer a m\u00e1s de 10&nbsp; d\u00edas despu\u00e9s de la exposici\u00f3n al virus. El primer indicio com\u00fan es un cuadro de fiebre, que puede ser acompa\u00f1ado de malestar general, dolor de cabeza y fatiga. La fiebre suele ser moderada, pero en algunos casos puede ser m\u00e1s alta. Despu\u00e9s de un par de d\u00edas, comienza a aparecer una erupci\u00f3n cut\u00e1nea, que es el signo caracter\u00edstico de la enfermedad.<\/p>\n\n\n\n<p>La erupci\u00f3n de la varicela comienza como peque\u00f1as manchas rojas que r\u00e1pidamente se convierten en ampollas llenas de l\u00edquido. Estas ampollas pueden aparecer en cualquier parte del cuerpo, pero suelen empezar en el tronco y la cara. A medida que avanza la enfermedad, las lesiones se extienden a otras \u00e1reas, como los brazos y las piernas. Con el tiempo, las ampollas se rompen, forman costras y finalmente desaparecen.<\/p>\n\n\n\n<p>Es fundamental poder diferenciar la varicela de otras enfermedades con s\u00edntomas similares, como el sarampi\u00f3n. A diferencia de otras erupciones, la de la varicela tiene una distribuci\u00f3n caracter\u00edstica: comienza en el tronco y la cara, y las ampollas aparecen en diferentes etapas de desarrollo al mismo tiempo. Adem\u00e1s, a diferencia de otras enfermedades virales, la varicela no suele acompa\u00f1arse de manchas blancas en la boca.<\/p>\n\n\n\n<p>\u201cSe propaga especialmente en los ni\u00f1os que est\u00e1n en hacinamiento como los albergues, los ni\u00f1os que viven en hogares. Es un punto importante de&nbsp; contagio.&nbsp; Para evitar la propagaci\u00f3n de la varicela, especialmente en los hogares, se deben tomar muchas medidas de exigencia\u201d, destaca la especialista.<\/p>\n\n\n\n<p>Esta afecci\u00f3n se transmite a trav\u00e9s de las gotas de saliva cuando una persona infectada tose, estornuda o habla. Tambi\u00e9n es posible transmitir el virus por contacto directo con las ampollas de la erupci\u00f3n. Es importante que las personas con varicela permanezcan en aislamiento hasta que todas las lesiones se hayan secado y formado costras, lo que suele ocurrir alrededor de una semana despu\u00e9s de la aparici\u00f3n de las ampollas.<\/p>\n\n\n\n<p>En los \u00faltimos d\u00edas se registraron ocho casos de varicela en la ciudad de El Alto, los ni\u00f1os afectados pertenecen a una unidad educativa del lugar. Max Enr\u00edquez, viceministro de Promoci\u00f3n y Vigilancia Epidemiol\u00f3gica, ante los casos afectados inform\u00f3 sobre la activaci\u00f3n del control epidemiol\u00f3gico.&nbsp;<\/p>\n\n\n\n<p>En La Paz, desde enero a la fecha, el Servicio Departamental de Salud (Sedes) report\u00f3 622 diagn\u00f3sticos de esta afecci\u00f3n. \u201cCasos de varicela en el departamento de La Paz, que abarca 87 municipios y m\u00e1s de 970 comunidades, con 622 pacientes diagnosticados\u201d, confirm\u00f3 Javier Mamani, jefe de la Unidad de Epidemiolog\u00eda e Investigaci\u00f3n de Sedes La Paz.<\/p>\n\n\n\n<p>De la misma manera,&nbsp; en Cochabamba, se registraron 96 infectados por varicela, igualmente ni\u00f1os de un rango etario entre cuatro y doce a\u00f1os. Al respecto, Rub\u00e9n Castillo, epidemi\u00f3logo de Sedes Cochabamba, dijo: \u201cEsta \u00faltima semana, tuvimos 96 casos de varicela, incrementando de 30 a 40% comparando con la semana anterior\u201d, sostuvo el epidemi\u00f3logo.<\/p>\n\n\n\n<p>\u201cComo experiencia, mayormente los ni\u00f1os que vienen de guarder\u00edas son los que est\u00e1n m\u00e1s propensos a esto, y realmente el cuidado que se deber\u00eda llevar en esos lugares pues es de poco cuidado. El tratamiento sintom\u00e1tico antivirales que se pueden tomar de momento como el aciclovir para la fiebre, para el dolor: ibuprofeno, son antiinflamatorios\u201d, recomienda Vasquez.<\/p>\n\n\n\n<p>Aunque la varicela generalmente se resuelve por s\u00ed sola, el tratamiento est\u00e1 enfocado en aliviar los s\u00edntomas y prevenir complicaciones. Otra opci\u00f3n para controlar la fiebre, es recomendable el uso de paracetamol (acetaminof\u00e9n), ya que el ibuprofeno puede estar relacionado con riesgos mayores en algunos casos de varicela.&nbsp;<\/p>\n\n\n\n<p>Uno de los s\u00edntomas m\u00e1s molestos de la varicela es la picaz\u00f3n que causa la erupci\u00f3n cut\u00e1nea. Para aliviar la incomodidad, los ba\u00f1os de avena pueden ser muy \u00fatiles. Estos ba\u00f1os calman la piel irritada y reducen la inflamaci\u00f3n.&nbsp;<\/p>\n\n\n\n<p>La fiebre y las erupciones pueden hacer que los ni\u00f1os y adultos con varicela se sientan m\u00e1s inc\u00f3modos, y la deshidrataci\u00f3n puede ser un riesgo si no se toman las precauciones adecuadas. Es fundamental asegurarse de que la persona afectada beba suficientes l\u00edquidos, como agua, jugos naturales y caldos. Evitar bebidas azucaradas o con cafe\u00edna, que pueden empeorar la deshidrataci\u00f3n.<\/p>\n\n\n\n<p>Aunque la mayor\u00eda de las personas se recuperan de la varicela sin complicaciones, en algunos casos pueden surgir problemas graves como infecciones bacterianas secundarias en la piel, neumon\u00eda o encefalitis (inflamaci\u00f3n del cerebro). Si el ni\u00f1o o adulto presenta dificultad para respirar, fiebre muy alta, somnolencia excesiva, o si las lesiones en la piel se infectan (por ejemplo, aparecen rojas, calientes o con pus), es esencial buscar atenci\u00f3n m\u00e9dica inmediata.<\/p>\n\n\n\n<p>\u201cLas complicaciones que tenemos ac\u00e1 en Bolivia, es cuando el ni\u00f1o est\u00e1 latente con el virus, sin embargo, se puede co-infectar. \u00bfQu\u00e9 quiere decir eso? Es una sobreinfecci\u00f3n que puede llevar en las lesiones d\u00e9rmicas que tienen. El rascado de las u\u00f1as contaminadas con bacterias puede llevar a infecciones que puedan terminar en otra contaminaci\u00f3n y requieran un tratamiento otra vez de estricto manejo\u201d, explica V\u00e1squez.<\/p>\n\n\n\n<p>Cuando un ni\u00f1o o adulto est\u00e1 infectado con varicela, el aislamiento es clave para evitar la propagaci\u00f3n del virus a otros. Durante el curso de la enfermedad, se recomienda que la persona afectada se quede en casa y evite ir a la escuela, el trabajo o lugares p\u00fablicos. Adem\u00e1s, se debe evitar compartir objetos personales como toallas, ropa o utensilios de comida para reducir el riesgo de contagio.<\/p>\n\n\n\n<p>\u201cLa varicela tiene tratamiento, y lo m\u00e1s aconsejable que se puede hacer es el aislamiento del paciente. Este aislamiento se sugiere que sea siete d\u00edas a partir de la fiebre para que se eviten los contagio\u201d, explica la experta en infectolog\u00eda.<\/p>\n\n\n\n<p>Es as\u00ed que el proceso de recuperaci\u00f3n de la varicela suele durar entre 7 y 10 d\u00edas. Las erupciones se secan y forman costras al final de la primera semana, y la fiebre generalmente desaparece en los primeros d\u00edas. En algunos casos, los ni\u00f1os pueden sentirse fatigados o un poco irritables durante algunos d\u00edas despu\u00e9s de que las lesiones se hayan curado, pero la mayor\u00eda de los pacientes se recuperan por completo sin secuelas.<\/p>\n\n\n\n<p>La varicela es una enfermedad com\u00fan pero que requiere atenci\u00f3n y cuidados adecuados para evitar complicaciones. La identificaci\u00f3n temprana de los s\u00edntomas y el tratamiento oportuno son esenciales para garantizar una recuperaci\u00f3n r\u00e1pida y sin riesgos. Si bien la varicela es una enfermedad en su mayor\u00eda leve, siempre es recomendable consultar a un m\u00e9dico para recibir orientaci\u00f3n sobre el tratamiento adecuado y las mejores opciones de manejo de los s\u00edntomas.<\/p>","protected":false},"excerpt":{"rendered":"<p>La varicela es una enfermedad infecciosa altamente contagiosa que afecta principalmente a ni\u00f1os, aunque tambi\u00e9n puede presentarse en adultos no inmunizados. Esta enfermedad se caracteriza por la aparici\u00f3n de una erupci\u00f3n cut\u00e1nea acompa\u00f1ada de fiebre y otros s\u00edntomas.<\/p>","protected":false},"author":51,"featured_media":704173,"comment_status":"open","ping_status":"open","sticky":false,"template":"","format":"standard","meta":{"_acf_changed":false,"footnotes":""},"categories":[60,2484],"tags":[1422,49,3082,242,9162],"class_list":["post-704172","post","type-post","status-publish","format-standard","has-post-thumbnail","hentry","category-blog","category-medicina-es-2","tag-innovacion-en-educacion","tag-medicina","tag-padres","tag-unifranz","tag-varicela"],"acf":[],"_links":{"self":[{"href":"https:\/\/unifranz.edu.bo\/pt\/wp-json\/wp\/v2\/posts\/704172","targetHints":{"allow":["GET"]}}],"collection":[{"href":"https:\/\/unifranz.edu.bo\/pt\/wp-json\/wp\/v2\/posts"}],"about":[{"href":"https:\/\/unifranz.edu.bo\/pt\/wp-json\/wp\/v2\/types\/post"}],"author":[{"embeddable":true,"href":"https:\/\/unifranz.edu.bo\/pt\/wp-json\/wp\/v2\/users\/51"}],"replies":[{"embeddable":true,"href":"https:\/\/unifranz.edu.bo\/pt\/wp-json\/wp\/v2\/comments?post=704172"}],"version-history":[{"count":1,"href":"https:\/\/unifranz.edu.bo\/pt\/wp-json\/wp\/v2\/posts\/704172\/revisions"}],"predecessor-version":[{"id":704174,"href":"https:\/\/unifranz.edu.bo\/pt\/wp-json\/wp\/v2\/posts\/704172\/revisions\/704174"}],"wp:featuredmedia":[{"embeddable":true,"href":"https:\/\/unifranz.edu.bo\/pt\/wp-json\/wp\/v2\/media\/704173"}],"wp:attachment":[{"href":"https:\/\/unifranz.edu.bo\/pt\/wp-json\/wp\/v2\/media?parent=704172"}],"wp:term":[{"taxonomy":"category","embeddable":true,"href":"https:\/\/unifranz.edu.bo\/pt\/wp-json\/wp\/v2\/categories?post=704172"},{"taxonomy":"post_tag","embeddable":true,"href":"https:\/\/unifranz.edu.bo\/pt\/wp-json\/wp\/v2\/tags?post=704172"}],"curies":[{"name":"wp","href":"https:\/\/api.w.org\/{rel}","templated":true}]}}