{"id":704138,"date":"2025-04-14T17:22:17","date_gmt":"2025-04-14T21:22:17","guid":{"rendered":"https:\/\/unifranz.edu.bo\/?p=704138"},"modified":"2025-04-15T11:20:45","modified_gmt":"2025-04-15T15:20:45","slug":"adolescencia-la-serie-de-netflix-que-expone-el-lado-mas-oscuro-del-movimiento-incel","status":"publish","type":"post","link":"https:\/\/unifranz.edu.bo\/pt\/blog\/adolescencia-la-serie-de-netflix-que-expone-el-lado-mas-oscuro-del-movimiento-incel\/","title":{"rendered":"\u201cAdolescencia\u201d, la serie de Netflix que expone el lado m\u00e1s oscuro del movimiento incel"},"content":{"rendered":"<p><em>Adolescencia<\/em>, la exitosa serie brit\u00e1nica de Netflix que podr\u00eda volver con una segunda temporada, pone bajo la lupa una realidad tan inc\u00f3moda como urgente: la de adolescentes varones emocionalmente aislados, atrapados en comunidades digitales donde se normaliza el odio hacia las mujeres y se glorifica la violencia. Psic\u00f3logos y activistas advierten que este fen\u00f3meno ya no se limita al mundo virtual y se lo ve cada vez m\u00e1s en la vida real.<\/p>\n\n\n\n<p>En una era marcada por las redes sociales, donde la imagen lo es todo y los algoritmos moldean percepciones, surge un fen\u00f3meno inquietante: el movimiento <em>incel<\/em> (abreviatura de <em>involuntary celibate<\/em>, o c\u00e9libe involuntario), una subcultura que, desde los m\u00e1rgenes de internet, se ha convertido en un hervidero de machismo, resentimiento y frustraci\u00f3n.<\/p>\n\n\n\n<blockquote class=\"wp-block-quote is-layout-flow wp-block-quote-is-layout-flow\">\n<p>\u201cQuienes se identifican con este t\u00e9rmino afirman vivir sin relaciones sexuales ni afectivas, a pesar de desearlas\u201d, explica Mireya Cid\u00f3n, editora en Amnist\u00eda Internacional Espa\u00f1a, en su art\u00edculo <em>El movimiento incel: la peligrosa radicalizaci\u00f3n digital que fomenta el odio hacia las mujeres<\/em>. Lo que comenz\u00f3 como un foro emp\u00e1tico en los a\u00f1os 90 \u201cha derivado con el tiempo en una subcultura profundamente mis\u00f3gina y peligrosa\u201d.<\/p>\n<\/blockquote>\n\n\n\n<p>La activista en derechos humanos advierte que estos espacios virtuales se han convertido en lugares donde \u201cse alimenta el resentimiento, se naturaliza el odio y se legitima la violencia\u201d. No solo contra las mujeres, a quienes se culpa del malestar masculino, sino tambi\u00e9n hacia otros hombres que no comparten esta visi\u00f3n del mundo.&nbsp;<\/p>\n\n\n\n<p>\u201cSe crean h\u00e9roes tr\u00e1gicos, m\u00e1rtires de la \u2018injusticia sexual\u2019, y se fomenta una mentalidad agresiva contra una sociedad que, seg\u00fan ellos, les debe algo\u201d, a\u00f1ade.<\/p>\n\n\n\n<h2 class=\"wp-block-heading\" id=\"h-machismo-disfrazado-de-reivindicacion\"><strong>Machismo disfrazado de reivindicaci\u00f3n<\/strong><\/h2>\n\n\n\n<p>La serie <em>Adolescencia<\/em> pone el foco en el movimiento <em>incel<\/em>, visibilizando la manera en que el aislamiento emocional y la presi\u00f3n social sobre los j\u00f3venes varones puede detonar comportamientos peligrosos. Lejos de la ficci\u00f3n, lo que retrata la producci\u00f3n es una tendencia creciente que preocupa a expertos en salud mental, educaci\u00f3n y derechos humanos.<\/p>\n\n\n\n<p>Desde la mirada cl\u00ednica, Gilka Morales, docente de la carrera de Psicolog\u00eda en la Universidad Franz Tamayo, Unifranz, aclara que la serie no es simplemente una ficci\u00f3n \u00fatil para abordar estos temas, sino una ventana a una problem\u00e1tica real.&nbsp;<\/p>\n\n\n\n<blockquote class=\"wp-block-quote is-layout-flow wp-block-quote-is-layout-flow\">\n<p>\u201cLa generaci\u00f3n <em>incel<\/em> viene situ\u00e1ndose hace varios a\u00f1os en Europa, Estados Unidos y Canad\u00e1. Este nuevo grupo quiere recobrar la masculinidad del var\u00f3n en la sociedad frente a las nuevas tendencias de la ideolog\u00eda de g\u00e9nero\u201d, afirma.<\/p>\n<\/blockquote>\n\n\n\n<p>No obstante, Morales puntualiza que esta \u201creivindicaci\u00f3n\u201d se ha distorsionado, hacia un excesivo machismo y depreciaci\u00f3n del var\u00f3n a nivel est\u00e9tico y funcional, porque los <em>incel<\/em> sienten que no pueden ser amados y valorados f\u00edsicamente por los estereotipos de belleza y conducta.<\/p>\n\n\n\n<p>Este fen\u00f3meno tambi\u00e9n tiene ra\u00edces familiares, especialmente si hablamos de una \u201cherencia sentimental\u201d, se\u00f1ala la experta, pues \u201cel padre ense\u00f1a comportamientos de var\u00f3n machista\u201d, lo que puede perpetuar patrones nocivos en la adolescencia.<\/p>\n\n\n\n<figure class=\"wp-block-embed is-type-video is-provider-youtube wp-block-embed-youtube wp-embed-aspect-16-9 wp-has-aspect-ratio\"><div class=\"wp-block-embed__wrapper\">\n<iframe loading=\"lazy\" title=\"\u201cAdolescencia\u201d, la serie de Netflix que expone el lado m\u00e1s oscuro del movimiento incel\" width=\"500\" height=\"281\" src=\"https:\/\/www.youtube.com\/embed\/3ZLJOvafl2o?feature=oembed\" frameborder=\"0\" allow=\"accelerometer; autoplay; clipboard-write; encrypted-media; gyroscope; picture-in-picture; web-share\" referrerpolicy=\"strict-origin-when-cross-origin\" allowfullscreen><\/iframe>\n<\/div><\/figure>\n\n\n\n<h2 class=\"wp-block-heading\" id=\"h-trampa-digital\"><strong>Trampa digital<\/strong><\/h2>\n\n\n\n<p>Las redes sociales y los espacios digitales han sido clave para la consolidaci\u00f3n del movimiento <em>incel<\/em>. \u201cHan creado su propio entorno de comunicaci\u00f3n, reforzando a\u00fan m\u00e1s su situaci\u00f3n emocional y personal. La matriz digital los ha absorbido con simbolog\u00eda propia\u201d, explica Morales.<\/p>\n\n\n\n<p>Este refugio digital sustituye los v\u00ednculos reales. Seg\u00fan la profesional, para muchos j\u00f3venes, el internet es su consejero, amigo y la respuesta al sentido de la vida; y que los padres no han tomado su rol protag\u00f3nico en su crianza.&nbsp;<\/p>\n\n\n\n<p>El distanciamiento generacional, sumado a la falta de comunicaci\u00f3n con adultos y figuras de referencia, ha permitido que estos discursos de odio se instalen en la rutina emocional de los adolescentes.<\/p>\n\n\n\n<blockquote class=\"wp-block-quote is-layout-flow wp-block-quote-is-layout-flow\">\n<p>\u201cLas redes sociales te muestran un mundo irreal, ficticio, con vivencias felices, pr\u00f3speras y alucinantes. En el fondo, son fantas\u00eda, perfecci\u00f3n y antivalores. \u00bfSe imaginan el impacto en ni\u00f1os y j\u00f3venes que est\u00e1n en plena formaci\u00f3n personal, emocional y mental?\u201d, reflexiona.<\/p>\n<\/blockquote>\n\n\n\n<h2 class=\"wp-block-heading\" id=\"h-terapia-psicologica-como-respuesta\"><strong>Terapia psicol\u00f3gica como respuesta<\/strong><\/h2>\n\n\n\n<p>Ante este escenario complejo, la psicolog\u00eda se convierte en una herramienta fundamental para prevenir y atender las consecuencias del machismo digital y el aislamiento emocional juvenil. Liudmila Loayza, directora de la carrera de Psicolog\u00eda en Unifranz, se\u00f1ala que es importante crear una cultura de asistir al psic\u00f3logo como se asiste al m\u00e9dico o al odont\u00f3logo.<\/p>\n\n\n\n<p>La terapia, explica Loayza, \u201ces un proceso de autoconocimiento que permite descubrir el origen de esquemas irracionales de pensamiento que nos hacen sufrir\u201d.&nbsp;<\/p>\n\n\n\n<p>Muchas de las ideas que sostienen el discurso <em>incel,<\/em> como la victimizaci\u00f3n masculina, la culpa hacia las mujeres o el odio al sistema, provienen de aprendizajes err\u00f3neos, muchas veces no cuestionados.<\/p>\n\n\n\n<p>\u201cEn la adolescencia, que es una etapa de formaci\u00f3n de la identidad, un profesional en psicolog\u00eda va a ayudar al adolescente a descubrirse a s\u00ed mismo, crear un proyecto de vida y equilibrar lo biol\u00f3gico, lo emocional, lo social y lo espiritual\u201d, afirma Loayza.<\/p>\n\n\n\n<p>Adem\u00e1s de resignificar pensamientos da\u00f1inos, la terapia ense\u00f1a a gestionar emociones y reconocer patrones de comportamiento.&nbsp;<\/p>\n\n\n\n<blockquote class=\"wp-block-quote is-layout-flow wp-block-quote-is-layout-flow\">\n<p>\u201cNos ayuda a ver c\u00f3mo los pensamientos provocan ciertas emociones, o viceversa. Y en base a eso, se puede construir una forma m\u00e1s saludable de estar en el mundo\u201d, a\u00f1ade.<\/p>\n<\/blockquote>\n\n\n\n<p>La soluci\u00f3n, seg\u00fan las expertas, no est\u00e1 solo en el consultorio, sino tambi\u00e9n en el hogar, la escuela, los medios y las pol\u00edticas p\u00fablicas. \u201cCreo que es momento de tomar cartas en el asunto con campa\u00f1as de concientizaci\u00f3n y sensibilizaci\u00f3n para padres de familia. Un celular o laptop no educa a los hijos\u201d, afirma Morales.<\/p>\n\n\n\n<p>Cid\u00f3n, por su parte, insiste en que \u201cel movimiento <em>incel<\/em> ha trascendido las pantallas para convertirse en una amenaza real\u201d. Por eso, no se trata s\u00f3lo de comprender el fen\u00f3meno, sino de actuar para evitar que m\u00e1s j\u00f3venes caigan en la trampa del machismo digital.<em>Adolescencia<\/em>, m\u00e1s que una serie, es un espejo inc\u00f3modo que nos obliga a mirar el mundo emocional de los adolescentes varones con mayor profundidad. Nos recuerda que detr\u00e1s de cada discurso de odio hay historias de abandono, frustraci\u00f3n y silencio. Y que, como sociedad, tenemos la responsabilidad de abrir el di\u00e1logo, ofrecer alternativas y construir masculinidades m\u00e1s sanas, emp\u00e1ticas y humanas.<\/p>","protected":false},"excerpt":{"rendered":"<p>Adolescencia, la exitosa serie brit\u00e1nica de Netflix que podr\u00eda volver con una segunda temporada, pone bajo la lupa una realidad tan inc\u00f3moda como urgente: la de adolescentes varones emocionalmente aislados, atrapados en comunidades digitales donde se normaliza el odio hacia las mujeres y se glorifica la violencia. Psic\u00f3logos y activistas advierten que este fen\u00f3meno ya no se limita al mundo virtual y se lo ve cada vez m\u00e1s en la vida real.<\/p>","protected":false},"author":45,"featured_media":704143,"comment_status":"open","ping_status":"open","sticky":false,"template":"","format":"standard","meta":{"_acf_changed":false,"footnotes":""},"categories":[60],"tags":[],"class_list":["post-704138","post","type-post","status-publish","format-standard","has-post-thumbnail","hentry","category-blog"],"acf":[],"_links":{"self":[{"href":"https:\/\/unifranz.edu.bo\/pt\/wp-json\/wp\/v2\/posts\/704138","targetHints":{"allow":["GET"]}}],"collection":[{"href":"https:\/\/unifranz.edu.bo\/pt\/wp-json\/wp\/v2\/posts"}],"about":[{"href":"https:\/\/unifranz.edu.bo\/pt\/wp-json\/wp\/v2\/types\/post"}],"author":[{"embeddable":true,"href":"https:\/\/unifranz.edu.bo\/pt\/wp-json\/wp\/v2\/users\/45"}],"replies":[{"embeddable":true,"href":"https:\/\/unifranz.edu.bo\/pt\/wp-json\/wp\/v2\/comments?post=704138"}],"version-history":[{"count":2,"href":"https:\/\/unifranz.edu.bo\/pt\/wp-json\/wp\/v2\/posts\/704138\/revisions"}],"predecessor-version":[{"id":704145,"href":"https:\/\/unifranz.edu.bo\/pt\/wp-json\/wp\/v2\/posts\/704138\/revisions\/704145"}],"wp:featuredmedia":[{"embeddable":true,"href":"https:\/\/unifranz.edu.bo\/pt\/wp-json\/wp\/v2\/media\/704143"}],"wp:attachment":[{"href":"https:\/\/unifranz.edu.bo\/pt\/wp-json\/wp\/v2\/media?parent=704138"}],"wp:term":[{"taxonomy":"category","embeddable":true,"href":"https:\/\/unifranz.edu.bo\/pt\/wp-json\/wp\/v2\/categories?post=704138"},{"taxonomy":"post_tag","embeddable":true,"href":"https:\/\/unifranz.edu.bo\/pt\/wp-json\/wp\/v2\/tags?post=704138"}],"curies":[{"name":"wp","href":"https:\/\/api.w.org\/{rel}","templated":true}]}}