{"id":704074,"date":"2025-04-11T20:59:06","date_gmt":"2025-04-12T00:59:06","guid":{"rendered":"https:\/\/unifranz.edu.bo\/?p=704074"},"modified":"2025-04-11T23:30:03","modified_gmt":"2025-04-12T03:30:03","slug":"congreso-internacional-de-unifranz-define-una-nueva-hoja-de-ruta-en-salud-basada-en-etica-tecnologia-y-sostenibilidad","status":"publish","type":"post","link":"https:\/\/unifranz.edu.bo\/pt\/blog\/congreso-internacional-de-unifranz-define-una-nueva-hoja-de-ruta-en-salud-basada-en-etica-tecnologia-y-sostenibilidad\/","title":{"rendered":"Congreso internacional de Unifranz define una nueva hoja de ruta en salud basada en \u00e9tica, tecnolog\u00eda y sostenibilidad"},"content":{"rendered":"<p>Con un llamado a reimaginar los sistemas de salud bajo principios de equidad, sostenibilidad, innovaci\u00f3n y \u00e9tica, concluy\u00f3 el <em>IV Congreso Internacional en Salud: Innovaci\u00f3n y Sostenibilidad<\/em>, organizado por la Universidad Franz Tamayo, Unifranz, luego de dos d\u00edas intensos en los cuales expertos nacionales e internacionales compartieron sus conocimientos con cerca de 600 participantes que siguieron los paneles y conferencias magistrales.<\/p>\n\n\n\n<blockquote class=\"wp-block-quote is-layout-flow wp-block-quote-is-layout-flow\">\n<p>\u00abLa salud no es solo un campo profesional. Es un horizonte civilizatorio\u00bb, afirm\u00f3 Ver\u00f3nica \u00c1greda, rectora de Unifranz, quien se alinea a la hoja de ruta del encuentro, porque trasciende lo acad\u00e9mico y apunta a una transformaci\u00f3n estructural de la salud en el siglo XXI.<\/p>\n<\/blockquote>\n\n\n\n<p>Para la rectora, hablar de innovaci\u00f3n en salud implica m\u00e1s que avances cient\u00edficos. Es una cuesti\u00f3n de justicia, equidad, acceso y de calidad. \u201cEs hablar de un futuro en el que los avances cient\u00edficos no sean privilegio de unos pocos, sino derecho de todas y todos\u201d.<\/p>\n\n\n\n<p>En un mundo hiperconectado, donde la inteligencia artificial se posiciona como herramienta transversal, \u00c1greda remarc\u00f3 la importancia de la alfabetizaci\u00f3n digital que permita a todos los sectores de la sociedad \u2014especialmente a los profesionales de la salud\u2014 comprender, evaluar y aplicar estas tecnolog\u00edas con criterio y responsabilidad.&nbsp;<\/p>\n\n\n\n<p>\u00abLa transformaci\u00f3n digital ya es una realidad, pero la alfabetizaci\u00f3n digital marcar\u00e1 la diferencia\u00bb, sostuvo.<\/p>\n\n\n\n<p>La Inteligencia artificial y otras tecnolog\u00edas est\u00e1n transformando los sistemas de salud, con ejemplos como la historia cl\u00ednica electr\u00f3nica y la telesalud. Sin embargo, hay una necesidad de un uso \u00e9tico y regulado de estas tecnolog\u00edas para garantizar la seguridad y eficacia en la atenci\u00f3n al paciente.<\/p>\n\n\n\n<p>La rectora enfatiz\u00f3 que crear estos espacios es una necesidad y una gran responsabilidad, especialmente desde la academia.&nbsp;<\/p>\n\n\n\n<blockquote class=\"wp-block-quote is-layout-flow wp-block-quote-is-layout-flow\">\n<p>\u201cEn este caso, la universidad convoca a todos los actores, no solo a conferencistas internacionales y nacionales, sino tambi\u00e9n a quienes operan dentro de las diversas instancias, ya sea en el \u00e1mbito p\u00fablico o privado. Estos actores son quienes toman decisiones y dise\u00f1an pol\u00edticas\u201d.<\/p>\n\n\n\n<figure class=\"wp-block-embed is-type-video is-provider-youtube wp-block-embed-youtube wp-embed-aspect-16-9 wp-has-aspect-ratio\"><div class=\"wp-block-embed__wrapper\">\n<iframe loading=\"lazy\" title=\"Congreso internacional en Salud de Unifranz define una nueva hoja de ruta\" width=\"500\" height=\"281\" src=\"https:\/\/www.youtube.com\/embed\/bSyLB_ityCM?feature=oembed\" frameborder=\"0\" allow=\"accelerometer; autoplay; clipboard-write; encrypted-media; gyroscope; picture-in-picture; web-share\" referrerpolicy=\"strict-origin-when-cross-origin\" allowfullscreen><\/iframe>\n<\/div><\/figure>\n<\/blockquote>\n\n\n\n<p>Por su parte, Alejandra Far\u00edas, asesora en inteligencia en salud y transformaci\u00f3n digital de la Organizaci\u00f3n Panamericana de la Salud OPS\/OMS, enfatiz\u00f3 que la adopci\u00f3n de la transformaci\u00f3n digital en salud enfrenta desaf\u00edos como la brecha digital, la falta de capacitaci\u00f3n y la baja interoperabilidad entre sistemas.&nbsp;<\/p>\n\n\n\n<p>\u201cPara lograr un impacto real y equitativo, se requiere inversi\u00f3n en infraestructura, formaci\u00f3n profesional, marcos regulatorios \u00e9ticos y alianzas intersectoriales que garanticen el acceso incluso en comunidades alejadas\u201d.<\/p>\n\n\n\n<p>En ese sentido,&nbsp; la rectora se\u00f1al\u00f3 que muchas veces las pol\u00edticas p\u00fablicas en este campo se dise\u00f1an y desarrollan al margen de la sociedad, sin considerar cu\u00e1les son realmente las necesidades y desaf\u00edos actuales, que sin duda se intensificar\u00e1n en el futuro.&nbsp;<\/p>\n\n\n\n<p>\u201cPor esto, tener una visi\u00f3n de futuro y comprender los retos que enfrentamos nos permite formular pol\u00edticas p\u00fablicas o privadas, emprendimientos o negocios enfocados en responder a estas necesidades\u201d, acot\u00f3.<\/p>\n\n\n\n<p>Uno de los pilares del congreso fue el concepto de salud planetaria, una noci\u00f3n que conecta el bienestar individual con los equilibrios colectivos y ecol\u00f3gicos.&nbsp;<\/p>\n\n\n\n<p>En ese sentido, llam\u00f3 a las universidades a ser catalizadoras de cambio: \u201cDesde Unifranz seguiremos impulsando una formaci\u00f3n de vanguardia, \u00e9tica, tecnol\u00f3gica y humana. Esta es nuestra apuesta y tambi\u00e9n nuestra responsabilidad\u201d.<\/p>\n\n\n\n<h2 class=\"wp-block-heading\" id=\"h-innovacion-y-sostenibilidad\"><strong>Innovaci\u00f3n y sostenibilidad<\/strong><\/h2>\n\n\n\n<p>Por su parte, el epidemi\u00f3logo y consultor internacional Edgar Butr\u00f3n Ledesma, durante su conferencia magistral, abord\u00f3 los desaf\u00edos de la transformaci\u00f3n digital en contextos vulnerables.&nbsp;<\/p>\n\n\n\n<p>El m\u00e9dico sostuvo que la <strong>sostenibilidad<\/strong> en salud digital no depende \u00fanicamente de recursos financieros o tecnol\u00f3gicos, sino de una comprensi\u00f3n profunda de las <strong>personas<\/strong>, sus <strong>procesos<\/strong>, su <strong>cultura<\/strong> y el <strong>contexto tecnol\u00f3gico<\/strong>. Recalc\u00f3 que una soluci\u00f3n es sostenible si est\u00e1 bien integrada en estos cuatro pilares, y que no se limita a la entrega de herramientas tecnol\u00f3gicas sin planificaci\u00f3n.<\/p>\n\n\n\n<p>La Dra. Wendy Vargas, mag\u00edster en telemedicina, durante su ponencia \u201cHospitales Verdes: Innovaci\u00f3n y Sostenibilidad en la Gesti\u00f3n de Residuos Biom\u00e9dicos\u201d, indic\u00f3 que adoptar la tecnolog\u00eda acorde a la aspiraci\u00f3n de vivir en un mundo sostenible, con responsabilidad impulsando hospitales verdes que emergen como una tendencia innovadora que busca minimizar el impacto ambiental de las instituciones m\u00e9dicas sin comprometer la calidad de la atenci\u00f3n al paciente<\/p>\n\n\n\n<p>En cuanto a la <strong>innovaci\u00f3n<\/strong>, Butr\u00f3n destac\u00f3 que no siempre se requiere de alta tecnolog\u00eda, sino de redise\u00f1o de procesos, participaci\u00f3n comunitaria y adaptabilidad cultural. Ejemplos como India, Kenia, Ruanda, Bangladesh y Finlandia muestran c\u00f3mo soluciones simples, como consultas por SMS o llamadas telef\u00f3nicas, han tenido un gran impacto cuando son dise\u00f1adas con enfoque humano y planificaci\u00f3n estrat\u00e9gica.<\/p>\n\n\n\n<blockquote class=\"wp-block-quote is-layout-flow wp-block-quote-is-layout-flow\">\n<p>\u201cTenemos que entender a las personas para que la transformaci\u00f3n digital sea sostenible y accesible. Lo primero es saber c\u00f3mo son, qu\u00e9 desean, qu\u00e9 necesitan. Muchas iniciativas fracasan porque no consideran la continuidad financiera ni la planificaci\u00f3n estrat\u00e9gica. La sostenibilidad requiere un modelo financiero, infraestructura y un compromiso a largo plazo de todas las partes\u201d, indic\u00f3.<\/p>\n<\/blockquote>\n\n\n\n<p>En el mismo sentido, el experto enfatiz\u00f3 que no siempre es necesaria una alta tecnolog\u00eda para lograr transformaciones disruptivas, sino procesos bien estructurados.<\/p>\n\n\n\n<p>Asimismo, Far\u00edas, ofreci\u00f3 una visi\u00f3n pragm\u00e1tica y cr\u00edtica sobre el uso de inteligencia artificial en salud. Se\u00f1al\u00f3 que estas herramientas deben estar alineadas con marcos \u00e9ticos y adaptadas a los contextos socioterritoriales para ser efectivas y escalables.<\/p>\n\n\n\n<p>\u201cLa tecnolog\u00eda no es el fin en s\u00ed mismo. Es una herramienta para mejorar la calidad de salud de las personas\u201d, afirm\u00f3 y advirti\u00f3 que \u201csin planificaci\u00f3n estrat\u00e9gica, la innovaci\u00f3n puede ser solo una an\u00e9cdota\u201d.<\/p>\n\n\n\n<p>Subray\u00f3 que la <strong>sostenibilidad<\/strong> de las herramientas basadas en IA requiere planificaci\u00f3n estrat\u00e9gica, financiamiento continuo, gobernanza de datos, infraestructura adecuada y capacidades institucionales. Adem\u00e1s, advirti\u00f3 que la falta de conexi\u00f3n entre los pilotos tecnol\u00f3gicos y las estrategias nacionales impide su escalabilidad.<\/p>\n\n\n\n<p>Tambi\u00e9n enfatiz\u00f3 la necesidad de una <strong>colaboraci\u00f3n p\u00fablico-privada<\/strong>, la generaci\u00f3n de evidencia cl\u00ednica, y marcos regulatorios \u00e9ticos y t\u00e9cnicos que permitan la implementaci\u00f3n segura y responsable de la IA.<\/p>\n\n\n\n<p>A lo largo de dos d\u00edas, el Congreso no solo fue una vitrina para compartir experiencias internacionales, sino tambi\u00e9n un espacio de convocatoria a todos los actores involucrados en el dise\u00f1o de pol\u00edticas de salud.&nbsp;<\/p>\n\n\n\n<p>En su cierre, \u00c1greda hizo \u00e9nfasis en la necesidad de romper con la l\u00f3gica vertical de las decisiones. \u201cA veces, las pol\u00edticas se desarrollan al margen de la sociedad. Tener una visi\u00f3n de futuro y comprender los retos nos permite formular mejores pol\u00edticas p\u00fablicas y privadas\u201d.<\/p>\n\n\n\n<p>Finalmente, reiter\u00f3 la necesidad de escuchar activamente a los profesionales en formaci\u00f3n, cuyas necesidades y demandas marcar\u00e1n el rumbo del futuro pr\u00f3ximo.&nbsp;<\/p>\n\n\n\n<blockquote class=\"wp-block-quote is-layout-flow wp-block-quote-is-layout-flow\">\n<p>\u201cLa participaci\u00f3n activa, la escucha atenta, no solo a conferencistas internacionales, sino tambi\u00e9n a los j\u00f3venes, es clave\u201d, concluy\u00f3.<\/p>\n<\/blockquote>\n\n\n\n<p>El <em>IV Congreso Internacional en Salud<\/em> se desarroll\u00f3 los d\u00edas 10 y 11 de abril en la ciudad de Cochabamba y cont\u00f3 con 21 expositores, entre nacionales e internacionales, entre los cuales destacaron Mauricio Bonilla, especialista en salud digital y transformaci\u00f3n sanitaria; Alejandra Far\u00edas; Mar\u00eda Jos\u00e9 Mu\u00f1oz Leal, experta en inteligencia artificial aplicada a la educaci\u00f3n m\u00e9dica; Carolina Ochoa, investigadora en epigen\u00e9tica y salud planetaria; y Kevin Cabero Moreno, presidente de la Sociedad de Odontolog\u00eda Digital y Nuevas Tecnolog\u00edas (ODONTEC) en Espa\u00f1a, entre otros.<\/p>\n\n\n\n<p>Durante el evento, se discutieron temas clave como la medicina de precisi\u00f3n, la inteligencia artificial aplicada a la salud, la salud digital y la importancia de proteger el medio ambiente mientras cuidamos nuestra salud.<\/p>","protected":false},"excerpt":{"rendered":"<p>Con un llamado a reimaginar los sistemas de salud bajo principios de equidad, sostenibilidad, innovaci\u00f3n y \u00e9tica, concluy\u00f3 el IV Congreso Internacional en Salud: Innovaci\u00f3n y Sostenibilidad, organizado por la Universidad Franz Tamayo, Unifranz, luego de dos d\u00edas intensos en los cuales expertos nacionales e internacionales compartieron sus conocimientos con cerca de 600 participantes que siguieron los paneles y conferencias magistrales.<\/p>","protected":false},"author":49,"featured_media":704076,"comment_status":"open","ping_status":"open","sticky":false,"template":"","format":"standard","meta":{"_acf_changed":false,"footnotes":""},"categories":[60,2484],"tags":[10882,1422,10835,49,124,4838,218,242],"class_list":["post-704074","post","type-post","status-publish","format-standard","has-post-thumbnail","hentry","category-blog","category-medicina-es-2","tag-etica-2","tag-innovacion-en-educacion","tag-iv-congreso-internacional-en-salud-innovacion-y-sostenibilidad","tag-medicina","tag-salud","tag-sostenibilidad","tag-tecnologia","tag-unifranz"],"acf":[],"_links":{"self":[{"href":"https:\/\/unifranz.edu.bo\/pt\/wp-json\/wp\/v2\/posts\/704074","targetHints":{"allow":["GET"]}}],"collection":[{"href":"https:\/\/unifranz.edu.bo\/pt\/wp-json\/wp\/v2\/posts"}],"about":[{"href":"https:\/\/unifranz.edu.bo\/pt\/wp-json\/wp\/v2\/types\/post"}],"author":[{"embeddable":true,"href":"https:\/\/unifranz.edu.bo\/pt\/wp-json\/wp\/v2\/users\/49"}],"replies":[{"embeddable":true,"href":"https:\/\/unifranz.edu.bo\/pt\/wp-json\/wp\/v2\/comments?post=704074"}],"version-history":[{"count":2,"href":"https:\/\/unifranz.edu.bo\/pt\/wp-json\/wp\/v2\/posts\/704074\/revisions"}],"predecessor-version":[{"id":704079,"href":"https:\/\/unifranz.edu.bo\/pt\/wp-json\/wp\/v2\/posts\/704074\/revisions\/704079"}],"wp:featuredmedia":[{"embeddable":true,"href":"https:\/\/unifranz.edu.bo\/pt\/wp-json\/wp\/v2\/media\/704076"}],"wp:attachment":[{"href":"https:\/\/unifranz.edu.bo\/pt\/wp-json\/wp\/v2\/media?parent=704074"}],"wp:term":[{"taxonomy":"category","embeddable":true,"href":"https:\/\/unifranz.edu.bo\/pt\/wp-json\/wp\/v2\/categories?post=704074"},{"taxonomy":"post_tag","embeddable":true,"href":"https:\/\/unifranz.edu.bo\/pt\/wp-json\/wp\/v2\/tags?post=704074"}],"curies":[{"name":"wp","href":"https:\/\/api.w.org\/{rel}","templated":true}]}}