{"id":704066,"date":"2025-04-11T16:46:32","date_gmt":"2025-04-11T20:46:32","guid":{"rendered":"https:\/\/unifranz.edu.bo\/?p=704066"},"modified":"2025-04-11T23:31:40","modified_gmt":"2025-04-12T03:31:40","slug":"veronica-agreda-entre-las-top-30-mujeres-que-transforman-la-economia-de-bolivia-2025","status":"publish","type":"post","link":"https:\/\/unifranz.edu.bo\/pt\/blog\/veronica-agreda-entre-las-top-30-mujeres-que-transforman-la-economia-de-bolivia-2025\/","title":{"rendered":"Ver\u00f3nica \u00c1greda, entre las \u201cTop 30 mujeres que transforman la econom\u00eda de Bolivia 2025\u201d"},"content":{"rendered":"<p>En conmemoraci\u00f3n al D\u00eda Internacional de la Mujer, la revista Emprendimientos Bolivia public\u00f3 su edici\u00f3n especial 2025 destacando a 30 mujeres que est\u00e1n transformando la econom\u00eda del pa\u00eds, en un a\u00f1o simb\u00f3lico por el Bicentenario boliviano. Entre las l\u00edderes seleccionadas figura Ver\u00f3nica \u00c1greda de Pazos, rectora de la Universidad Franz Tamayo, Unifranz, y CEO del Instituto Mujer &amp; Empresa (IME), reconocida por su liderazgo transformador en educaci\u00f3n, innovaci\u00f3n y empoderamiento femenino.<\/p>\n\n\n\n<p>El ranking se basa en una rigurosa evaluaci\u00f3n que consider\u00f3 el impacto tangible de cada mujer en sus comunidades, industrias y el ecosistema emprendedor boliviano. Para \u00c1greda, este reconocimiento no solo representa un logro personal, sino tambi\u00e9n un s\u00edmbolo de lucha colectiva.<\/p>\n\n\n\n<p>\u201cCelebro con profunda emoci\u00f3n y gratitud la invaluable apuesta de Emprendimientos Bolivia al destacar el poder transformador del emprendimiento femenino. Este tipo de iniciativas no solo reconocen nuestro esfuerzo, tambi\u00e9n impulsan cambios reales hacia una sociedad m\u00e1s inclusiva, justa y pr\u00f3spera\u201d, expres\u00f3 en sus redes sociales.<\/p>\n\n\n\n<p>La tambi\u00e9n CEO del IME a\u00f1ade que es un privilegio inmenso compartir este reconocimiento con mujeres extraordinarias, con quienes comparte sue\u00f1os comunes y una firme determinaci\u00f3n por construir un mundo m\u00e1s equitativo.<\/p>\n\n\n\n<h2 class=\"wp-block-heading\" id=\"h-mujeres-que-inspiran-y-lideran\"><strong>Mujeres que inspiran y lideran<\/strong><\/h2>\n\n\n\n<p>Desde m\u00faltiples sectores como la tecnolog\u00eda, la agricultura o las finanzas, estas 30 mujeres est\u00e1n impulsando cambios significativos. Emprendimientos Bolivia remarca que \u201ccon dedicaci\u00f3n, sacrificio y trabajo incansable, est\u00e1n demostrando que el futuro de Bolivia tiene un rostro femenino\u201d.<\/p>\n\n\n\n<p>Junto a \u00c1greda, el ranking incluye a figuras influyentes como Cecilia Campero, representante pa\u00eds de Pro Mujer; Leandra Shaday Aguilar, vicepresidenta de Fundaci\u00f3n Empod\u00e9rate; Luc\u00eda Sossa, directora de Pacto Global; Nydia Pes\u00e1ntez, representante de ONU Mujeres en Bolivia; Ximena Behoteguy, presidenta de Banco FIE; y Ver\u00f3nica Gavilanes, gerente general de Banco Sol.<\/p>\n\n\n\n<p>Tambi\u00e9n figuran Nathaly Yovio, directora de Red Mujer del Banco Econ\u00f3mico; Jean Carla Terrazas, presidenta de la C\u00e1mara de Mujeres Empresarias de Santa Cruz; Claribel Aparicio, presidenta del Women Economic Forum Bolivia; y Silvia Quevedo, cofundadora de la C\u00e1mara de Mujeres Empresarias de Bolivia, entre otras destacadas l\u00edderes.<\/p>\n\n\n\n<p><strong>Trayectoria con impacto internacional<\/strong><\/p>\n\n\n\n<p>Ver\u00f3nica \u00c1greda ha consolidado una carrera enfocada en la transformaci\u00f3n educativa y el empoderamiento de las mujeres. Como rectora de Unifranz y cofundadora del IME, promueve la innovaci\u00f3n acad\u00e9mica, el liderazgo femenino y la transformaci\u00f3n digital con enfoque sostenible.<\/p>\n\n\n\n<p>\u201cA trav\u00e9s del IME hemos creado una comunidad vibrante que ha capacitado y empoderado a miles de mujeres, brind\u00e1ndoles formaci\u00f3n especializada, mentor\u00edas, <em>coaching<\/em>, programas de incubaci\u00f3n y redes de apoyo para fortalecer sus emprendimientos\u201d, coment\u00f3 \u00c1greda.&nbsp;<\/p>\n\n\n\n<p>Su influencia tambi\u00e9n se extiende a nivel internacional: es vicepresidenta adjunta de los Pa\u00edses Andinos de la Organizaci\u00f3n Universitaria Interamericana, cofundadora de la Red de Rectoras y Rectores por la Sostenibilidad de la UNESCO, y secretaria Acad\u00e9mica de la Asociaci\u00f3n Nacional de Universidades Privadas de Bolivia. Adem\u00e1s, representa al Nodo Bolivia del Millennium Project, un think tank global que anticipa tendencias y desaf\u00edos estrat\u00e9gicos para el futuro.<\/p>\n\n\n\n<p>Durante 2024, particip\u00f3 en espacios clave como la creaci\u00f3n de la Red de Rectoras y Rectores por la Sostenibilidad en Colombia, y el World Women University Presidents Forum en China, reafirmando el compromiso de Unifranz con la inclusi\u00f3n y la diversidad.<\/p>\n\n\n\n<p>Entre sus m\u00faltiples distinciones, tambi\u00e9n fue incluida en el ranking de las \u201c20 mujeres con mejor reputaci\u00f3n en Bolivia\u201d elaborado por el Monitor Empresarial de Reputaci\u00f3n Corporativa (Merco).<\/p>\n\n\n\n<figure class=\"wp-block-embed is-type-video is-provider-youtube wp-block-embed-youtube wp-embed-aspect-16-9 wp-has-aspect-ratio\"><div class=\"wp-block-embed__wrapper\">\n<iframe loading=\"lazy\" title=\"Ver\u00f3nica \u00c1greda, entre las \u201cTop 30 mujeres que transforman la econom\u00eda de Bolivia 2025\u201d\" width=\"500\" height=\"281\" src=\"https:\/\/www.youtube.com\/embed\/YawRq6zE-7M?feature=oembed\" frameborder=\"0\" allow=\"accelerometer; autoplay; clipboard-write; encrypted-media; gyroscope; picture-in-picture; web-share\" referrerpolicy=\"strict-origin-when-cross-origin\" allowfullscreen><\/iframe>\n<\/div><\/figure>\n\n\n\n<h2 class=\"wp-block-heading\" id=\"h-el-ime-impulsa-el-empoderamiento-economico-femenino\"><strong>El IME impulsa el empoderamiento econ\u00f3mico femenino<\/strong><\/h2>\n\n\n\n<p>Como CEO del IME, \u00c1greda ha liderado proyectos innovadores que promueven la participaci\u00f3n femenina en la econom\u00eda formal. Destacan: Pitukea Mi Negocio, que brinda herramientas digitales a emprendedoras en etapas iniciales; Fuckup Nights, espacios de aprendizaje donde mujeres de la industria creativa comparten sus experiencias; Mujeres Sin Filtro, impulsado junto al BID Lab, que crea un entorno seguro para enfrentar desaf\u00edos; o Impulsamos Bolivia, un programa nacional de incubaci\u00f3n que entrega capital semilla a emprendedoras.<\/p>\n\n\n\n<p>Gracias a estos programas, el IME empoder\u00f3 a m\u00e1s de 13.600 mujeres e incub\u00f3 m\u00e1s de 300 emprendimientos femeninos, con una tasa de supervivencia empresarial del 72%. Estos negocios no s\u00f3lo dinamizan la econom\u00eda, sino que tambi\u00e9n generan empleos e impactos sociales y ambientales positivos.<\/p>\n\n\n\n<p>\u201cLas mujeres tenemos un potencial enorme para liderar en sectores emergentes como la tecnolog\u00eda, las energ\u00edas renovables y la econom\u00eda digital. A medida que se abran m\u00e1s oportunidades de educaci\u00f3n, capacitaci\u00f3n y liderazgo, las mujeres jugaremos un papel clave en la creaci\u00f3n de empresas innovadoras, en la toma de decisiones estrat\u00e9gicas y en la implementaci\u00f3n de soluciones sostenibles\u201d, sostiene \u00c1greda.<\/p>\n\n\n\n<p><strong>Educaci\u00f3n e innovaci\u00f3n para un futuro sostenible<\/strong><\/p>\n\n\n\n<p>Convencida de que la educaci\u00f3n es clave para el desarrollo econ\u00f3mico sostenible, \u00c1greda destaca que los miles de nuevos profesionales de Unifranz se han convertido en agentes clave del crecimiento econ\u00f3mico y social del pa\u00eds.<\/p>\n\n\n\n<p>\u201cPreparar a profesionales y emprendedores para los desaf\u00edos del futuro es fundamental para construir un pa\u00eds con m\u00e1s oportunidades, innovaci\u00f3n y justicia social\u201d, afirma.<\/p>\n\n\n\n<p>Su presencia en el ranking de las 30 mujeres que transforman la econom\u00eda de Bolivia no es solo una distinci\u00f3n individual, sino tambi\u00e9n el reflejo del trabajo colectivo por abrir caminos para las nuevas generaciones de mujeres l\u00edderes.<\/p>\n\n\n\n<p>\u201cA las futuras generaciones de mujeres que buscan transformar Bolivia, les dir\u00eda que crean en su potencial y en el impacto que pueden generar. No se trata solo de estar presentes, sino de ocupar espacios de poder y liderazgo, de hacer valer nuestras voces y talentos. La clave est\u00e1 en la colaboraci\u00f3n y la unidad; solo trabajando juntos, hombres y mujeres, por un pa\u00eds m\u00e1s inclusivo y sostenible, podremos hacer de Bolivia un referente para el mundo\u201d, reflexiona, finalmente, \u00c1greda.<\/p>","protected":false},"excerpt":{"rendered":"<p>En conmemoraci\u00f3n al D\u00eda Internacional de la Mujer, la revista Emprendimientos Bolivia public\u00f3 su edici\u00f3n especial 2025 destacando a 30 mujeres que est\u00e1n transformando la econom\u00eda del pa\u00eds, en un a\u00f1o simb\u00f3lico por el Bicentenario boliviano. Entre las l\u00edderes seleccionadas figura Ver\u00f3nica \u00c1greda de Pazos, rectora de la Universidad Franz Tamayo, Unifranz, y CEO del Instituto Mujer &#038; Empresa (IME), reconocida por su liderazgo transformador en educaci\u00f3n, innovaci\u00f3n y empoderamiento femenino.<\/p>","protected":false},"author":50,"featured_media":704071,"comment_status":"open","ping_status":"open","sticky":false,"template":"","format":"standard","meta":{"_acf_changed":false,"footnotes":""},"categories":[60,4678,1956,1968],"tags":[1222,53,3772,1422,10880,10881,242],"class_list":["post-704066","post","type-post","status-publish","format-standard","has-post-thumbnail","hentry","category-blog","category-emprendedores","category-emprendimiento","category-mujer","tag-economia","tag-educacion","tag-emprendedora","tag-innovacion-en-educacion","tag-mmujer","tag-top-30-mujeres","tag-unifranz"],"acf":[],"_links":{"self":[{"href":"https:\/\/unifranz.edu.bo\/pt\/wp-json\/wp\/v2\/posts\/704066","targetHints":{"allow":["GET"]}}],"collection":[{"href":"https:\/\/unifranz.edu.bo\/pt\/wp-json\/wp\/v2\/posts"}],"about":[{"href":"https:\/\/unifranz.edu.bo\/pt\/wp-json\/wp\/v2\/types\/post"}],"author":[{"embeddable":true,"href":"https:\/\/unifranz.edu.bo\/pt\/wp-json\/wp\/v2\/users\/50"}],"replies":[{"embeddable":true,"href":"https:\/\/unifranz.edu.bo\/pt\/wp-json\/wp\/v2\/comments?post=704066"}],"version-history":[{"count":3,"href":"https:\/\/unifranz.edu.bo\/pt\/wp-json\/wp\/v2\/posts\/704066\/revisions"}],"predecessor-version":[{"id":704081,"href":"https:\/\/unifranz.edu.bo\/pt\/wp-json\/wp\/v2\/posts\/704066\/revisions\/704081"}],"wp:featuredmedia":[{"embeddable":true,"href":"https:\/\/unifranz.edu.bo\/pt\/wp-json\/wp\/v2\/media\/704071"}],"wp:attachment":[{"href":"https:\/\/unifranz.edu.bo\/pt\/wp-json\/wp\/v2\/media?parent=704066"}],"wp:term":[{"taxonomy":"category","embeddable":true,"href":"https:\/\/unifranz.edu.bo\/pt\/wp-json\/wp\/v2\/categories?post=704066"},{"taxonomy":"post_tag","embeddable":true,"href":"https:\/\/unifranz.edu.bo\/pt\/wp-json\/wp\/v2\/tags?post=704066"}],"curies":[{"name":"wp","href":"https:\/\/api.w.org\/{rel}","templated":true}]}}