{"id":703969,"date":"2025-04-08T16:44:37","date_gmt":"2025-04-08T20:44:37","guid":{"rendered":"https:\/\/unifranz.edu.bo\/?p=703969"},"modified":"2025-04-14T14:00:46","modified_gmt":"2025-04-14T18:00:46","slug":"cochabambainnovaensalud","status":"publish","type":"post","link":"https:\/\/unifranz.edu.bo\/pt\/blog\/cochabambainnovaensalud\/","title":{"rendered":"Cochabamba ser\u00e1 el centro del debate sobre innovaci\u00f3n tecnol\u00f3gica y sostenibilidad en salud"},"content":{"rendered":"<div class=\"wp-block-post-author\"><div class=\"wp-block-post-author__avatar\"><img alt='' src='https:\/\/secure.gravatar.com\/avatar\/e83dacfa0953202430ef5fc66632429034dd4e72b9e95291520cc266ab20ee5c?s=48&#038;d=mm&#038;r=g' srcset='https:\/\/secure.gravatar.com\/avatar\/e83dacfa0953202430ef5fc66632429034dd4e72b9e95291520cc266ab20ee5c?s=96&#038;d=mm&#038;r=g 2x' class='avatar avatar-48 photo' height='48' width='48' \/><\/div><div class=\"wp-block-post-author__content\"><p class=\"wp-block-post-author__name\">Diego Andr\u00e9s Sabat<\/p><\/div><\/div>\n\n\n<p>La ciudad de Cochabamba se convertir\u00e1 esta semana en el coraz\u00f3n de la innovaci\u00f3n m\u00e9dica en Bolivia con la realizaci\u00f3n del IV Congreso Internacional en Salud: Innovaci\u00f3n y Sostenibilidad, organizado por la Universidad Franz Tamayo, Unifranz. El evento se desarrollar\u00e1 los d\u00edas 10 y 11 de abril. Reunir\u00e1 a expertos nacionales e internacionales, estudiantes y profesionales del sector salud.<\/p>\n\n\n\n<p>Este congreso acad\u00e9mico de alto nivel tiene como prop\u00f3sito consolidar a Cochabamba como referente en la transformaci\u00f3n del sistema sanitario boliviano, a trav\u00e9s de la formaci\u00f3n de nuevos perfiles profesionales, la incorporaci\u00f3n de tecnolog\u00eda de vanguardia y la implementaci\u00f3n de pr\u00e1cticas sostenibles en la atenci\u00f3n m\u00e9dica.<\/p>\n\n\n\n<p><strong>La salud del futuro se proyecta desde Cochabamba<\/strong><\/p>\n\n\n\n<p>Durante la conferencia de prensa de presentaci\u00f3n del evento, el vicerrector de Unifranz Cochabamba, Ing. Rolando L\u00f3pez, afirm\u00f3 que la ciudad tiene el potencial para liderar el cambio en la salud p\u00fablica de Bolivia:<\/p>\n\n\n\n<blockquote class=\"wp-block-quote is-layout-flow wp-block-quote-is-layout-flow\">\n<p>\u201cHoy contamos con herramientas como la inteligencia artificial y la medicina de precisi\u00f3n que nos permiten detectar enfermedades antes de que generen da\u00f1os. Cochabamba puede ser el nodo desde donde surjan propuestas concretas para un sistema de salud m\u00e1s preventivo, m\u00e1s eficiente y centrado en las personas\u201d.<\/p>\n<\/blockquote>\n\n\n\n<p>El decano acad\u00e9mico, Dr. Jimmy Venegas, explic\u00f3 que el congreso es la evoluci\u00f3n de una iniciativa institucional que comenz\u00f3 en 2020 con Medical Tribute, y que ha crecido hasta consolidar un espacio que articula formaci\u00f3n, innovaci\u00f3n, compromiso social y alianzas estrat\u00e9gicas:<\/p>\n\n\n\n<p>\u201cNuestra ciudad se ha convertido en un punto de encuentro donde la academia, el sector salud y la comunidad construyen juntos soluciones reales. Este congreso refleja el modelo educativo de Unifranz, que une el aprendizaje pr\u00e1ctico con una visi\u00f3n global y aplicada\u201d.<\/p>\n\n\n\n<p><strong>Tres ejes que conectan innovaci\u00f3n, educaci\u00f3n y sostenibilidad<\/strong><\/p>\n\n\n\n<p>El programa acad\u00e9mico est\u00e1 estructurado en torno a tres ejes tem\u00e1ticos fundamentales:<\/p>\n\n\n\n<p><em>Medicina de precisi\u00f3n e inteligencia artificial en salud:<\/em> uso de tecnolog\u00edas avanzadas para el diagn\u00f3stico y tratamiento personalizado, con base en datos cl\u00ednicos.<\/p>\n\n\n\n<p><em>Salud digital y tecnolog\u00edas emergentes en la educaci\u00f3n m\u00e9dica:<\/em> incorporaci\u00f3n de simuladores, plataformas virtuales y metodolog\u00edas activas de aprendizaje.<\/p>\n\n\n\n<p><em>Sostenibilidad y salud planetaria en la pr\u00e1ctica cl\u00ednica:<\/em> dise\u00f1o de hospitales verdes, reducci\u00f3n de residuos biom\u00e9dicos y gesti\u00f3n responsable de recursos sanitarios.<\/p>\n\n\n\n<p>A lo largo de las dos jornadas, se desarrollar\u00e1n conferencias magistrales, paneles de discusi\u00f3n, talleres pr\u00e1cticos, simulaciones cl\u00ednicas y actividades de networking que permitir\u00e1n la interacci\u00f3n directa entre expertos y asistentes.<\/p>\n\n\n\n<p><strong>Voces internacionales para enriquecer la formaci\u00f3n local<\/strong><\/p>\n\n\n\n<p>Entre los invitados internacionales se destacan el Dr. Mauricio Bonilla (Espa\u00f1a\/Colombia), l\u00edder en salud digital y transformaci\u00f3n sanitaria, quien ser\u00e1 el encargado de la conferencia inaugural, la Dra. Alejandra Far\u00edas (OPS\/OMS), experta en salud digital, y la Dra. Carolina Ochoa (Chile), investigadora en salud planetaria. Junto a ellos participar\u00e1n referentes nacionales como la Dra. Wendy Vargas, l\u00edder en sostenibilidad hospitalaria, y el Dr. Edgar Butr\u00f3n, con amplia experiencia en innovaci\u00f3n en salud global.<\/p>\n\n\n\n<p>Desde una mirada formativa, Bonilla destac\u00f3 que \u201cla integraci\u00f3n de tecnolog\u00edas como la inteligencia artificial permite personalizar tratamientos, anticipar complicaciones y aligerar las cargas de trabajo. No se trata solo de digitalizar procesos, sino de transformar nuestra forma de ejercer la medicina\u201d.<\/p>\n\n\n\n<p>La participaci\u00f3n de expertos internacionales permitir\u00e1 que estudiantes y profesionales de Cochabamba accedan a las \u00faltimas tendencias en salud desde un enfoque pr\u00e1ctico y contextualizado.<\/p>\n\n\n\n<p>El congreso est\u00e1 dirigido a estudiantes de pregrado, profesionales en ejercicio, docentes, autoridades sanitarias y a todos los interesados en conocer las transformaciones que marcar\u00e1n el futuro del sector. Con el respaldo de instituciones como la Organizaci\u00f3n Mundial de la Salud (OMS), la Organizaci\u00f3n Panamericana de la Salud (OPS) y el Instituto de Neurociencia de Unifranz, el evento consolida a Cochabamba como el eje de la innovaci\u00f3n en salud en Bolivia.<\/p>","protected":false},"excerpt":{"rendered":"<p>La ciudad de Cochabamba se convertir\u00e1 esta semana en el coraz\u00f3n de la innovaci\u00f3n m\u00e9dica en Bolivia con la realizaci\u00f3n del IV Congreso Internacional en Salud: Innovaci\u00f3n y Sostenibilidad, organizado por la Universidad Franz Tamayo, Unifranz. El evento se desarrollar\u00e1 los d\u00edas 10 y 11 de abril. Reunir\u00e1 a expertos nacionales e internacionales, estudiantes y profesionales del sector salud.<\/p>","protected":false},"author":27,"featured_media":703982,"comment_status":"open","ping_status":"open","sticky":false,"template":"","format":"standard","meta":{"_acf_changed":false,"footnotes":""},"categories":[60,5100,280,10868,1946],"tags":[37,142,53,386,1422,49,124,218,242],"class_list":["post-703969","post","type-post","status-publish","format-standard","has-post-thumbnail","hentry","category-blog","category-bolivia","category-cochabamba","category-congreso-internacional-de-salud","category-medicina","tag-cochabamba","tag-congreso","tag-educacion","tag-estudiantes","tag-innovacion-en-educacion","tag-medicina","tag-salud","tag-tecnologia","tag-unifranz"],"acf":[],"_links":{"self":[{"href":"https:\/\/unifranz.edu.bo\/pt\/wp-json\/wp\/v2\/posts\/703969","targetHints":{"allow":["GET"]}}],"collection":[{"href":"https:\/\/unifranz.edu.bo\/pt\/wp-json\/wp\/v2\/posts"}],"about":[{"href":"https:\/\/unifranz.edu.bo\/pt\/wp-json\/wp\/v2\/types\/post"}],"author":[{"embeddable":true,"href":"https:\/\/unifranz.edu.bo\/pt\/wp-json\/wp\/v2\/users\/27"}],"replies":[{"embeddable":true,"href":"https:\/\/unifranz.edu.bo\/pt\/wp-json\/wp\/v2\/comments?post=703969"}],"version-history":[{"count":2,"href":"https:\/\/unifranz.edu.bo\/pt\/wp-json\/wp\/v2\/posts\/703969\/revisions"}],"predecessor-version":[{"id":704113,"href":"https:\/\/unifranz.edu.bo\/pt\/wp-json\/wp\/v2\/posts\/703969\/revisions\/704113"}],"wp:featuredmedia":[{"embeddable":true,"href":"https:\/\/unifranz.edu.bo\/pt\/wp-json\/wp\/v2\/media\/703982"}],"wp:attachment":[{"href":"https:\/\/unifranz.edu.bo\/pt\/wp-json\/wp\/v2\/media?parent=703969"}],"wp:term":[{"taxonomy":"category","embeddable":true,"href":"https:\/\/unifranz.edu.bo\/pt\/wp-json\/wp\/v2\/categories?post=703969"},{"taxonomy":"post_tag","embeddable":true,"href":"https:\/\/unifranz.edu.bo\/pt\/wp-json\/wp\/v2\/tags?post=703969"}],"curies":[{"name":"wp","href":"https:\/\/api.w.org\/{rel}","templated":true}]}}