{"id":703954,"date":"2025-04-07T18:22:05","date_gmt":"2025-04-07T22:22:05","guid":{"rendered":"https:\/\/unifranz.edu.bo\/?p=703954"},"modified":"2025-04-08T17:23:38","modified_gmt":"2025-04-08T21:23:38","slug":"la-prevencion-y-la-tecnologia-las-armas-para-la-prevencion-de-las-caries","status":"publish","type":"post","link":"https:\/\/unifranz.edu.bo\/pt\/blog\/la-prevencion-y-la-tecnologia-las-armas-para-la-prevencion-de-las-caries\/","title":{"rendered":"La prevenci\u00f3n y la tecnolog\u00eda, las armas para la prevenci\u00f3n de las caries"},"content":{"rendered":"<p>La odontolog\u00eda est\u00e1 viviendo una transformaci\u00f3n profunda e irreversible. El avance tecnol\u00f3gico y un renovado enfoque en la prevenci\u00f3n se han convertido en los pilares fundamentales de la pr\u00e1ctica dental moderna. Nuevas maneras de llegar a \u00e1reas en las que no se cuentan con dentistas y nuevas t\u00e9cnicas de regeneraci\u00f3n dental o reconstrucci\u00f3n de piezas est\u00e1n cambiando este campo para siempre.<\/p>\n\n\n\n<blockquote class=\"wp-block-quote is-layout-flow wp-block-quote-is-layout-flow\">\n<p>\u201cLa odontolog\u00eda est\u00e1 aprovechando la tecnolog\u00eda para ser menos invasiva y reducir el dolor en los tratamientos que realizamos todos los odont\u00f3logos, pero aun en esta \u00e9poca, nuestra mejor herramienta es la prevenci\u00f3n\u201d\u200b, explica Julio C\u00e9sar M\u00e9ndez Pedraza, presidente del Colegio de Odont\u00f3logos de Cochabamba.<\/p>\n<\/blockquote>\n\n\n\n<p>Los \u00faltimos avances en la odontolog\u00eda y en la salud en general ser\u00e1n discutidos en el <em><strong>IV Congreso Internacional en Salud Innovaci\u00f3n y Sostenibilidad<\/strong><\/em>, organizado por la Universidad Franz Tamayo, Unifranz, los d\u00edas 1<strong>0 y 11 de abril en Cochabamba.<\/strong><\/p>\n\n\n\n<h2 class=\"wp-block-heading\" id=\"h-una-revolucion-tecnologica-al-servicio-de-la-salud-bucal\"><strong>Una revoluci\u00f3n tecnol\u00f3gica al servicio de la salud bucal<\/strong><\/h2>\n\n\n\n<p>M\u00e9ndez indica que la incorporaci\u00f3n de herramientas de alta gama, inteligencia artificial, imagenolog\u00eda avanzada y t\u00e9cnicas m\u00ednimamente invasivas ha revolucionado la forma en que se diagnostican y tratan las afecciones dentales. Hoy, los profesionales cuentan con equipamiento que permite procedimientos m\u00e1s precisos, r\u00e1pidos y c\u00f3modos para el paciente.<\/p>\n\n\n\n<p>\u201cEs un salto gigantesco\u201d, comenta M\u00e9ndez, quien adem\u00e1s celebra que \u201cla formaci\u00f3n continua permite a los odont\u00f3logos implementar t\u00e9cnicas como la regeneraci\u00f3n \u00f3sea guiada, fundamental para el tratamiento de enfermedades periodontales\u201d\u200b.<\/p>\n\n\n\n<p>La odontolog\u00eda digital tambi\u00e9n ha ganado terreno. Desde el escaneo intraoral hasta la planificaci\u00f3n de implantes mediante software 3D, estas tecnolog\u00edas no solo optimizan resultados, sino que reducen errores humanos y acortan los tiempos de atenci\u00f3n.<\/p>\n\n\n\n<h2 class=\"wp-block-heading\" id=\"h-caries-una-epidemia-silenciosa\"><strong>Caries: una epidemia silenciosa<\/strong><\/h2>\n\n\n\n<p>Sin embargo, los avances tecnol\u00f3gicos no pueden por s\u00ed solos revertir el problema estructural de la falta de prevenci\u00f3n. En Bolivia, el 89% de la poblaci\u00f3n sufre de caries dentales, seg\u00fan un estudio conjunto de la Organizaci\u00f3n Panamericana de la Salud (OPS) y la Organizaci\u00f3n Mundial de la Salud (OMS). Esto posiciona al pa\u00eds como el segundo con mayor incidencia de esta afecci\u00f3n en la regi\u00f3n, s\u00f3lo detr\u00e1s de Paraguay\u200b.<\/p>\n\n\n\n<blockquote class=\"wp-block-quote is-layout-flow wp-block-quote-is-layout-flow\">\n<p>\u201cM\u00e1s que todo, el problema se debe a la falta de prevenci\u00f3n\u201d, insiste M\u00e9ndez. La cultura de visitar al dentista solo cuando hay dolor persiste, lo que complica los tratamientos y muchas veces conduce a la p\u00e9rdida de piezas dentales. Esta pr\u00e1ctica no solo afecta la salud bucal, sino que puede desencadenar complicaciones sist\u00e9micas. \u201cSi hay infecci\u00f3n, podr\u00edamos tener problemas del coraz\u00f3n, una endocarditis bacteriana o pulmonar; o sea, es un todo conectado e integral\u201d\u200b.<\/p>\n<\/blockquote>\n\n\n\n<p>El impacto es especialmente grave en los ni\u00f1os menores de seis a\u00f1os, quienes suelen presentar caries en su dentadura temporal. \u201cEl \u00edndice es alt\u00edsimo. Vemos ni\u00f1os que a los siete a\u00f1os ya est\u00e1n perdiendo molares esenciales para una buena masticaci\u00f3n y oclusi\u00f3n\u201d, lamenta el especialista\u200b.<\/p>\n\n\n\n<p>La falta de educaci\u00f3n en salud bucal y el escaso acceso a campa\u00f1as preventivas han dejado a esta poblaci\u00f3n especialmente desprotegida. La pandemia de COVID-19 solo agrav\u00f3 esta situaci\u00f3n, al interrumpir programas escolares y controles m\u00e9dicos regulares.<\/p>\n\n\n\n<figure class=\"wp-block-embed is-type-video is-provider-youtube wp-block-embed-youtube wp-embed-aspect-16-9 wp-has-aspect-ratio\"><div class=\"wp-block-embed__wrapper\">\n<iframe loading=\"lazy\" title=\"La prevenci\u00f3n y la tecnolog\u00eda, las armas para la prevenci\u00f3n de las caries\" width=\"500\" height=\"281\" src=\"https:\/\/www.youtube.com\/embed\/wcW2p3s8j_c?feature=oembed\" frameborder=\"0\" allow=\"accelerometer; autoplay; clipboard-write; encrypted-media; gyroscope; picture-in-picture; web-share\" referrerpolicy=\"strict-origin-when-cross-origin\" allowfullscreen><\/iframe>\n<\/div><\/figure>\n\n\n\n<h2 class=\"wp-block-heading\" id=\"h-prevencion-la-clave-olvidada\"><strong>Prevenci\u00f3n: la clave olvidada<\/strong><\/h2>\n\n\n\n<p>La soluci\u00f3n est\u00e1 en volver a lo b\u00e1sico: la prevenci\u00f3n. Cepillado adecuado con pasta fluorada, visitas regulares al dentista, uso de selladores dentales y una dieta baja en az\u00facares son medidas simples pero efectivas para reducir la incidencia de caries. A esto se suma la necesidad de pol\u00edticas p\u00fablicas enfocadas en la promoci\u00f3n de la salud bucal.<\/p>\n\n\n\n<p>\u201cNos falta la difusi\u00f3n y el apoyo gubernamental para aplicar m\u00e1s medidas preventivas\u201d, reclama M\u00e9ndez, quien ve en la tecnolog\u00eda una aliada estrat\u00e9gica tambi\u00e9n en este \u00e1mbito\u200b.<\/p>\n\n\n\n<p>Herramientas como aplicaciones m\u00f3viles, plataformas interactivas y juegos educativos ayudan a generar conciencia desde edades tempranas. Por otro lado, la imagenolog\u00eda digital permite diagn\u00f3sticos m\u00e1s tempranos y menos invasivos, lo que facilita tratamientos eficaces y preserva la vitalidad de los dientes.<\/p>\n\n\n\n<p>\u201cSin el apoyo de la tecnolog\u00eda en lo que es imagenolog\u00eda, estar\u00edamos enfrentando un grave problema, como la p\u00e9rdida de vitalidad de una pieza dentaria\u201d, explica el presidente del Colegio de Odont\u00f3logos.<\/p>","protected":false},"excerpt":{"rendered":"<p>\u201cLa odontolog\u00eda est\u00e1 aprovechando la tecnolog\u00eda para ser menos invasiva y reducir el dolor en los tratamientos que realizamos todos los odont\u00f3logos, pero aun en esta \u00e9poca, nuestra mejor herramienta es la prevenci\u00f3n\u201d\u200b, explica Julio C\u00e9sar M\u00e9ndez Pedraza, presidente del Colegio de Odont\u00f3logos de Cochabamba.<\/p>","protected":false},"author":49,"featured_media":703955,"comment_status":"open","ping_status":"open","sticky":false,"template":"","format":"standard","meta":{"_acf_changed":false,"footnotes":""},"categories":[60,2980],"tags":[5192,1422,10870,186,10793,242],"class_list":["post-703954","post","type-post","status-publish","format-standard","has-post-thumbnail","hentry","category-blog","category-odontologia-es-2","tag-caries","tag-innovacion-en-educacion","tag-iv-congreso-internacional-en-salud-innovacion-y-sostenibilidad-2","tag-odontologia","tag-tecnologia-2","tag-unifranz"],"acf":[],"_links":{"self":[{"href":"https:\/\/unifranz.edu.bo\/pt\/wp-json\/wp\/v2\/posts\/703954","targetHints":{"allow":["GET"]}}],"collection":[{"href":"https:\/\/unifranz.edu.bo\/pt\/wp-json\/wp\/v2\/posts"}],"about":[{"href":"https:\/\/unifranz.edu.bo\/pt\/wp-json\/wp\/v2\/types\/post"}],"author":[{"embeddable":true,"href":"https:\/\/unifranz.edu.bo\/pt\/wp-json\/wp\/v2\/users\/49"}],"replies":[{"embeddable":true,"href":"https:\/\/unifranz.edu.bo\/pt\/wp-json\/wp\/v2\/comments?post=703954"}],"version-history":[{"count":2,"href":"https:\/\/unifranz.edu.bo\/pt\/wp-json\/wp\/v2\/posts\/703954\/revisions"}],"predecessor-version":[{"id":703998,"href":"https:\/\/unifranz.edu.bo\/pt\/wp-json\/wp\/v2\/posts\/703954\/revisions\/703998"}],"wp:featuredmedia":[{"embeddable":true,"href":"https:\/\/unifranz.edu.bo\/pt\/wp-json\/wp\/v2\/media\/703955"}],"wp:attachment":[{"href":"https:\/\/unifranz.edu.bo\/pt\/wp-json\/wp\/v2\/media?parent=703954"}],"wp:term":[{"taxonomy":"category","embeddable":true,"href":"https:\/\/unifranz.edu.bo\/pt\/wp-json\/wp\/v2\/categories?post=703954"},{"taxonomy":"post_tag","embeddable":true,"href":"https:\/\/unifranz.edu.bo\/pt\/wp-json\/wp\/v2\/tags?post=703954"}],"curies":[{"name":"wp","href":"https:\/\/api.w.org\/{rel}","templated":true}]}}