{"id":703921,"date":"2025-04-04T23:37:13","date_gmt":"2025-04-05T03:37:13","guid":{"rendered":"https:\/\/unifranz.edu.bo\/?p=703921"},"modified":"2025-04-04T23:46:33","modified_gmt":"2025-04-05T03:46:33","slug":"la-clase-media-se-encoge-en-el-mundo-causas-y-desafios-de-un-fenomeno-global","status":"publish","type":"post","link":"https:\/\/unifranz.edu.bo\/pt\/blog\/la-clase-media-se-encoge-en-el-mundo-causas-y-desafios-de-un-fenomeno-global\/","title":{"rendered":"La clase media se encoge en el mundo: causas y desaf\u00edos de un fen\u00f3meno global\u00a0\u00a0"},"content":{"rendered":"<p>En las \u00faltimas d\u00e9cadas, la clase media ha sido considerada el pilar del crecimiento econ\u00f3mico y la estabilidad social en muchos pa\u00edses. Sin embargo, recientes estudios indican que este segmento de la poblaci\u00f3n se encuentra en declive en diversas regiones del mundo. Desde Estados Unidos hasta Europa y Asia, la proporci\u00f3n de personas que pueden considerarse parte de la clase media ha disminuido de manera preocupante.&nbsp;&nbsp;<\/p>\n\n\n\n<blockquote class=\"wp-block-quote is-layout-flow wp-block-quote-is-layout-flow\">\n<p>\u201cLa clase media como aquel grupo de la poblaci\u00f3n que tiene ingresos promedio, paga impuestos, posee cr\u00e9ditos para vivienda o autom\u00f3vil y hace esfuerzos por garantizar la educaci\u00f3n de sus hijos en instituciones privadas. En t\u00e9rminos econ\u00f3micos, se le considera el motor del consumo y la estabilidad social\u201d, define Rafael Vidaurre, coordinador del Observatorio Nacional del Trabajo (ONT) de la Universidad Franz Tamayo, Unifranz<\/p>\n<\/blockquote>\n\n\n\n<p>Sin embargo, la participaci\u00f3n de la clase media en la econom\u00eda global se est\u00e1 reduciendo. Seg\u00fan un an\u00e1lisis del Foro Econ\u00f3mico Mundial (WEF, por sus siglas en ingl\u00e9s), presentado recientemente, el 10% de los estadounidenses con mayores ingresos representa casi el 50% del gasto total del pa\u00eds, en comparaci\u00f3n con el 36% de hace tres d\u00e9cadas. Esto refleja una concentraci\u00f3n de la riqueza en los sectores m\u00e1s altos de la sociedad y una disminuci\u00f3n en el poder adquisitivo de la clase media.&nbsp;&nbsp;<\/p>\n\n\n\n<p>En Estados Unidos, la proporci\u00f3n de personas de clase media ha ca\u00eddo del 61% en 1971 al 51% en la actualidad. En Europa, un estudio reciente revel\u00f3 que la clase media se ha reducido en casi dos tercios de los estados miembros de la Uni\u00f3n Europea en los \u00faltimos 15 a\u00f1os. Asia, que antes mostraba un crecimiento sostenido en su clase media, enfrenta un estancamiento significativo tras la pandemia.&nbsp;&nbsp;<\/p>\n\n\n\n<p>\u201cEl caso de Indonesia es ilustrativo. Antes de la crisis sanitaria, su clase media representaba el 22% de la poblaci\u00f3n, pero cay\u00f3 al 17% en los \u00faltimos a\u00f1os. En Europa, pa\u00edses tan diversos como Suecia, Bulgaria y Malta han experimentado una reducci\u00f3n significativa en la proporci\u00f3n de ciudadanos de clase media desde 2007\u201d, agrega el WEF en su informe.<\/p>\n\n\n\n<figure class=\"wp-block-embed is-type-video is-provider-youtube wp-block-embed-youtube wp-embed-aspect-16-9 wp-has-aspect-ratio\"><div class=\"wp-block-embed__wrapper\">\n<iframe loading=\"lazy\" title=\"La clase media se encoge en el mundo: causas y desaf\u00edos de un fen\u00f3meno global\" width=\"500\" height=\"281\" src=\"https:\/\/www.youtube.com\/embed\/qAyo5BkaYB0?feature=oembed\" frameborder=\"0\" allow=\"accelerometer; autoplay; clipboard-write; encrypted-media; gyroscope; picture-in-picture; web-share\" referrerpolicy=\"strict-origin-when-cross-origin\" allowfullscreen><\/iframe>\n<\/div><\/figure>\n\n\n\n<h2 class=\"wp-block-heading\" id=\"h-las-causas-detras-del-fenomeno-nbsp-nbsp\"><strong>Las causas detr\u00e1s del fen\u00f3meno<\/strong>&nbsp;&nbsp;<\/h2>\n\n\n\n<p>Existen m\u00faltiples factores que explican este fen\u00f3meno. Uno de los principales es la globalizaci\u00f3n y el avance tecnol\u00f3gico, que han desplazado empleos de manufactura bien remunerados en favor de la automatizaci\u00f3n y la deslocalizaci\u00f3n de industrias. Adem\u00e1s, las pol\u00edticas econ\u00f3micas, como los aranceles proteccionistas, han tenido efectos contraproducentes. Si bien han fomentado la producci\u00f3n nacional en algunos casos, tambi\u00e9n han elevado los costos de bienes esenciales, afectando desproporcionadamente a la clase media.&nbsp;&nbsp;<\/p>\n\n\n\n<p>Otro factor clave es el estancamiento salarial. En los pa\u00edses de la OCDE, los ingresos medianos han crecido a un ritmo un tercio menor que los ingresos del 10% m\u00e1s rico en las d\u00e9cadas previas a 2019. En otras palabras, la desigualdad econ\u00f3mica ha aumentado, y la riqueza se ha concentrado en la c\u00faspide de la pir\u00e1mide social.&nbsp;&nbsp;<\/p>\n\n\n\n<p>La crisis de 2020 tambi\u00e9n jug\u00f3 un papel determinante. Antes de la pandemia, la clase media a nivel mundial crec\u00eda a un ritmo de 54 millones de personas por a\u00f1o. Sin embargo, con la paralizaci\u00f3n de la econom\u00eda y la p\u00e9rdida de empleos, este crecimiento se detuvo de forma abrupta.&nbsp;&nbsp;<\/p>\n\n\n\n<h2 class=\"wp-block-heading\" id=\"h-como-revertir-la-tendencia-nbsp-nbsp\"><strong>\u00bfC\u00f3mo revertir la tendencia?&nbsp;&nbsp;<\/strong><\/h2>\n\n\n\n<p>Dani Rodrik, economista de la Universidad de Harvard, sugiere que los gobiernos deben replantear su estrategia econ\u00f3mica y enfocarse en mejorar la calidad de los empleos en la industria de servicios. En lugar de intentar revivir la manufactura tradicional, aboga por garantizar que los trabajos en el sector de servicios sean bien remunerados y cuenten con condiciones laborales dignas.&nbsp;&nbsp;<\/p>\n\n\n\n<p>Adem\u00e1s, se ha se\u00f1alado que una educaci\u00f3n t\u00e9cnica accesible es crucial para fortalecer a la clase media. La formaci\u00f3n de trabajadores en habilidades digitales y tecnol\u00f3gicas puede ser clave para evitar la precarizaci\u00f3n del empleo en un mundo cada vez m\u00e1s automatizado.&nbsp;&nbsp;<\/p>\n\n\n\n<p>A pesar del panorama desalentador, algunos pa\u00edses han implementado estrategias para fortalecer su clase media. M\u00e9xico, por ejemplo, ha triplicado el salario m\u00ednimo desde 2018 y ha impulsado reformas para garantizar pensiones dignas a los jubilados. Como resultado, la clase media mexicana ha superado a la de pa\u00edses m\u00e1s grandes, como Rusia, y se espera que contin\u00fae creciendo en la pr\u00f3xima d\u00e9cada.&nbsp;&nbsp;<\/p>\n\n\n\n<p>Espa\u00f1a, por su parte, ha logrado recuperar los niveles de desigualdad previos a la pandemia gracias a pol\u00edticas de cohesi\u00f3n social y estabilidad institucional.&nbsp;&nbsp;<\/p>\n\n\n\n<p>En el caso de Bolivia, Demis Vargas, docente de la carrera de Ingenier\u00eda Econ\u00f3mica de la Universidad Franz Tamayo, Unifranz, resalta que si bien es importante empoderar a la clase media, lo ideal ser\u00eda alcanzar una equidad econ\u00f3mica entre todos los niveles de la poblaci\u00f3n.<\/p>\n\n\n\n<blockquote class=\"wp-block-quote is-layout-flow wp-block-quote-is-layout-flow\">\n<p>\u201cEl problema surge cuando desequilibramos o descuidamos segmentos importantes de la sociedad, ya sea la clase media, alta o baja. Esto genera, como sucede naturalmente en Bolivia, una especie de rencor. Cuando las personas sienten, entre comillas, alg\u00fan tipo de discriminaci\u00f3n, dejan de identificarse con el sistema. Es fundamental mantener una equidad en todos los \u00e1mbitos. Adem\u00e1s, debemos satisfacer las necesidades de todos los niveles de la sociedad por igual, ya que ese es el \u00fanico camino para que una econom\u00eda pueda crecer de manera sostenible\u201d, expresa.<\/p>\n<\/blockquote>\n\n\n\n<p>No existe una f\u00f3rmula \u00fanica para revertir el declive de la clase media, pero diversos economistas coinciden en que su fortalecimiento es clave para la estabilidad econ\u00f3mica y social. El crecimiento basado en la concentraci\u00f3n de riqueza en las \u00e9lites ha demostrado ser insostenible a largo plazo, mientras que modelos m\u00e1s equitativos han permitido que pa\u00edses como M\u00e9xico y Espa\u00f1a mantengan la estabilidad pol\u00edtica y econ\u00f3mica.&nbsp;<\/p>","protected":false},"excerpt":{"rendered":"<p>En las \u00faltimas d\u00e9cadas, la clase media ha sido considerada el pilar del crecimiento econ\u00f3mico y la estabilidad social en muchos pa\u00edses. Sin embargo, recientes estudios indican que este segmento de la poblaci\u00f3n se encuentra en declive en diversas regiones del mundo. Desde Estados Unidos hasta Europa y Asia, la proporci\u00f3n de personas que pueden considerarse parte de la clase media ha disminuido de manera preocupante.\u00a0\u00a0<\/p>","protected":false},"author":49,"featured_media":703922,"comment_status":"open","ping_status":"open","sticky":false,"template":"","format":"standard","meta":{"_acf_changed":false,"footnotes":""},"categories":[60],"tags":[],"class_list":["post-703921","post","type-post","status-publish","format-standard","has-post-thumbnail","hentry","category-blog"],"acf":[],"_links":{"self":[{"href":"https:\/\/unifranz.edu.bo\/pt\/wp-json\/wp\/v2\/posts\/703921","targetHints":{"allow":["GET"]}}],"collection":[{"href":"https:\/\/unifranz.edu.bo\/pt\/wp-json\/wp\/v2\/posts"}],"about":[{"href":"https:\/\/unifranz.edu.bo\/pt\/wp-json\/wp\/v2\/types\/post"}],"author":[{"embeddable":true,"href":"https:\/\/unifranz.edu.bo\/pt\/wp-json\/wp\/v2\/users\/49"}],"replies":[{"embeddable":true,"href":"https:\/\/unifranz.edu.bo\/pt\/wp-json\/wp\/v2\/comments?post=703921"}],"version-history":[{"count":2,"href":"https:\/\/unifranz.edu.bo\/pt\/wp-json\/wp\/v2\/posts\/703921\/revisions"}],"predecessor-version":[{"id":703924,"href":"https:\/\/unifranz.edu.bo\/pt\/wp-json\/wp\/v2\/posts\/703921\/revisions\/703924"}],"wp:featuredmedia":[{"embeddable":true,"href":"https:\/\/unifranz.edu.bo\/pt\/wp-json\/wp\/v2\/media\/703922"}],"wp:attachment":[{"href":"https:\/\/unifranz.edu.bo\/pt\/wp-json\/wp\/v2\/media?parent=703921"}],"wp:term":[{"taxonomy":"category","embeddable":true,"href":"https:\/\/unifranz.edu.bo\/pt\/wp-json\/wp\/v2\/categories?post=703921"},{"taxonomy":"post_tag","embeddable":true,"href":"https:\/\/unifranz.edu.bo\/pt\/wp-json\/wp\/v2\/tags?post=703921"}],"curies":[{"name":"wp","href":"https:\/\/api.w.org\/{rel}","templated":true}]}}