{"id":703871,"date":"2025-04-03T12:41:42","date_gmt":"2025-04-03T16:41:42","guid":{"rendered":"https:\/\/unifranz.edu.bo\/?p=703871"},"modified":"2025-04-03T12:41:43","modified_gmt":"2025-04-03T16:41:43","slug":"cambio-de-mentalidad-e-inversion-en-educacion-claves-para-la-creacion-de-riqueza-en-bolivia","status":"publish","type":"post","link":"https:\/\/unifranz.edu.bo\/pt\/blog\/cambio-de-mentalidad-e-inversion-en-educacion-claves-para-la-creacion-de-riqueza-en-bolivia\/","title":{"rendered":"Cambio de mentalidad e inversi\u00f3n en educaci\u00f3n: claves para la creaci\u00f3n de riqueza en Bolivia"},"content":{"rendered":"<p>La crisis econ\u00f3mica en Bolivia alcanz\u00f3 niveles alarmantes, y las soluciones tradicionales parecen no ser suficientes para revertir la situaci\u00f3n. Seg\u00fan el analista financiero Jaime Dunn, el pa\u00eds no solo enfrenta dificultades econ\u00f3micas, sino tambi\u00e9n una crisis de mentalidad.&nbsp;<\/p>\n\n\n\n<p>En su an\u00e1lisis, Dunn sostiene que la salida de este estancamiento no depende \u00fanicamente de ajustes econ\u00f3micos, sino de un cambio profundo en la forma en que los bolivianos entienden el desarrollo. Su propuesta es clara: en lugar de centrarse en la redistribuci\u00f3n de recursos, Bolivia debe enfocarse en la creaci\u00f3n de riqueza a trav\u00e9s de la inversi\u00f3n en educaci\u00f3n y salud.&nbsp;<\/p>\n\n\n\n<blockquote class=\"wp-block-quote is-layout-flow wp-block-quote-is-layout-flow\">\n<p>\u201cBolivia ha estado atrapada en una cultura de culpabilizaci\u00f3n. En lugar de preguntarnos, qu\u00e9 hemos hecho mal, el pa\u00eds suele buscar responsables externos de su crisis\u201d, explica Dunn, quien recientemente brind\u00f3 la conferencia denominada&nbsp;<em>Programa econ\u00f3mico para la creaci\u00f3n de riqueza en Bolivia<\/em>\u201d, evento organizado por la Universidad Franz Tamayo, Unifranz, en Santa Cruz.<\/p>\n<\/blockquote>\n\n\n\n<p>Seg\u00fan el analista, esta mentalidad se ha arraigado profundamente en la sociedad boliviana, desde el gobierno hasta las familias.&nbsp;<\/p>\n\n\n\n<p>\u201cSiempre echamos la culpa a alguien: los librecambistas, los exportadores, el gobierno anterior. Pero nunca nos detenemos a reflexionar sobre nuestras propias responsabilidades y errores\u201d, se\u00f1ala Dunn.&nbsp;<\/p>\n\n\n\n<p>Este problema no es solo cultural, sino que se traduce en pol\u00edticas p\u00fablicas ineficientes que priorizan la distribuci\u00f3n de recursos en lugar de la generaci\u00f3n de riqueza. En este contexto, el modelo econ\u00f3mico boliviano ha dependido hist\u00f3ricamente del Estado como eje central de la econom\u00eda, lo que ha limitado el desarrollo del sector privado y la innovaci\u00f3n.&nbsp;<\/p>\n\n\n\n<h2 class=\"wp-block-heading\" id=\"h-el-rol-del-estado-en-la-crisis-nbsp\"><strong>El rol del Estado en la crisis&nbsp;<\/strong><\/h2>\n\n\n\n<p>Dunn se\u00f1ala que el modelo econ\u00f3mico vigente en Bolivia se basa en la intervenci\u00f3n estatal en m\u00faltiples \u00e1reas: planificaci\u00f3n, producci\u00f3n, distribuci\u00f3n, inversi\u00f3n y financiamiento. Este esquema, seg\u00fan Dunn, ha llevado a una sobrecarga del Estado, que ahora enfrenta serias dificultades para sostenerse.&nbsp;<\/p>\n\n\n\n<p>En contraste, los sectores productivos privados enfrentan obst\u00e1culos como excesiva burocracia, regulaciones restrictivas y falta de incentivos para la inversi\u00f3n.&nbsp;<\/p>\n\n\n\n<p>\u201cLa riqueza no se distribuye, se crea\u201d, enfatiza Dunn. Para lograrlo, es necesario cambiar la mentalidad predominante y adoptar un enfoque orientado hacia el crecimiento sostenible.&nbsp;<\/p>\n\n\n\n<p><strong>Educaci\u00f3n y salud: inversiones clave para el futuro&nbsp;<\/strong><\/p>\n\n\n\n<p>Para salir de la crisis, el analista propone dos pilares fundamentales: educaci\u00f3n y salud. A su juicio, sin una poblaci\u00f3n bien educada y saludable, cualquier intento de reactivaci\u00f3n econ\u00f3mica ser\u00e1 ef\u00edmero.&nbsp;<\/p>\n\n\n\n<ol class=\"wp-block-list\">\n<li><strong>Educaci\u00f3n de calidad y orientada al mercado\u00a0<\/strong><\/li>\n<\/ol>\n\n\n\n<p>Bolivia necesita reformar su sistema educativo para alinearlo con las necesidades del mundo moderno. La formaci\u00f3n t\u00e9cnica y cient\u00edfica debe ser una prioridad, incentivando el desarrollo de habilidades que permitan a los ciudadanos competir en mercados globales. Adem\u00e1s, el sistema educativo debe fomentar el pensamiento cr\u00edtico y el esp\u00edritu emprendedor, en lugar de una mentalidad dependiente del Estado.&nbsp;<\/p>\n\n\n\n<ol start=\"2\" class=\"wp-block-list\">\n<li><strong>Salud como inversi\u00f3n, no como gasto\u00a0<\/strong><\/li>\n<\/ol>\n\n\n\n<p>La salud no solo es un derecho fundamental, sino tambi\u00e9n un factor clave para la productividad de un pa\u00eds. Un trabajador sano es m\u00e1s eficiente y puede contribuir mejor al crecimiento econ\u00f3mico.&nbsp;<\/p>\n\n\n\n<p>Dunn sugiere que Bolivia debe adoptar un modelo de salud que garantice acceso a servicios de calidad, combinando inversi\u00f3n p\u00fablica con incentivos para el sector privado.&nbsp;<\/p>\n\n\n\n<h2 class=\"wp-block-heading\" id=\"h-el-camino-hacia-la-creacion-de-riqueza-nbsp\"><strong>El camino hacia la creaci\u00f3n de riqueza&nbsp;<\/strong><\/h2>\n\n\n\n<p>Hist\u00f3ricamente, pa\u00edses como Jap\u00f3n, Corea del Sur e Irlanda superaron sus crisis econ\u00f3micas mediante reformas estructurales y un enfoque en la educaci\u00f3n y la salud. Bolivia puede seguir ese camino si adopta pol\u00edticas que fomenten la inversi\u00f3n, la innovaci\u00f3n y el desarrollo del talento humano.&nbsp;<\/p>\n\n\n\n<p>Dunn identifica seis ejes para transformar la econom\u00eda boliviana:&nbsp;<\/p>\n\n\n\n<ol class=\"wp-block-list\">\n<li>Seguridad jur\u00eddica y reforma de la justicia: sin un marco legal confiable, las inversiones no llegar\u00e1n al pa\u00eds.\u00a0<\/li>\n\n\n\n<li>Flexibilizaci\u00f3n laboral: permitir que los salarios y condiciones laborales se ajusten a la realidad del mercado.\u00a0<\/li>\n\n\n\n<li>Libertad de elecci\u00f3n en educaci\u00f3n y salud: que las familias puedan elegir d\u00f3nde educarse y atenderse, incentivando la competencia y la calidad.\u00a0<\/li>\n\n\n\n<li>Protecci\u00f3n de la propiedad privada: combatir los avasallamientos y garantizar el respeto a la inversi\u00f3n privada.\u00a0<\/li>\n\n\n\n<li>Fomento al capitalismo popular: permitir que los ciudadanos inviertan en acciones y participen en la econom\u00eda formal.\u00a0<\/li>\n\n\n\n<li>Apertura al comercio global: reducir las trabas a las exportaciones y promover la integraci\u00f3n de Bolivia en mercados internacionales.\u00a0<\/li>\n<\/ol>\n\n\n\n<p>A decir del analista, el modelo econ\u00f3mico actual en Bolivia ha demostrado ser insostenible. Para salir de la crisis, no basta con ajustar pol\u00edticas fiscales o monetarias; se requiere un cambio de mentalidad que priorice la creaci\u00f3n de riqueza en lugar de la redistribuci\u00f3n.&nbsp;<\/p>\n\n\n\n<p>Invertir en educaci\u00f3n y salud no es solo una cuesti\u00f3n social, sino una estrategia econ\u00f3mica para garantizar un crecimiento sostenible. Si Bolivia adopta este enfoque y promueve un ambiente propicio para la inversi\u00f3n y la innovaci\u00f3n, podr\u00e1 dejar atr\u00e1s d\u00e9cadas de estancamiento y construir un futuro m\u00e1s pr\u00f3spero para su poblaci\u00f3n.<\/p>","protected":false},"excerpt":{"rendered":"<p>La crisis econ\u00f3mica en Bolivia alcanz\u00f3 niveles alarmantes, y las soluciones tradicionales parecen no ser suficientes para revertir la situaci\u00f3n. Seg\u00fan el analista financiero Jaime Dunn, el pa\u00eds no solo enfrenta dificultades econ\u00f3micas, sino tambi\u00e9n una crisis de mentalidad.\u00a0<\/p>","protected":false},"author":49,"featured_media":703872,"comment_status":"open","ping_status":"open","sticky":false,"template":"","format":"standard","meta":{"_acf_changed":false,"footnotes":""},"categories":[60,1862],"tags":[266,53,1422,242],"class_list":["post-703871","post","type-post","status-publish","format-standard","has-post-thumbnail","hentry","category-blog","category-educacion","tag-bolivia","tag-educacion","tag-innovacion-en-educacion","tag-unifranz"],"acf":[],"_links":{"self":[{"href":"https:\/\/unifranz.edu.bo\/pt\/wp-json\/wp\/v2\/posts\/703871","targetHints":{"allow":["GET"]}}],"collection":[{"href":"https:\/\/unifranz.edu.bo\/pt\/wp-json\/wp\/v2\/posts"}],"about":[{"href":"https:\/\/unifranz.edu.bo\/pt\/wp-json\/wp\/v2\/types\/post"}],"author":[{"embeddable":true,"href":"https:\/\/unifranz.edu.bo\/pt\/wp-json\/wp\/v2\/users\/49"}],"replies":[{"embeddable":true,"href":"https:\/\/unifranz.edu.bo\/pt\/wp-json\/wp\/v2\/comments?post=703871"}],"version-history":[{"count":1,"href":"https:\/\/unifranz.edu.bo\/pt\/wp-json\/wp\/v2\/posts\/703871\/revisions"}],"predecessor-version":[{"id":703873,"href":"https:\/\/unifranz.edu.bo\/pt\/wp-json\/wp\/v2\/posts\/703871\/revisions\/703873"}],"wp:featuredmedia":[{"embeddable":true,"href":"https:\/\/unifranz.edu.bo\/pt\/wp-json\/wp\/v2\/media\/703872"}],"wp:attachment":[{"href":"https:\/\/unifranz.edu.bo\/pt\/wp-json\/wp\/v2\/media?parent=703871"}],"wp:term":[{"taxonomy":"category","embeddable":true,"href":"https:\/\/unifranz.edu.bo\/pt\/wp-json\/wp\/v2\/categories?post=703871"},{"taxonomy":"post_tag","embeddable":true,"href":"https:\/\/unifranz.edu.bo\/pt\/wp-json\/wp\/v2\/tags?post=703871"}],"curies":[{"name":"wp","href":"https:\/\/api.w.org\/{rel}","templated":true}]}}