{"id":703814,"date":"2025-03-31T17:18:27","date_gmt":"2025-03-31T21:18:27","guid":{"rendered":"https:\/\/unifranz.edu.bo\/?p=703814"},"modified":"2025-04-03T11:41:43","modified_gmt":"2025-04-03T15:41:43","slug":"unifranz-el-alto-premia-internacionalizacion","status":"publish","type":"post","link":"https:\/\/unifranz.edu.bo\/pt\/blog\/unifranz-el-alto-premia-internacionalizacion\/","title":{"rendered":"Docentes de Unifranz El Alto reciben reconocimiento por su aporte a la internacionalizaci\u00f3n"},"content":{"rendered":"<p>La internacionalizaci\u00f3n acad\u00e9mica se ha convertido en un pilar fundamental para la educaci\u00f3n superior, ya que abre las puertas a nuevas experiencias, conocimientos y conexiones globales. Bajo esta premisa, Unifranz El Alto celebr\u00f3 la segunda versi\u00f3n de los Unifranz International Educators Awards, un evento que reconoci\u00f3 el esfuerzo y la dedicaci\u00f3n de alrededor de treinta docentes que en 2024 expandieron las fronteras de la educaci\u00f3n a trav\u00e9s de diversas iniciativas innovadoras.<\/p>\n\n\n\n<p><\/p>\n\n\n\n<p>Durante la ceremonia, se premi\u00f3 a los educadores que en la pasada gesti\u00f3n gestionaron y llevaron adelante clases espejo, master classes y aulas COIL (Collaborative Online International Learning, Aprendizaje Internacional Colaborativo en L\u00ednea), entre otras modalidades, en colaboraci\u00f3n con expertos de universidades extranjeras. Estos espacios permiten a los futuros profesionales interactuar con nuevas perspectivas, modelos de ense\u00f1anza y enfoques educativos, brind\u00e1ndoles una formaci\u00f3n m\u00e1s amplia y globalizada.<\/p>\n\n\n\n<p><\/p>\n\n\n\n<p>Cuatro fueron las categor\u00edas en las que los docentes fueron galardonados:<br>\uf0d8 International Educator, distingue a docentes que participaron como expositores en una o varias Clases Espejo con una universidad del extranjero.<br>\uf0d8 Master Educator, reconoce a docentes que brindaron conferencias y clases magistrales en el extranjero.<br>\uf0d8 Distinguished Global Educator, distingue a quienes lideraron proyectos colaborativos COIL.<br>\uf0d8 Education Bridge Builder, por promover v\u00ednculos estrat\u00e9gicos con expertos y redes acad\u00e9micas internacionales.<\/p>\n\n\n\n<p>Todas ellas reconocen el impacto positivo generado en la formaci\u00f3n de los estudiantes, plasmado en una educaci\u00f3n innovadora, transformadora y alineada con las exigencias del mundo actual.<\/p>\n\n\n\n<p><\/p>\n\n\n\n<p>Durante su discurso, la vicerrectora de Unifranz El Alto, Eve G\u00f3mez, resalt\u00f3 la importancia de este reconocimiento y el impacto que tiene en la comunidad educativa. \u00abEsta noche hemos sido testigos de un verdadero homenaje a la pasi\u00f3n, la innovaci\u00f3n y el compromiso con la educaci\u00f3n global. Cada uno de los educadores reconocidos aqu\u00ed no solo transforma aulas, sino que tambi\u00e9n rompe fronteras, construye puentes y expande horizontes para miles de estudiantes en todo el mundo\u00bb.<\/p>\n\n\n\n<p><\/p>\n\n\n\n<p>Por su parte, la decana acad\u00e9mica de la instituci\u00f3n, Katia Camacho, destac\u00f3 que \u201clos docentes que reciben esta distinci\u00f3n han demostrado un compromiso excepcional en impulsar esta importante dimensi\u00f3n de la educaci\u00f3n. Sus esfuerzos no solo permitieron a los estudiantes acceder a conocimientos y perspectivas globales, sino que tambi\u00e9n contribuyeron al prestigio y la proyecci\u00f3n internacional de nuestra universidad\u201d, asegur\u00f3 la titular acad\u00e9mica.<\/p>\n\n\n\n<p><\/p>\n\n\n\n<h2 class=\"wp-block-heading\" id=\"h-la-internacionalizacion-un-camino-hacia-la-excelencia\"><strong>La internacionalizaci\u00f3n: un camino hacia la excelencia<\/strong><\/h2>\n\n\n\n<p>Los beneficios de la internacionalizaci\u00f3n en la educaci\u00f3n superior son innegables. No solo permite que los estudiantes y docentes ampl\u00eden sus horizontes acad\u00e9micos, sino que tambi\u00e9n fomenta el desarrollo de competencias interculturales, el pensamiento cr\u00edtico y la adaptabilidad en un mundo globalizado.<\/p>\n\n\n\n<p><\/p>\n\n\n\n<p>Unifranz, l\u00edder en internacionalizaci\u00f3n, apuesta por una formaci\u00f3n que trasciende fronteras, promoviendo alianzas con instituciones internacionales y generando oportunidades de aprendizaje en contextos diversos. Ya sea a trav\u00e9s del intercambio de conocimientos y experiencias por medios virtuales, del programa de movilidad estudiantil y docente, o mediante el desarrollo de conferencias, seminarios y talleres con expertos internacionales, estas experiencias fortalecen la calidad educativa y preparan a los futuros profesionales con una visi\u00f3n global.<\/p>\n\n\n\n<p><\/p>\n\n\n\n<h2 class=\"wp-block-heading\" id=\"h-nuevas-oportunidades-de-internacionalizacion\"><strong>Nuevas oportunidades de internacionalizaci\u00f3n<\/strong><\/h2>\n\n\n\n<p>Durante el evento, tambi\u00e9n se lanz\u00f3 la convocatoria para el programa de internacionalizaci\u00f3n de esta gesti\u00f3n, invitando a los docentes a generar nuevos espacios de colaboraci\u00f3n internacional y promover la educaci\u00f3n global.<\/p>\n\n\n\n<p><\/p>\n\n\n\n<p>Annette Escobar, docente de la carrera de Derecho y ganadora del <strong>International Educator<\/strong>, destac\u00f3 la premiaci\u00f3n y agradeci\u00f3 a Unifranz \u201cpor reconocer todo el esfuerzo que realizamos como docentes para la ense\u00f1anza a nuestros estudiantes, nos motiva mucho m\u00e1s a continuar con esta experiencia de la internacionalizaci\u00f3n (\u2026) nos permite crecer profesionalmente, acad\u00e9micamente, pero sobre todo sentirnos valorados en todo lo que nosotros hacemos \u00ab, destac\u00f3 Escobar.<\/p>\n\n\n\n<p><\/p>\n\n\n\n<p>Con eventos como el Unifranz International Educators Awards, que motivan y promueven el fortalecimiento de la internacionalizaci\u00f3n, Unifranz reafirma su compromiso con la educaci\u00f3n de calidad, impulsando una ense\u00f1anza que no solo traspasa las aulas, sino que conecta culturas, conocimientos y oportunidades en un escenario global.<\/p>\n\n\n\n<p><\/p>\n\n\n\n<h2 class=\"wp-block-heading\" id=\"h-docentes-premiados\"><strong>Docentes premiados<\/strong><\/h2>\n\n\n\n<p><\/p>\n\n\n\n<p><strong>\u2022 Educator Bridge Builder<\/strong><br>Alvaro Iba\u00f1ez &#8211; Odontolog\u00eda<br>Angela Loayza &#8211; Administraci\u00f3n de Hoteler\u00eda y Turismo<br>Beatriz Mita &#8211; Enfermer\u00eda<br>Cynthia Luz Arduz &#8211; Bioqu\u00edmica y Farmacia<br>Eliana Exalto &#8211; Psicolog\u00eda<br>Elizabeth Mayta &#8211; Enfermer\u00eda<br>Jaime Javier Pari &#8211; Administraci\u00f3n de Empresas<br>Janneth Justina &#8211; Enfermer\u00eda<br>Karina Sanchez &#8211; Psicolog\u00eda<br>Leticia Frida Quenta &#8211; Administraci\u00f3n de empresas<br>Luis Esteban Palacios &#8211; Dise\u00f1o Grafico y Producci\u00f3n Crossmedia<br>Marco Antonio Balboa &#8211; Medicina<br>Nataly Miranda &#8211; Ingenieria de Sistemas<br>Nicolas Joaquin Vasquez &#8211; Derecho<br>Walter Mayorga &#8211; Administraci\u00f3n de Empresas<\/p>\n\n\n\n<p><\/p>\n\n\n\n<p><strong>\u2022 International Educator<\/strong><br>Andrea Cisneros &#8211; Ingenier\u00eda Comercial<br>Annette Escobar &#8211; Derecho<br>Beatriz Mamani &#8211; Enfermer\u00eda<br>Carla Larrea &#8211; Odontolog\u00eda<br>Alejandro Ticonipa &#8211; Medicina<br>Javier Pari &#8211; Ingenier\u00eda Comercial<br>Jos\u00e9 Lauro Copana &#8211; Administraci\u00f3n de Empresas<br>Pablo Guerrero &#8211; Ingenier\u00eda de Sistemas<br>Rolando Garc\u00eda &#8211; Dise\u00f1o Gr\u00e1fico<\/p>\n\n\n\n<p><\/p>\n\n\n\n<p><strong>\u2022 Master Educator y Distinguished Educator<\/strong><br>Rodrigo Inchauste \u2013 Administraci\u00f3n de Empresas<\/p>\n\n\n\n<p><\/p>","protected":false},"excerpt":{"rendered":"<p>Docentes de Unifranz son premiados por su labor en educaci\u00f3n global, fortaleciendo conexiones y brindando oportunidades de internacionalizaci\u00f3n.<\/p>","protected":false},"author":25,"featured_media":703826,"comment_status":"open","ping_status":"open","sticky":false,"template":"","format":"standard","meta":{"_acf_changed":false,"footnotes":""},"categories":[60,1854,302,1940,1782,10374,7850],"tags":[47,1422,1180,242],"class_list":["post-703814","post","type-post","status-publish","format-standard","has-post-thumbnail","hentry","category-blog","category-docentes-es","category-el-alto","category-premiacion","category-unifranz","category-unifranz-el-alto","category-unifranz-international-educators-awards","tag-el-alto","tag-innovacion-en-educacion","tag-premios","tag-unifranz"],"acf":[],"_links":{"self":[{"href":"https:\/\/unifranz.edu.bo\/pt\/wp-json\/wp\/v2\/posts\/703814","targetHints":{"allow":["GET"]}}],"collection":[{"href":"https:\/\/unifranz.edu.bo\/pt\/wp-json\/wp\/v2\/posts"}],"about":[{"href":"https:\/\/unifranz.edu.bo\/pt\/wp-json\/wp\/v2\/types\/post"}],"author":[{"embeddable":true,"href":"https:\/\/unifranz.edu.bo\/pt\/wp-json\/wp\/v2\/users\/25"}],"replies":[{"embeddable":true,"href":"https:\/\/unifranz.edu.bo\/pt\/wp-json\/wp\/v2\/comments?post=703814"}],"version-history":[{"count":3,"href":"https:\/\/unifranz.edu.bo\/pt\/wp-json\/wp\/v2\/posts\/703814\/revisions"}],"predecessor-version":[{"id":703858,"href":"https:\/\/unifranz.edu.bo\/pt\/wp-json\/wp\/v2\/posts\/703814\/revisions\/703858"}],"wp:featuredmedia":[{"embeddable":true,"href":"https:\/\/unifranz.edu.bo\/pt\/wp-json\/wp\/v2\/media\/703826"}],"wp:attachment":[{"href":"https:\/\/unifranz.edu.bo\/pt\/wp-json\/wp\/v2\/media?parent=703814"}],"wp:term":[{"taxonomy":"category","embeddable":true,"href":"https:\/\/unifranz.edu.bo\/pt\/wp-json\/wp\/v2\/categories?post=703814"},{"taxonomy":"post_tag","embeddable":true,"href":"https:\/\/unifranz.edu.bo\/pt\/wp-json\/wp\/v2\/tags?post=703814"}],"curies":[{"name":"wp","href":"https:\/\/api.w.org\/{rel}","templated":true}]}}