{"id":703784,"date":"2025-03-28T12:20:11","date_gmt":"2025-03-28T16:20:11","guid":{"rendered":"https:\/\/unifranz.edu.bo\/?p=703784"},"modified":"2025-03-28T12:20:13","modified_gmt":"2025-03-28T16:20:13","slug":"tos-seca-en-bolivia-una-molestia-persistente-que-enciende-alertas-medicas","status":"publish","type":"post","link":"https:\/\/unifranz.edu.bo\/pt\/blog\/tos-seca-en-bolivia-una-molestia-persistente-que-enciende-alertas-medicas\/","title":{"rendered":"Tos seca en Bolivia: una molestia persistente que enciende alertas m\u00e9dicas"},"content":{"rendered":"<p>En los \u00faltimos d\u00edas, las consultas m\u00e9dicas por tos seca han aumentado considerablemente en diferentes regiones de Bolivia, incluyendo La Paz, Cochabamba, Oruro, Sucre y Santa Cruz. Este tipo de tos, caracterizada por su persistencia, intensidad y la ausencia de flema, est\u00e1 generando preocupaci\u00f3n en la poblaci\u00f3n y en los especialistas en salud.<\/p>\n\n\n\n<p>Al respecto, \u00c1lvaro Dennis Canchari Quilo, profesional m\u00e9dico y docente de la carrera de Medicina en la Universidad Franz Tamayo, Unifranz, explica que \u201cla tos seca suele ser un reflejo de irritaci\u00f3n en las v\u00edas respiratorias, que puede deberse a infecciones virales, alergias, exposici\u00f3n a irritantes ambientales o incluso a patolog\u00edas m\u00e1s serias como tuberculosis o reflujo gastroesof\u00e1gico\u201d.<\/p>\n\n\n\n<p>El galeno agrega que muchos pacientes refieren que los s\u00edntomas empeoran en las noches, interfieren con el sue\u00f1o, generan fatiga, ardor en el pecho o incluso dolor de cabeza por la fuerza del reflejo tus\u00edgeno.&nbsp;<\/p>\n\n\n\n<blockquote class=\"wp-block-quote is-layout-flow wp-block-quote-is-layout-flow\">\n<p>\u201cEn algunos casos, tambi\u00e9n se acompa\u00f1a de congesti\u00f3n nasal, sin fiebre, lo que lleva a confundirla con una reacci\u00f3n al\u00e9rgica o un resfr\u00edo leve. Esta presentaci\u00f3n at\u00edpica ha encendido alertas en centros de atenci\u00f3n primaria\u201d, puntualiza.<\/p>\n<\/blockquote>\n\n\n\n<p>Es el caso de Gabriela, una mujer de 57 a\u00f1os que ha aprendido a convivir con la rinitis al\u00e9rgica cr\u00f3nica, que nunca imagin\u00f3 que una simple tos podr\u00eda generarle tanta preocupaci\u00f3n. Durante m\u00e1s de dos semanas, esa molesta y persistente tos seca no solo alter\u00f3 su rutina, sino que tambi\u00e9n encendi\u00f3 alarmas en su salud. Sin se\u00f1ales de catarro y con el miedo latente a una posible afecci\u00f3n pulmonar, no tuvo m\u00e1s opci\u00f3n que acudir a especialistas en busca de respuestas y alivio.<\/p>\n\n\n\n<h2 class=\"wp-block-heading\" id=\"h-cuales-son-las-causas-principales\"><strong>\u00bfCu\u00e1les son las causas principales?<\/strong><\/h2>\n\n\n\n<p>Canchari informa que, seg\u00fan reportes recientes, las causas m\u00e1s frecuentes de la tos seca en Bolivia, entre 2024 y 2025, son:<\/p>\n\n\n\n<ul class=\"wp-block-list\">\n<li>Infecciones virales (40%)<\/li>\n\n\n\n<li>Alergias respiratorias (25%)<\/li>\n\n\n\n<li>Irritantes ambientales como polvo, humo o contaminaci\u00f3n (15%)<\/li>\n\n\n\n<li>COVID-19 leve (10%)<\/li>\n\n\n\n<li>Otras causas como reflujo, tuberculosis o medicamentos (10%)<\/li>\n<\/ul>\n\n\n\n<p>\u201cSi bien en muchos casos la tos seca es autolimitante y mejora con el tiempo, en otros puede ser una se\u00f1al de alerta de enfermedades subyacentes, por lo que su duraci\u00f3n y otros s\u00edntomas asociados deben evaluarse con atenci\u00f3n\u201d, indica.<\/p>\n\n\n\n<h2 class=\"wp-block-heading\" id=\"h-es-mas-peligrosa-que-un-resfriado-comun\"><strong>\u00bfEs m\u00e1s peligrosa que un resfriado com\u00fan?<\/strong><\/h2>\n\n\n\n<p>A diferencia de un resfriado, que suele resolverse en unos 5 a 7 d\u00edas, una tos seca persistente puede durar varias semanas y afectar la calidad de vida de los pacientes. En personas con enfermedades respiratorias cr\u00f3nicas como asma, rinitis al\u00e9rgica, bronquitis o enfermedad pulmonar obstructiva cr\u00f3nica (EPOC), este tipo de tos puede desencadenar crisis severas.<\/p>\n\n\n\n<p>\u201cCuando la tos seca se prolonga por m\u00e1s de dos semanas o se acompa\u00f1a de s\u00edntomas como fiebre, dificultad para respirar o p\u00e9rdida de peso, es fundamental acudir a un especialista para descartar afecciones m\u00e1s graves\u201d, se\u00f1ala Canchari.<\/p>\n\n\n\n<p>Adem\u00e1s, la tos seca tambi\u00e9n puede ser un s\u00edntoma inicial de enfermedades como tuberculosis (que sigue siendo prevalente en \u00e1reas con hacinamiento), Covid-19, infecciones mic\u00f3ticas pulmonares o reflujo gastroesof\u00e1gico. Por eso, si se prolonga m\u00e1s all\u00e1 de dos semanas o se acompa\u00f1a de p\u00e9rdida de peso, sudoraci\u00f3n nocturna o dificultad respiratoria, requiere atenci\u00f3n m\u00e9dica con suma urgencia.<\/p>\n\n\n\n<h2 class=\"wp-block-heading\" id=\"h-factores-que-agravan-la-tos-seca-en-bolivia\"><strong>Factores que agravan la tos seca en Bolivia<\/strong><\/h2>\n\n\n\n<p>Seg\u00fan el especialista, tres factores agravan el impacto de esta enfermedad en el pa\u00eds:<\/p>\n\n\n\n<ul class=\"wp-block-list\">\n<li>Las bajas temperaturas y la humedad como consecuencia de las fuertes lluvias que afectan la mucosa respiratoria y facilitan las infecciones.<\/li>\n\n\n\n<li>La contaminaci\u00f3n del aire, ya que la exposici\u00f3n al humo y polvo irrita las v\u00edas respiratorias de las personas.<\/li>\n\n\n\n<li>Mala ventilaci\u00f3n en viviendas, ya que favorece la acumulaci\u00f3n de \u00e1caros y moho.<\/li>\n<\/ul>\n\n\n\n<p>\u201cLa combinaci\u00f3n de estos factores contribuye al aumento de los casos en \u00e9poca de lluvias, cuando las condiciones ambientales favorecen la proliferaci\u00f3n de al\u00e9rgenos y pat\u00f3genos\u201d, explica el especialista.<\/p>\n\n\n\n<h2 class=\"wp-block-heading\" id=\"h-como-tratar-la-tos-seca\"><strong>\u00bfC\u00f3mo tratar la tos seca?<\/strong><\/h2>\n\n\n\n<p>El tratamiento var\u00eda seg\u00fan la causa:<\/p>\n\n\n\n<ul class=\"wp-block-list\">\n<li>Para infecciones virales leves se recomienda hidrataci\u00f3n, infusiones calientes (como manzanilla, eucalipto o jengibre) y reposo.<\/li>\n\n\n\n<li>Para causas al\u00e9rgicas, lo ideal es la administraci\u00f3n de antihistam\u00ednicos y control del ambiente.<\/li>\n\n\n\n<li>Si es por irritantes ambientales, se debe proceder a la ventilaci\u00f3n y el uso de purificadores de aire.<\/li>\n<\/ul>\n\n\n\n<p>\u201cEs fundamental evitar la automedicaci\u00f3n, especialmente con antibi\u00f3ticos, ya que no tienen efecto en infecciones virales y pueden generar resistencia bacteriana\u201d, enfatiza Canchari, por lo que, para prevenir y manejar la tos seca, recomienda:<\/p>\n\n\n\n<ul class=\"wp-block-list\">\n<li>Mantener una adecuada hidrataci\u00f3n y alimentaci\u00f3n rica en vitamina C.<\/li>\n\n\n\n<li>Ventilar los ambientes y reducir la exposici\u00f3n a al\u00e9rgenos.<\/li>\n\n\n\n<li>Evitar cambios bruscos de temperatura y abrigarse adecuadamente.<\/li>\n\n\n\n<li>Consultar con un profesional de salud si la tos persiste m\u00e1s de 10 d\u00edas.<\/li>\n<\/ul>\n\n\n\n<p>\u201cLa tos seca puede parecer inofensiva, pero si persiste o se acompa\u00f1a de otros s\u00edntomas, puede ser una se\u00f1al de una afecci\u00f3n m\u00e1s seria. No debemos subestimar la salud respiratoria\u201d, concluye Canchari.<\/p>\n\n\n\n<p>Ante el aumento de casos, los especialistas insisten en que la prevenci\u00f3n y el diagn\u00f3stico oportuno son clave para evitar complicaciones. Si la tos seca no cede, lo mejor es buscar ayuda m\u00e9dica sin demora.<\/p>","protected":false},"excerpt":{"rendered":"<p>En los \u00faltimos d\u00edas, las consultas m\u00e9dicas por tos seca han aumentado considerablemente en diferentes regiones de Bolivia, incluyendo La Paz, Cochabamba, Oruro, Sucre y Santa Cruz. Este tipo de tos, caracterizada por su persistencia, intensidad y la ausencia de flema, est\u00e1 generando preocupaci\u00f3n en la poblaci\u00f3n y en los especialistas en salud.<\/p>","protected":false},"author":50,"featured_media":703785,"comment_status":"open","ping_status":"open","sticky":false,"template":"","format":"standard","meta":{"_acf_changed":false,"footnotes":""},"categories":[60,1946],"tags":[1422,49,10849,242],"class_list":["post-703784","post","type-post","status-publish","format-standard","has-post-thumbnail","hentry","category-blog","category-medicina","tag-innovacion-en-educacion","tag-medicina","tag-tos-seca","tag-unifranz"],"acf":[],"_links":{"self":[{"href":"https:\/\/unifranz.edu.bo\/pt\/wp-json\/wp\/v2\/posts\/703784","targetHints":{"allow":["GET"]}}],"collection":[{"href":"https:\/\/unifranz.edu.bo\/pt\/wp-json\/wp\/v2\/posts"}],"about":[{"href":"https:\/\/unifranz.edu.bo\/pt\/wp-json\/wp\/v2\/types\/post"}],"author":[{"embeddable":true,"href":"https:\/\/unifranz.edu.bo\/pt\/wp-json\/wp\/v2\/users\/50"}],"replies":[{"embeddable":true,"href":"https:\/\/unifranz.edu.bo\/pt\/wp-json\/wp\/v2\/comments?post=703784"}],"version-history":[{"count":1,"href":"https:\/\/unifranz.edu.bo\/pt\/wp-json\/wp\/v2\/posts\/703784\/revisions"}],"predecessor-version":[{"id":703786,"href":"https:\/\/unifranz.edu.bo\/pt\/wp-json\/wp\/v2\/posts\/703784\/revisions\/703786"}],"wp:featuredmedia":[{"embeddable":true,"href":"https:\/\/unifranz.edu.bo\/pt\/wp-json\/wp\/v2\/media\/703785"}],"wp:attachment":[{"href":"https:\/\/unifranz.edu.bo\/pt\/wp-json\/wp\/v2\/media?parent=703784"}],"wp:term":[{"taxonomy":"category","embeddable":true,"href":"https:\/\/unifranz.edu.bo\/pt\/wp-json\/wp\/v2\/categories?post=703784"},{"taxonomy":"post_tag","embeddable":true,"href":"https:\/\/unifranz.edu.bo\/pt\/wp-json\/wp\/v2\/tags?post=703784"}],"curies":[{"name":"wp","href":"https:\/\/api.w.org\/{rel}","templated":true}]}}