{"id":703779,"date":"2025-03-28T11:53:17","date_gmt":"2025-03-28T15:53:17","guid":{"rendered":"https:\/\/unifranz.edu.bo\/?p=703779"},"modified":"2025-03-28T14:42:08","modified_gmt":"2025-03-28T18:42:08","slug":"la-generacion-z-en-el-trabajo-como-es-y-que-busca","status":"publish","type":"post","link":"https:\/\/unifranz.edu.bo\/pt\/blog\/la-generacion-z-en-el-trabajo-como-es-y-que-busca\/","title":{"rendered":"La generaci\u00f3n Z en el trabajo: \u00bfC\u00f3mo es y qu\u00e9 busca?"},"content":{"rendered":"<p>Nacidos entre mediados de la d\u00e9cada de 1990 y principios de los 2000, los miembros de la generaci\u00f3n Z irrumpieron en el mundo laboral con nuevas exigencias y prioridades. Digitales por naturaleza, inconformistas y con una visi\u00f3n renovada sobre el equilibrio entre el trabajo y la vida personal, estos j\u00f3venes est\u00e1n transformando la manera en que las empresas operan y gestionan su talento.&nbsp;&nbsp;<\/p>\n\n\n\n<p>Los centennials, como tambi\u00e9n se les conoce, han crecido en un entorno digitalizado y en constante cambio. Esto les ha dotado de habilidades tecnol\u00f3gicas avanzadas, pero tambi\u00e9n de una menor tolerancia a la frustraci\u00f3n.&nbsp;<\/p>\n\n\n\n<blockquote class=\"wp-block-quote is-layout-flow wp-block-quote-is-layout-flow\">\n<p>Seg\u00fan Rafael Vidaurre, coordinador del <strong>Observatorio Nacional del Trabajo (ONT)<\/strong> de la Universidad Franz Tamayo, Unifranz, \u201cesta generaci\u00f3n se adapta r\u00e1pidamente al ritmo laboral, pero no tolera bien la presi\u00f3n, lo que puede generar des\u00e1nimo frente a tareas complejas\u201d.&nbsp;&nbsp;<\/p>\n<\/blockquote>\n\n\n\n<p>Por otro lado, Demis Vargas, docente de la carrera de Ingenier\u00eda Econ\u00f3mica de la misma universidad, se\u00f1ala que los j\u00f3venes profesionales buscan comodidad tecnol\u00f3gica y prefieren m\u00e9todos de trabajo m\u00e1s \u00e1giles y digitalizados. Han dejado atr\u00e1s la necesidad de procesos manuales y valoran herramientas que les faciliten la ejecuci\u00f3n de sus tareas.&nbsp;&nbsp;<\/p>\n\n\n\n<p>Los expertos indican que la generaci\u00f3n Z no solo quiere un salario competitivo, sino tambi\u00e9n un trabajo que les aporte un prop\u00f3sito y que est\u00e9 alineado con sus valores. De acuerdo con el estudio \u201cThe New Human Age\u201d de la consultora Manpower Group, para atraer y retener a estos j\u00f3venes, las empresas deben ofrecer flexibilidad, conciliaci\u00f3n entre la vida laboral y personal, y una cultura corporativa transparente e inclusiva.&nbsp;&nbsp;<\/p>\n\n\n\n<p>Este informe explica que \u201cestas nuevas generaciones <strong>quieren trabajar en empresas con impacto, guiadas por un prop\u00f3sito<\/strong> y que sean reflejo de la sociedad. Sus convicciones son firmes y quieren que su trabajo genere valor\u201d.&nbsp;&nbsp;<\/p>\n\n\n\n<p>Adem\u00e1s, valoran la igualdad de oportunidades y la diversidad en el entorno laboral. Seg\u00fan un informe de la consultora Deloitte Digital, un 78% de los centennials considera esencial que sus superiores les reconozcan su esfuerzo y opini\u00f3n.&nbsp;&nbsp;<\/p>\n\n\n\n<p>Prueba de esto, dos fen\u00f3menos han cobrado relevancia en los \u00faltimos a\u00f1os y est\u00e1n directamente relacionados con la generaci\u00f3n Z: el <em><strong>quiet quitting<\/strong> <\/em>y el <em><strong>work ghosting<\/strong><\/em>.&nbsp;&nbsp;<\/p>\n\n\n\n<p>El <em>quiet quitting<\/em> (o renuncia silenciosa) no implica dejar el trabajo, sino cumplir \u00fanicamente con las responsabilidades m\u00ednimas del puesto, sin esfuerzos adicionales. Esta tendencia surge como una respuesta al agotamiento laboral y la falta de motivaci\u00f3n. Muchos j\u00f3venes priorizan su bienestar mental y rechazan la idea de que su vida gire exclusivamente en torno al trabajo.&nbsp;&nbsp;<\/p>\n\n\n\n<p>Por otro lado, el <em>work ghosting <\/em>(o \u201cdesaparici\u00f3n laboral\u201d) es el fen\u00f3meno en el que un empleado deja un trabajo sin previo aviso, simplemente dejando de presentarse. Esto refleja un descontento extremo con el ambiente laboral o con la falta de expectativas de crecimiento. Un estudio de la consultora Randstad revela que este comportamiento est\u00e1 en aumento, especialmente entre j\u00f3venes que no se sienten valorados en su puesto.&nbsp;&nbsp;<\/p>\n\n\n\n<figure class=\"wp-block-embed is-provider-youtube wp-block-embed-youtube\"><div class=\"wp-block-embed__wrapper\">\n<iframe loading=\"lazy\" title=\"La generaci\u00f3n Z en el trabajo: \u00bfC\u00f3mo es y qu\u00e9 busca?\" width=\"500\" height=\"281\" src=\"https:\/\/www.youtube.com\/embed\/0z5QcVyVX9g?feature=oembed\" frameborder=\"0\" allow=\"accelerometer; autoplay; clipboard-write; encrypted-media; gyroscope; picture-in-picture; web-share\" referrerpolicy=\"strict-origin-when-cross-origin\" allowfullscreen><\/iframe>\n<\/div><\/figure>\n\n\n\n<h2 class=\"wp-block-heading\" id=\"h-retos-y-oportunidades-para-las-empresas-nbsp\"><strong>Retos y oportunidades para las empresas&nbsp;<\/strong><\/h2>\n\n\n\n<p>Vidaurre y Vargas puntualizan que las empresas que deseen atraer y retener talento joven deben adaptarse a sus necesidades. Algunas estrategias incluyen:&nbsp;&nbsp;<\/p>\n\n\n\n<p><strong>Flexibilidad laboral<\/strong>: ofrecer horarios h\u00edbridos que combinen el teletrabajo con la presencialidad.&nbsp;&nbsp;<\/p>\n\n\n\n<p><strong>Cultura de reconocimiento<\/strong>: implementar sistemas de retroalimentaci\u00f3n y valoraci\u00f3n del esfuerzo de los empleados.&nbsp;&nbsp;<\/p>\n\n\n\n<p><strong>Formaci\u00f3n continua<\/strong>: brindar oportunidades de aprendizaje y actualizaci\u00f3n, especialmente en tecnolog\u00eda e inteligencia artificial.&nbsp;&nbsp;<\/p>\n\n\n\n<p><strong>Diversidad e inclusi\u00f3n<\/strong>: fomentar un ambiente de trabajo equitativo y respetuoso con todas las identidades.&nbsp;&nbsp;<\/p>\n\n\n\n<blockquote class=\"wp-block-quote is-layout-flow wp-block-quote-is-layout-flow\">\n<p>\u201cLa generaci\u00f3n Z est\u00e1 <strong>redefiniendo las reglas del juego en el mundo del trabajo<\/strong>. No busca simplemente un empleo, sino una experiencia que les aporte valor y les permita desarrollarse personal y profesionalmente. Para las empresas, entender sus necesidades no es solo una cuesti\u00f3n de retenci\u00f3n de talento, sino una estrategia clave para garantizar su competitividad en el futuro\u201d, concluye Vidaurre.<\/p>\n<\/blockquote>","protected":false},"excerpt":{"rendered":"<p>Nacidos entre mediados de la d\u00e9cada de 1990 y principios de los 2000, los miembros de la generaci\u00f3n Z irrumpieron en el mundo laboral con nuevas exigencias y prioridades. Digitales por naturaleza, inconformistas y con una visi\u00f3n renovada sobre el equilibrio entre el trabajo y la vida personal, estos j\u00f3venes est\u00e1n transformando la manera en que las empresas operan y gestionan su talento.\u00a0\u00a0<\/p>","protected":false},"author":49,"featured_media":703782,"comment_status":"open","ping_status":"open","sticky":false,"template":"","format":"standard","meta":{"_acf_changed":false,"footnotes":""},"categories":[60,3422],"tags":[1566,10846,1422,10847,1592,242,10848],"class_list":["post-703779","post","type-post","status-publish","format-standard","has-post-thumbnail","hentry","category-blog","category-trabajo-es","tag-empleo","tag-generacion-z-2","tag-innovacion-en-educacion","tag-quiet-quitting","tag-trabajo","tag-unifranz","tag-work-ghosting"],"acf":[],"_links":{"self":[{"href":"https:\/\/unifranz.edu.bo\/pt\/wp-json\/wp\/v2\/posts\/703779","targetHints":{"allow":["GET"]}}],"collection":[{"href":"https:\/\/unifranz.edu.bo\/pt\/wp-json\/wp\/v2\/posts"}],"about":[{"href":"https:\/\/unifranz.edu.bo\/pt\/wp-json\/wp\/v2\/types\/post"}],"author":[{"embeddable":true,"href":"https:\/\/unifranz.edu.bo\/pt\/wp-json\/wp\/v2\/users\/49"}],"replies":[{"embeddable":true,"href":"https:\/\/unifranz.edu.bo\/pt\/wp-json\/wp\/v2\/comments?post=703779"}],"version-history":[{"count":3,"href":"https:\/\/unifranz.edu.bo\/pt\/wp-json\/wp\/v2\/posts\/703779\/revisions"}],"predecessor-version":[{"id":703795,"href":"https:\/\/unifranz.edu.bo\/pt\/wp-json\/wp\/v2\/posts\/703779\/revisions\/703795"}],"wp:featuredmedia":[{"embeddable":true,"href":"https:\/\/unifranz.edu.bo\/pt\/wp-json\/wp\/v2\/media\/703782"}],"wp:attachment":[{"href":"https:\/\/unifranz.edu.bo\/pt\/wp-json\/wp\/v2\/media?parent=703779"}],"wp:term":[{"taxonomy":"category","embeddable":true,"href":"https:\/\/unifranz.edu.bo\/pt\/wp-json\/wp\/v2\/categories?post=703779"},{"taxonomy":"post_tag","embeddable":true,"href":"https:\/\/unifranz.edu.bo\/pt\/wp-json\/wp\/v2\/tags?post=703779"}],"curies":[{"name":"wp","href":"https:\/\/api.w.org\/{rel}","templated":true}]}}