{"id":703770,"date":"2025-03-28T14:36:12","date_gmt":"2025-03-28T18:36:12","guid":{"rendered":"https:\/\/unifranz.edu.bo\/?p=703770"},"modified":"2025-04-14T14:00:32","modified_gmt":"2025-04-14T18:00:32","slug":"medicosysaluddelfuturo","status":"publish","type":"post","link":"https:\/\/unifranz.edu.bo\/pt\/blog\/medicosysaluddelfuturo\/","title":{"rendered":"Profesionales en salud: las nuevas habilidades que exige la era digital"},"content":{"rendered":"<div class=\"wp-block-post-author\"><div class=\"wp-block-post-author__avatar\"><img alt='' src='https:\/\/secure.gravatar.com\/avatar\/e83dacfa0953202430ef5fc66632429034dd4e72b9e95291520cc266ab20ee5c?s=48&#038;d=mm&#038;r=g' srcset='https:\/\/secure.gravatar.com\/avatar\/e83dacfa0953202430ef5fc66632429034dd4e72b9e95291520cc266ab20ee5c?s=96&#038;d=mm&#038;r=g 2x' class='avatar avatar-48 photo' height='48' width='48' \/><\/div><div class=\"wp-block-post-author__content\"><p class=\"wp-block-post-author__name\">Diego Andr\u00e9s Sabat<\/p><\/div><\/div>\n\n\n<p>La transformaci\u00f3n digital est\u00e1 redefiniendo el ejercicio profesional en salud. La inteligencia artificial, la automatizaci\u00f3n de procesos, la salud digital y los nuevos entornos de aprendizaje est\u00e1n cambiando la forma en la que se forman, trabajan y actualizan los profesionales del \u00e1rea sanitaria.<\/p>\n\n\n\n<p>Seg\u00fan Jimmy Venegas, decano acad\u00e9mico de Unifranz Cochabamba, los profesionales en salud necesitan un nuevo tipo de formaci\u00f3n.<\/p>\n\n\n\n<blockquote class=\"wp-block-quote is-layout-flow wp-block-quote-is-layout-flow\">\n<p>\u201cHoy, el m\u00e9dico debe tener capacidad de an\u00e1lisis de datos, dominio de herramientas digitales, pensamiento cr\u00edtico y una actitud constante de actualizaci\u00f3n. Las habilidades tradicionales ya no son suficientes\u201d, afirma.<\/p>\n\n\n\n<blockquote class=\"wp-block-quote is-layout-flow wp-block-quote-is-layout-flow\">\n<p><\/p>\n<\/blockquote>\n<\/blockquote>\n\n\n\n<p>En respuesta a esta evoluci\u00f3n, la Universidad Franz Tamayo, Unifranz, organiza el<strong> IV Congreso Internacional en Salud: Innovaci\u00f3n y Sostenibilidad<\/strong>, un evento de alto nivel acad\u00e9mico e interdisciplinario que se llevar\u00e1 a cabo el <strong>10 y 11 de abril de 2025.<\/strong> Esta nueva edici\u00f3n, dirigida a estudiantes de pregrado en \u00e1reas de la salud, busca fortalecer las competencias necesarias para enfrentar los retos de una medicina que evoluciona aceleradamente.<\/p>\n\n\n\n<p>El congreso tiene como objetivo generar un espacio de actualizaci\u00f3n, intercambio de experiencias y co-creaci\u00f3n de soluciones en torno a cuatro ejes fundamentales: medicina de precisi\u00f3n, inteligencia artificial, sostenibilidad en salud y educaci\u00f3n m\u00e9dica digital. Est\u00e1 organizado con el respaldo estrat\u00e9gico de la Organizaci\u00f3n Mundial de la Salud (OMS), la Organizaci\u00f3n Panamericana de la Salud (OPS), FAB Care y el Instituto de Neurociencia de Unifranz (INU).<\/p>\n\n\n\n<h3 class=\"wp-block-heading\" id=\"h-hacia-un-nuevo-perfil-profesional\"><strong>Hacia un nuevo perfil profesional<\/strong><\/h3>\n\n\n\n<p>Durante una entrevista, Venegas identific\u00f3 cuatro \u00e1reas donde la tecnolog\u00eda est\u00e1 transformando la pr\u00e1ctica m\u00e9dica y redefiniendo el rol del profesional:<\/p>\n\n\n\n<ol class=\"wp-block-list\">\n<li>Tecnolog\u00eda en hospitales<br>La inteligencia artificial permite predecir complicaciones cl\u00ednicas, personalizar tratamientos y mejorar los resultados de atenci\u00f3n. Hospitales como la Cl\u00ednica Mayo (EE.UU.) ya aplican estos avances con \u00e9xito.<\/li>\n\n\n\n<li>Redise\u00f1o de procesos<br>Herramientas como la telemedicina y la automatizaci\u00f3n exigen reformular los flujos de atenci\u00f3n para liberar tiempo al personal de salud y centrarse en el paciente.<\/li>\n\n\n\n<li>Competencias digitales<br>Los t\u00edtulos universitarios deben complementarse con microcredenciales, formaci\u00f3n continua, manejo de plataformas y pensamiento anal\u00edtico.<\/li>\n\n\n\n<li>Relaci\u00f3n m\u00e9dico-paciente<br>Hoy el paciente llega con m\u00e1s informaci\u00f3n y control sobre su salud. El profesional debe interpretar datos provenientes de apps o dispositivos personales, sin perder la empat\u00eda ni la humanidad en la atenci\u00f3n.<\/li>\n<\/ol>\n\n\n\n<h3 class=\"wp-block-heading\" id=\"h-un-congreso-para-inspirar-y-transformar\"><strong>Un congreso para inspirar y transformar<\/strong><\/h3>\n\n\n\n<p>El congreso busca inspirar a los estudiantes a trav\u00e9s de un enfoque pr\u00e1ctico, centrado en la metodolog\u00eda de \u201caprender haciendo\u201d. A lo largo de las jornadas se desarrollar\u00e1n talleres, simulaciones cl\u00ednicas, debates y actividades de resoluci\u00f3n de problemas en entornos reales y virtuales, conectando la teor\u00eda con experiencias concretas.<\/p>\n\n\n\n<p>El programa acad\u00e9mico incluir\u00e1 a destacados expertos internacionales. El Dr. <strong>Mauricio Bonilla S\u00e1nchez<\/strong> (Colombia), l\u00edder en salud digital y transformaci\u00f3n sanitaria en Europa y Am\u00e9rica Latina, ser\u00e1 el encargado de abrir el evento con una ponencia sobre el futuro de la salud basada en medicina de precisi\u00f3n, inteligencia artificial y biotecnolog\u00eda. A \u00e9l se sumar\u00e1n la Dra. <strong>Alejandra Far\u00edas<\/strong>, asesora regional de la OPS\/OMS en salud digital, y la Dra. <strong>Mar\u00eda Jos\u00e9 Mu\u00f1oz Leal<\/strong>, especialista en IA aplicada a la educaci\u00f3n m\u00e9dica.<\/p>\n\n\n\n<p>Desde Bolivia, la Dra. <strong>Wendy Vargas Guzm\u00e1n<\/strong>, referente en ingenier\u00eda biom\u00e9dica y sostenibilidad hospitalaria, liderar\u00e1 talleres sobre innovaci\u00f3n y gesti\u00f3n de residuos biom\u00e9dicos, mientras que el Dr. <strong>Edgar J. Butr\u00f3n Ledezma<\/strong>, experto en salud global y transformaci\u00f3n digital, compartir\u00e1 experiencias sobre c\u00f3mo escalar soluciones tecnol\u00f3gicas en contextos vulnerables. El evento tambi\u00e9n contar\u00e1 con la participaci\u00f3n de la Dra. <strong>Carolina Ochoa Rosales<\/strong> (Chile), investigadora en epigen\u00e9tica, e importantes acad\u00e9micos y profesionales de Unifranz Cochabamba.<\/p>\n\n\n\n<p>Este espacio representa el compromiso de Unifranz con una educaci\u00f3n que forma no solo profesionales competentes, sino tambi\u00e9n l\u00edderes con visi\u00f3n global y capacidad de innovaci\u00f3n. En su versi\u00f3n anterior, el evento reuni\u00f3 a m\u00e1s de 500 participantes. Para esta nueva edici\u00f3n, Unifranz reafirma su rol como instituci\u00f3n acad\u00e9mica referente en la formaci\u00f3n de profesionales que est\u00e9n preparados para transformar la salud en Bolivia y el mundo.<\/p>\n\n\n\n<ul class=\"wp-block-list\">\n<li><\/li>\n<\/ul>","protected":false},"excerpt":{"rendered":"<p>La transformaci\u00f3n digital est\u00e1 redefiniendo el ejercicio profesional en salud. La inteligencia artificial, la automatizaci\u00f3n de procesos, la salud digital y los nuevos entornos de aprendizaje est\u00e1n cambiando la forma en la que se forman, trabajan y actualizan los profesionales del \u00e1rea sanitaria.<\/p>","protected":false},"author":27,"featured_media":703793,"comment_status":"open","ping_status":"open","sticky":false,"template":"","format":"standard","meta":{"_acf_changed":false,"footnotes":""},"categories":[60,280,3060,5104,1878],"tags":[37,142,53,386,1422,49,124,218,242],"class_list":["post-703770","post","type-post","status-publish","format-standard","has-post-thumbnail","hentry","category-blog","category-cochabamba","category-habilidades","category-organizacion-mundial-de-la-salud","category-salud","tag-cochabamba","tag-congreso","tag-educacion","tag-estudiantes","tag-innovacion-en-educacion","tag-medicina","tag-salud","tag-tecnologia","tag-unifranz"],"acf":[],"_links":{"self":[{"href":"https:\/\/unifranz.edu.bo\/pt\/wp-json\/wp\/v2\/posts\/703770","targetHints":{"allow":["GET"]}}],"collection":[{"href":"https:\/\/unifranz.edu.bo\/pt\/wp-json\/wp\/v2\/posts"}],"about":[{"href":"https:\/\/unifranz.edu.bo\/pt\/wp-json\/wp\/v2\/types\/post"}],"author":[{"embeddable":true,"href":"https:\/\/unifranz.edu.bo\/pt\/wp-json\/wp\/v2\/users\/27"}],"replies":[{"embeddable":true,"href":"https:\/\/unifranz.edu.bo\/pt\/wp-json\/wp\/v2\/comments?post=703770"}],"version-history":[{"count":4,"href":"https:\/\/unifranz.edu.bo\/pt\/wp-json\/wp\/v2\/posts\/703770\/revisions"}],"predecessor-version":[{"id":704123,"href":"https:\/\/unifranz.edu.bo\/pt\/wp-json\/wp\/v2\/posts\/703770\/revisions\/704123"}],"wp:featuredmedia":[{"embeddable":true,"href":"https:\/\/unifranz.edu.bo\/pt\/wp-json\/wp\/v2\/media\/703793"}],"wp:attachment":[{"href":"https:\/\/unifranz.edu.bo\/pt\/wp-json\/wp\/v2\/media?parent=703770"}],"wp:term":[{"taxonomy":"category","embeddable":true,"href":"https:\/\/unifranz.edu.bo\/pt\/wp-json\/wp\/v2\/categories?post=703770"},{"taxonomy":"post_tag","embeddable":true,"href":"https:\/\/unifranz.edu.bo\/pt\/wp-json\/wp\/v2\/tags?post=703770"}],"curies":[{"name":"wp","href":"https:\/\/api.w.org\/{rel}","templated":true}]}}