{"id":703671,"date":"2025-03-25T15:10:59","date_gmt":"2025-03-25T19:10:59","guid":{"rendered":"https:\/\/unifranz.edu.bo\/?p=703671"},"modified":"2025-03-25T15:27:36","modified_gmt":"2025-03-25T19:27:36","slug":"periodismo-bajo-amenaza-la-necesidad-de-proteger-a-sus-protagonistas","status":"publish","type":"post","link":"https:\/\/unifranz.edu.bo\/pt\/blog\/periodismo-bajo-amenaza-la-necesidad-de-proteger-a-sus-protagonistas\/","title":{"rendered":"Periodismo bajo amenaza: la necesidad de proteger a sus protagonistas"},"content":{"rendered":"<p>En un estado de derecho, la labor de los periodistas es esencial para el fortalecimiento de la democracia, la transparencia y la rendici\u00f3n de cuentas. Sin embargo, en muchos pa\u00edses, esta tarea se enfrenta a constantes amenazas, ataques e intentos de censura que buscan silenciar la verdad.&nbsp;<\/p>\n\n\n\n<p>Seg\u00fan datos de la Asociaci\u00f3n Nacional de Periodistas de Bolivia (ANPB), en el \u00faltimo a\u00f1o se registraron m\u00e1s de 200 vulneraciones a la libertad de prensa en el pa\u00eds.&nbsp;<\/p>\n\n\n\n<blockquote class=\"wp-block-quote is-layout-flow wp-block-quote-is-layout-flow\">\n<p>\u201cEstos casos incluyen agresiones f\u00edsicas, intimidaciones, demandas judiciales para forzar la revelaci\u00f3n de fuentes y campa\u00f1as de desprestigio contra periodistas cr\u00edticos. Esta situaci\u00f3n no solo pone en peligro la integridad de los comunicadores, sino que tambi\u00e9n representa una amenaza directa a la libertad de expresi\u00f3n y al derecho de la ciudadan\u00eda a estar informada\u201d, se\u00f1ala Zulema Alanes, presidenta de la ANPB.&nbsp;&nbsp;<\/p>\n<\/blockquote>\n\n\n\n<h2 class=\"wp-block-heading\" id=\"h-el-riesgo-de-informar-en-tiempos-de-impunidad-nbsp-nbsp\"><strong>El riesgo de informar en tiempos de impunidad<\/strong>&nbsp;&nbsp;<\/h2>\n\n\n\n<p>El caso de Silvana Vincenti es un reflejo de la creciente hostilidad hacia el periodismo independiente. La comunicadora fue amenazada tras publicar una investigaci\u00f3n sobre irregularidades en el manejo de tierras, lo que evidencia c\u00f3mo ciertos sectores de poder buscan acallar aquellas voces que denuncian actos de corrupci\u00f3n y abuso de autoridad.&nbsp;&nbsp;<\/p>\n\n\n\n<p>Organizaciones como la ANPB, la Asociaci\u00f3n de Periodistas de Santa Cruz y el C\u00edrculo de Mujeres Periodistas de La Paz expresaron su rechazo y exigieron a las autoridades que investiguen estos hechos y sancionen a los responsables. Sin embargo, la falta de respuestas efectivas y la impunidad con la que suelen quedar estos casos fomentan un clima de miedo y autocensura dentro del gremio period\u00edstico.&nbsp;&nbsp;<\/p>\n\n\n\n<p>Para Alanes, la estigmatizaci\u00f3n y persecuci\u00f3n de periodistas busca desacreditar las investigaciones period\u00edsticas y frenar la divulgaci\u00f3n de informaci\u00f3n crucial para la sociedad. \u00abEstas formas de intimidaci\u00f3n no solo intentan limitar la libertad de expresi\u00f3n, sino tambi\u00e9n impedir que la ciudadan\u00eda est\u00e9 informada sobre una serie de il\u00edcitos que se est\u00e1n cometiendo en un contexto de total impunidad\u00bb, advierte Alanes.&nbsp;&nbsp;<\/p>\n\n\n\n<figure class=\"wp-block-embed is-type-video is-provider-youtube wp-block-embed-youtube wp-embed-aspect-16-9 wp-has-aspect-ratio\"><div class=\"wp-block-embed__wrapper\">\n<iframe loading=\"lazy\" title=\"Periodismo bajo amenaza: la necesidad de proteger a sus protagonistas\" width=\"500\" height=\"281\" src=\"https:\/\/www.youtube.com\/embed\/Y255AFzu9Do?feature=oembed\" frameborder=\"0\" allow=\"accelerometer; autoplay; clipboard-write; encrypted-media; gyroscope; picture-in-picture; web-share\" referrerpolicy=\"strict-origin-when-cross-origin\" allowfullscreen><\/iframe>\n<\/div><\/figure>\n\n\n\n<h2 class=\"wp-block-heading\" id=\"h-el-papel-del-estado-en-la-proteccion-del-periodismo-nbsp-nbsp\"><strong>El papel del Estado en la protecci\u00f3n del periodismo<\/strong>&nbsp;&nbsp;<\/h2>\n\n\n\n<p>El periodismo libre es un pilar fundamental en cualquier democracia, y su protecci\u00f3n debe ser una prioridad para los Estados.&nbsp;<\/p>\n\n\n\n<p>De acuerdo con \u00c1lvaro Irusta, periodista y docente de la Universidad Franz Tamayo, Unifranz, la seguridad de los comunicadores es clave para garantizar el derecho a la informaci\u00f3n.&nbsp;<\/p>\n\n\n\n<blockquote class=\"wp-block-quote is-layout-flow wp-block-quote-is-layout-flow\">\n<p>\u00abNosotros los periodistas somos los que aportamos a la sociedad llevando informaci\u00f3n, somos los mensajeros. Nos preocupa profundamente la ola de amenazas y pedimos con urgencia una respuesta inmediata\u00bb, enfatiza.&nbsp;&nbsp;<\/p>\n<\/blockquote>\n\n\n\n<p>El Estado tiene la obligaci\u00f3n de actuar como garante de derechos y velar por la seguridad de quienes ejercen la labor period\u00edstica. Esto implica no solo investigar y sancionar a quienes amenazan o atacan a los periodistas, sino tambi\u00e9n crear mecanismos de protecci\u00f3n efectivos que les permitan ejercer su labor sin miedo a represalias.&nbsp;&nbsp;<\/p>\n\n\n\n<p>Algunos pa\u00edses han implementado sistemas de protecci\u00f3n para periodistas en riesgo, como el Mecanismo de Protecci\u00f3n para Personas Defensoras de Derechos Humanos y Periodistas en M\u00e9xico, el cual brinda apoyo y medidas de seguridad a comunicadores amenazados. Sin embargo, la efectividad de estos programas depende de la voluntad pol\u00edtica y de un sistema judicial s\u00f3lido que no permita la impunidad de los agresores.&nbsp;&nbsp;<\/p>\n\n\n\n<h2 class=\"wp-block-heading\" id=\"h-consecuencias-de-silenciar-a-la-prensa-nbsp-nbsp\"><strong>Consecuencias de silenciar a la prensa<\/strong>&nbsp;&nbsp;<\/h2>\n\n\n\n<p>Cuando los periodistas son amenazados o perseguidos, no solo se afecta su vida y su labor, sino que toda la sociedad se ve perjudicada. La falta de una prensa libre tiene repercusiones directas en diversos aspectos:&nbsp;&nbsp;<\/p>\n\n\n\n<p>&#8211; Debilitamiento de la democracia: sin periodistas libres, el poder puede ejercerse sin control y sin transparencia, lo que facilita el abuso de autoridad.&nbsp;&nbsp;<\/p>\n\n\n\n<p>&#8211; Aumento de la corrupci\u00f3n: la falta de investigaciones period\u00edsticas permite que actos corruptos pasen desapercibidos y sin sanci\u00f3n.&nbsp;&nbsp;<\/p>\n\n\n\n<p>&#8211; P\u00e9rdida del derecho a la informaci\u00f3n: una sociedad desinformada es m\u00e1s vulnerable a la manipulaci\u00f3n y a la desinformaci\u00f3n.&nbsp;&nbsp;<\/p>\n\n\n\n<p>&#8211; Fomento de la censura y la autocensura: cuando un periodista es atacado, otros pueden optar por evitar ciertos temas sensibles por temor a represalias.&nbsp;&nbsp;<\/p>\n\n\n\n<p>El periodismo de investigaci\u00f3n es una de las herramientas m\u00e1s poderosas para destapar irregularidades y dar voz a quienes no la tienen. Proteger a los periodistas es proteger la verdad y la justicia.&nbsp;&nbsp;<\/p>\n\n\n\n<h2 class=\"wp-block-heading\" id=\"h-un-llamado-a-la-accion-nbsp\"><strong>Un llamado a la acci\u00f3n <\/strong>&nbsp;<\/h2>\n\n\n\n<p>El compromiso con la libertad de prensa no debe recaer \u00fanicamente en los periodistas y las organizaciones de derechos humanos. La sociedad en su conjunto debe defender el derecho a una informaci\u00f3n veraz y libre de censura.&nbsp;&nbsp;<\/p>\n\n\n\n<p>Es imperativo que la comunidad internacional tambi\u00e9n juegue un rol activo en la defensa del periodismo independiente. Organismos como la ONU, la CIDH y Reporteros Sin Fronteras han se\u00f1alado en m\u00faltiples ocasiones la importancia de garantizar la seguridad de los comunicadores y han instado a los gobiernos a adoptar medidas concretas para su protecci\u00f3n.&nbsp;&nbsp;<\/p>\n\n\n\n<p>Los periodistas no deben ser vistos como enemigos, sino como aliados en la construcci\u00f3n de sociedades m\u00e1s justas y democr\u00e1ticas. Su labor es fundamental para la rendici\u00f3n de cuentas y la transparencia, y su protecci\u00f3n es un deber ineludible de cualquier Estado que se precie de ser democr\u00e1tico.&nbsp;<\/p>","protected":false},"excerpt":{"rendered":"<p>En un estado de derecho, la labor de los periodistas es esencial para el fortalecimiento de la democracia, la transparencia y la rendici\u00f3n de cuentas. Sin embargo, en muchos pa\u00edses, esta tarea se enfrenta a constantes amenazas, ataques e intentos de censura que buscan silenciar la verdad.&nbsp; Seg\u00fan datos de la Asociaci\u00f3n Nacional de Periodistas &hellip; <a href=\"https:\/\/unifranz.edu.bo\/pt\/blog\/periodismo-bajo-amenaza-la-necesidad-de-proteger-a-sus-protagonistas\/\">Continued<\/a><\/p>","protected":false},"author":49,"featured_media":703675,"comment_status":"open","ping_status":"open","sticky":false,"template":"","format":"standard","meta":{"_acf_changed":false,"footnotes":""},"categories":[60,2068],"tags":[1098,1422,278,242],"class_list":["post-703671","post","type-post","status-publish","format-standard","has-post-thumbnail","hentry","category-blog","category-periodismo-es","tag-democracia","tag-innovacion-en-educacion","tag-periodismo","tag-unifranz"],"acf":[],"_links":{"self":[{"href":"https:\/\/unifranz.edu.bo\/pt\/wp-json\/wp\/v2\/posts\/703671","targetHints":{"allow":["GET"]}}],"collection":[{"href":"https:\/\/unifranz.edu.bo\/pt\/wp-json\/wp\/v2\/posts"}],"about":[{"href":"https:\/\/unifranz.edu.bo\/pt\/wp-json\/wp\/v2\/types\/post"}],"author":[{"embeddable":true,"href":"https:\/\/unifranz.edu.bo\/pt\/wp-json\/wp\/v2\/users\/49"}],"replies":[{"embeddable":true,"href":"https:\/\/unifranz.edu.bo\/pt\/wp-json\/wp\/v2\/comments?post=703671"}],"version-history":[{"count":2,"href":"https:\/\/unifranz.edu.bo\/pt\/wp-json\/wp\/v2\/posts\/703671\/revisions"}],"predecessor-version":[{"id":703676,"href":"https:\/\/unifranz.edu.bo\/pt\/wp-json\/wp\/v2\/posts\/703671\/revisions\/703676"}],"wp:featuredmedia":[{"embeddable":true,"href":"https:\/\/unifranz.edu.bo\/pt\/wp-json\/wp\/v2\/media\/703675"}],"wp:attachment":[{"href":"https:\/\/unifranz.edu.bo\/pt\/wp-json\/wp\/v2\/media?parent=703671"}],"wp:term":[{"taxonomy":"category","embeddable":true,"href":"https:\/\/unifranz.edu.bo\/pt\/wp-json\/wp\/v2\/categories?post=703671"},{"taxonomy":"post_tag","embeddable":true,"href":"https:\/\/unifranz.edu.bo\/pt\/wp-json\/wp\/v2\/tags?post=703671"}],"curies":[{"name":"wp","href":"https:\/\/api.w.org\/{rel}","templated":true}]}}