{"id":703650,"date":"2025-03-25T13:43:27","date_gmt":"2025-03-25T17:43:27","guid":{"rendered":"https:\/\/unifranz.edu.bo\/?p=703650"},"modified":"2025-03-25T13:43:29","modified_gmt":"2025-03-25T17:43:29","slug":"el-poder-del-aprendizaje-como-adaptarse-y-destacar-en-un-mundo-en-constante-cambio","status":"publish","type":"post","link":"https:\/\/unifranz.edu.bo\/pt\/blog\/el-poder-del-aprendizaje-como-adaptarse-y-destacar-en-un-mundo-en-constante-cambio\/","title":{"rendered":"El poder del aprendizaje: c\u00f3mo adaptarse y destacar en un mundo en constante cambio"},"content":{"rendered":"<p>Este 23 de marzo se celebr\u00f3 el D\u00eda Mundial del Aprendizaje, una fecha que nos recuerda que la capacidad de adquirir nuevos conocimientos es fundamental para adaptarnos, innovar y sobresalir en un entorno cada vez m\u00e1s din\u00e1mico.<\/p>\n\n\n\n<p>\u00abEl aprendizaje es el motor del progreso. No solo nos permite crecer a nivel personal, sino que tambi\u00e9n es clave para la transformaci\u00f3n social y el desarrollo profesional\u00bb, explica Leslie Vidaurre, experta de la Jefatura de Ense\u00f1anza Aprendizaje (JEA) de la Universidad Franz Tamayo, Unifranz.<\/p>\n\n\n\n<p>El aprendizaje es un proceso continuo que nos permite adquirir conocimientos, desarrollar habilidades y adaptarnos a nuevas situaciones. No se limita a la educaci\u00f3n formal, sino que ocurre en todas las experiencias de la vida cotidiana.&nbsp;<\/p>\n\n\n\n<p>\u00abHoy entendemos mejor c\u00f3mo funciona el aprendizaje gracias a la neurociencia. Sabemos que la motivaci\u00f3n, la memoria y la atenci\u00f3n son factores clave en este proceso\u00bb, afirma Vidaurre.<\/p>\n\n\n\n<p>En los \u00faltimos a\u00f1os, la tecnolog\u00eda ha revolucionado la manera en que aprendemos, ofreciendo herramientas que personalizan la ense\u00f1anza y hacen que el aprendizaje sea m\u00e1s accesible y eficiente.<\/p>\n\n\n\n<p>Para Humberto Portocarrero Aramayo, subdirector del Saint Andrew\u2019s School de La Paz, quien particip\u00f3 en el&nbsp;<em>V Foro Internacional de Innovaci\u00f3n Educativa: El Futuro de la Educaci\u00f3n, reflexiones desde Bolivia para Latinoam\u00e9rica<\/em>&nbsp;(FIIE 2024), el aprendizaje real se hace posible cuando los educadores toman en consideraci\u00f3n otros puntos de vista, incluyendo las experiencias de sus estudiantes.<\/p>\n\n\n\n<blockquote class=\"wp-block-quote is-layout-flow wp-block-quote-is-layout-flow\">\n<p>\u201cEl aprendizaje se hace realidad cuando nosotros somos capaces de mirar, abrazar y valorar perspectivas que no son las nuestras, porque solamente mirando desde otros puntos de vista nuestro conocimiento se hace m\u00e1s profundo. Gracias a la neurociencia, ahora sabemos que lo que los docentes ense\u00f1an, no siempre es aprendido por los estudiantes\u201d, dice el pedagogo.<\/p>\n<\/blockquote>\n\n\n\n<p>Agrega que cada estudiante viene con una experiencia personal y previa, con miradas diferentes, con sentimientos diferentes y que la construcci\u00f3n del conocimiento, en cada caso particular, pasa por abrazar esas experiencias y presentar nuevas.<\/p>\n\n\n\n<p>Es importante considerar que existen nuevas teor\u00edas que explican que el aprendizaje es un proceso experiencial y reflexivo, por lo que los educadores deben estimular, no s\u00f3lo las mentes de los estudiantes, sino tambi\u00e9n sus emociones, sentimientos y sus mismos cuerpos.<\/p>\n\n\n\n<p>\u201cLos estudiantes aprenden a trav\u00e9s del prisma de sus propias experiencias. Nos dimos cuenta que no s\u00f3lo pensamos con la cabeza, sino tambi\u00e9n con el cuerpo, con las emociones, con los sentimientos, el cuerpo como tal juega un papel s\u00faper importante en lo que es el proceso de educativo, hemos podido reconocer que es vital hacer que un estudiante estudie menos, pero aprenda m\u00e1s\u201d, explica.<\/p>\n\n\n\n<h2 class=\"wp-block-heading\" id=\"h-el-aprendizaje-en-los-ultimos-50-anos-de-la-memorizacion-a-la-innovacion\"><strong>El aprendizaje en los \u00faltimos 50 a\u00f1os: de la memorizaci\u00f3n a la innovaci\u00f3n<\/strong><\/h2>\n\n\n\n<p>Hace cinco d\u00e9cadas, el aprendizaje estaba centrado en clases magistrales, libros f\u00edsicos y evaluaciones basadas en la memorizaci\u00f3n. Sin embargo, seg\u00fan Vidaurre, la educaci\u00f3n ha evolucionado hacia modelos m\u00e1s flexibles y din\u00e1micos:<\/p>\n\n\n\n<ul class=\"wp-block-list\">\n<li>Acceso masivo a la informaci\u00f3n: el internet y las plataformas digitales han democratizado el conocimiento.<\/li>\n\n\n\n<li>Aprendizaje autodirigido: hoy en d\u00eda, cada persona elige su ritmo y formato de aprendizaje.<\/li>\n\n\n\n<li>Metodolog\u00edas activas: estrategias como el aprendizaje basado en proyectos, problemas y retos fomentan un aprendizaje m\u00e1s pr\u00e1ctico y significativo.<\/li>\n<\/ul>\n\n\n\n<p>\u00abEl aprendizaje ya no es unidireccional. Ahora los estudiantes son protagonistas de su propio proceso y los docentes act\u00faan como facilitadores\u00bb, resalta Vidaurre.<\/p>\n\n\n\n<h2 class=\"wp-block-heading\" id=\"h-el-impacto-de-la-tecnologia-en-el-aprendizaje\"><strong>El impacto de la tecnolog\u00eda en el aprendizaje<\/strong><\/h2>\n\n\n\n<p>La tecnolog\u00eda ha reducido las barreras de acceso a la educaci\u00f3n y ha potenciado nuevas formas de aprendizaje:<\/p>\n\n\n\n<ul class=\"wp-block-list\">\n<li>Educaci\u00f3n digital y e-learning: permiten estudiar desde cualquier parte del mundo.<\/li>\n\n\n\n<li>Inteligencia Artificial (IA): personaliza la ense\u00f1anza y la adapta a las necesidades de cada estudiante.<\/li>\n\n\n\n<li>Gamificaci\u00f3n y simuladores: hacen que el aprendizaje sea m\u00e1s din\u00e1mico e interactivo.<\/li>\n\n\n\n<li>Comunidades en l\u00ednea: Facilitan el aprendizaje colaborativo y el intercambio de conocimientos.<\/li>\n<\/ul>\n\n\n\n<p>\u00abGracias a la tecnolog\u00eda, el aprendizaje es m\u00e1s accesible, interactivo y adaptable a las necesidades individuales\u00bb, menciona Vidaurre.<\/p>\n\n\n\n<p><strong>\u00bfC\u00f3mo aprenden las diferentes generaciones?<\/strong><\/p>\n\n\n\n<p>El aprendizaje var\u00eda seg\u00fan el contexto en el que cada generaci\u00f3n creci\u00f3. La acad\u00e9mica menciona las caracter\u00edsticas de las cuatro \u00faltimas generaciones:<\/p>\n\n\n\n<p><strong>Millennials<\/strong>&nbsp;(1981-1996): vivieron la transici\u00f3n de lo anal\u00f3gico a lo digital. Aprendieron con libros f\u00edsicos y las primeras herramientas tecnol\u00f3gicas.<\/p>\n\n\n\n<p><strong>Generaci\u00f3n Z<\/strong>&nbsp;(1997-2012): crecieron con internet y dispositivos m\u00f3viles. Prefieren el aprendizaje en l\u00ednea y los videos interactivos.<\/p>\n\n\n\n<p><strong>Generaci\u00f3n Alfa<\/strong>&nbsp;(2013-2025): son nativos digitales. Su aprendizaje es altamente visual y basado en tecnolog\u00eda inmersiva.<\/p>\n\n\n\n<p><strong>Generaci\u00f3n Beta<\/strong>&nbsp;(2025 en adelante): Se espera que su educaci\u00f3n est\u00e9 marcada por la IA avanzada y la realidad aumentada.<\/p>\n\n\n\n<p>\u00abCada generaci\u00f3n aprende de manera diferente, y es nuestra responsabilidad adaptar los modelos educativos a sus necesidades y h\u00e1bitos\u00bb, enfatiza Vidaurre.<\/p>\n\n\n\n<p>El mundo est\u00e1 en constante transformaci\u00f3n y el aprendizaje se constituye en una necesidad para la evoluci\u00f3n personal y profesional. Para Vidaurre, el conocimiento es la mejor herramienta para enfrentar los desaf\u00edos del futuro. \u201cAprender no solo es un derecho, sino una ventaja competitiva.<\/p>\n\n\n\n<p>Fomentar una mentalidad de aprendizaje continuo y garantizar el acceso a la educaci\u00f3n para todos son pasos esenciales para construir una sociedad m\u00e1s preparada e innovadora.<\/p>","protected":false},"excerpt":{"rendered":"<p>Este 23 de marzo se celebr\u00f3 el D\u00eda Mundial del Aprendizaje, una fecha que nos recuerda que la capacidad de adquirir nuevos conocimientos es fundamental para adaptarnos, innovar y sobresalir en un entorno cada vez m\u00e1s din\u00e1mico. \u00abEl aprendizaje es el motor del progreso. No solo nos permite crecer a nivel personal, sino que tambi\u00e9n &hellip; <a href=\"https:\/\/unifranz.edu.bo\/pt\/blog\/el-poder-del-aprendizaje-como-adaptarse-y-destacar-en-un-mundo-en-constante-cambio\/\">Continued<\/a><\/p>","protected":false},"author":49,"featured_media":703651,"comment_status":"open","ping_status":"open","sticky":false,"template":"","format":"standard","meta":{"_acf_changed":false,"footnotes":""},"categories":[60,1862],"tags":[2746,53,1422,242],"class_list":["post-703650","post","type-post","status-publish","format-standard","has-post-thumbnail","hentry","category-blog","category-educacion","tag-aprendizaje","tag-educacion","tag-innovacion-en-educacion","tag-unifranz"],"acf":[],"_links":{"self":[{"href":"https:\/\/unifranz.edu.bo\/pt\/wp-json\/wp\/v2\/posts\/703650","targetHints":{"allow":["GET"]}}],"collection":[{"href":"https:\/\/unifranz.edu.bo\/pt\/wp-json\/wp\/v2\/posts"}],"about":[{"href":"https:\/\/unifranz.edu.bo\/pt\/wp-json\/wp\/v2\/types\/post"}],"author":[{"embeddable":true,"href":"https:\/\/unifranz.edu.bo\/pt\/wp-json\/wp\/v2\/users\/49"}],"replies":[{"embeddable":true,"href":"https:\/\/unifranz.edu.bo\/pt\/wp-json\/wp\/v2\/comments?post=703650"}],"version-history":[{"count":1,"href":"https:\/\/unifranz.edu.bo\/pt\/wp-json\/wp\/v2\/posts\/703650\/revisions"}],"predecessor-version":[{"id":703652,"href":"https:\/\/unifranz.edu.bo\/pt\/wp-json\/wp\/v2\/posts\/703650\/revisions\/703652"}],"wp:featuredmedia":[{"embeddable":true,"href":"https:\/\/unifranz.edu.bo\/pt\/wp-json\/wp\/v2\/media\/703651"}],"wp:attachment":[{"href":"https:\/\/unifranz.edu.bo\/pt\/wp-json\/wp\/v2\/media?parent=703650"}],"wp:term":[{"taxonomy":"category","embeddable":true,"href":"https:\/\/unifranz.edu.bo\/pt\/wp-json\/wp\/v2\/categories?post=703650"},{"taxonomy":"post_tag","embeddable":true,"href":"https:\/\/unifranz.edu.bo\/pt\/wp-json\/wp\/v2\/tags?post=703650"}],"curies":[{"name":"wp","href":"https:\/\/api.w.org\/{rel}","templated":true}]}}