{"id":703644,"date":"2025-03-25T10:55:32","date_gmt":"2025-03-25T14:55:32","guid":{"rendered":"https:\/\/unifranz.edu.bo\/?p=703644"},"modified":"2025-03-25T10:55:35","modified_gmt":"2025-03-25T14:55:35","slug":"unifranz-vivio-una-hora-del-planeta-con-saya-violin-y-musica-folklorica","status":"publish","type":"post","link":"https:\/\/unifranz.edu.bo\/pt\/blog\/unifranz-vivio-una-hora-del-planeta-con-saya-violin-y-musica-folklorica\/","title":{"rendered":"Unifranz vivi\u00f3 una Hora del Planeta con saya, viol\u00edn y m\u00fasica folkl\u00f3rica"},"content":{"rendered":"<p>Cada 22 de marzo, el planeta Tierra se toma un respiro durante 60 minutos en la iniciativa global conocida como la Hora del Planeta. La Universidad Franz Tamayo, Unifranz La Paz, se sum\u00f3 a esta causa ambientalista con una jornada especial que combin\u00f3 m\u00fasica, conciencia ecol\u00f3gica y un fuerte mensaje de acci\u00f3n clim\u00e1tica. En esta ocasi\u00f3n, la sede pace\u00f1a recibi\u00f3 a una veintena de instituciones para celebrar la actividad con presentaciones de saya, danza y viol\u00edn, en un evento que reuni\u00f3 a estudiantes, docentes y activistas medioambientales.<\/p>\n\n\n\n<p>El vicerrector de Unifranz La Paz, Pedro S\u00e1enz, destac\u00f3 la importancia de este evento como un llamado a la acci\u00f3n impulsado por la esperanza y la urgencia.<\/p>\n\n\n\n<blockquote class=\"wp-block-quote is-layout-flow wp-block-quote-is-layout-flow\">\n<p>\u201cMiren a su alrededor, Bolivia, con su rica biodiversidad, desde los Andes hasta la Amazon\u00eda, es un tesoro natural de valor incalculable para la humanidad. Tenemos una responsabilidad especial de proteger este patrimonio para las generaciones futuras\u201d, expres\u00f3 el vicerrector Pedro S\u00e1enz.<\/p>\n<\/blockquote>\n\n\n\n<p>Durante la jornada, el mensaje ambientalista se multiplic\u00f3 a trav\u00e9s de distintas expresiones art\u00edsticas y discursos inspiradores. En la terraza de Unifranz La Paz, un grupo de j\u00f3venes del Fondo Mundial para la Naturaleza (WWF) encendi\u00f3 velas formando un gran n\u00famero 60, s\u00edmbolo de la Hora del Planeta, el cual fue retratado desde el aire por un dron. Mientras que en el auditorio central la saya afroboliviana se luci\u00f3 con una serie de temas que puso a bailar al p\u00fablico, el ballet folkl\u00f3rico del Instituto de la Juventud mostr\u00f3 su talento y la violinista Delina Pineda acompa\u00f1\u00f3 el encendido de las luces.<\/p>\n\n\n\n<p>Marcela D\u00edaz, coordinadora de Agua, Infraestructura y Suelos del WWF, inform\u00f3 que \u201cesta alianza entre WWF y Unifranz es muy valiosa porque involucra a los j\u00f3venes y su compromiso con el cuidado del medio ambiente. Recordemos que este es el movimiento m\u00e1s grande que llama la atenci\u00f3n sobre los problemas del planeta\u201d.<\/p>\n\n\n\n<p>Con un mensaje optimista, para cerrar la velada, el vicerrector de Unifranz asegur\u00f3 que esta celebraci\u00f3n es una oportunidad para que el pa\u00eds se convierta en un referente en la lucha contra el cambio clim\u00e1tico y la protecci\u00f3n del medio ambiente. \u201cA trav\u00e9s de la implementaci\u00f3n de pol\u00edticas innovadoras, la promoci\u00f3n de energ\u00edas renovables, la protecci\u00f3n de sus bosques y la educaci\u00f3n de los profesionales del futuro, Bolivia puede ser un modelo a seguir para otros pa\u00edses\u201d, enfatiz\u00f3. Adem\u00e1s, destac\u00f3 que eventos como \u00e9ste fortalecen la conciencia ecol\u00f3gica entre los j\u00f3venes y la comunidad acad\u00e9mica.<\/p>\n\n\n\n<p>Resalt\u00f3 el papel crucial de la juventud en este proceso: \u201cLa comunidad juvenil Bolivia es fundamental para liderar este cambio. Su voz, creatividad y compromiso son claves para inspirar a otros y construir un futuro m\u00e1s verde\u201d. En ese sentido, invit\u00f3 a los estudiantes y asistentes a comprometerse con acciones concretas, como la reducci\u00f3n del uso de pl\u00e1sticos, el reciclaje y la adopci\u00f3n de h\u00e1bitos de consumo responsable.<\/p>\n\n\n\n<p>Finalmente, el vicerrector inst\u00f3 a que este evento no sea solo un acto simb\u00f3lico, sino un catalizador para acciones concretas y sostenibles. \u201cLa lucha contra el cambio clim\u00e1tico es una responsabilidad compartida. No es tarea de unos pocos, sino de todos. Trabajemos juntos con determinaci\u00f3n y optimismo para construir un futuro mejor para Bolivia y para el planeta\u201d, concluy\u00f3.<\/p>","protected":false},"excerpt":{"rendered":"<p>Cada 22 de marzo, el planeta Tierra se toma un respiro durante 60 minutos en la iniciativa global conocida como la Hora del Planeta. La Universidad Franz Tamayo, Unifranz La Paz, se sum\u00f3 a esta causa ambientalista con una jornada especial que combin\u00f3 m\u00fasica, conciencia ecol\u00f3gica y un fuerte mensaje de acci\u00f3n clim\u00e1tica. En esta &hellip; <a href=\"https:\/\/unifranz.edu.bo\/pt\/blog\/unifranz-vivio-una-hora-del-planeta-con-saya-violin-y-musica-folklorica\/\">Continued<\/a><\/p>","protected":false},"author":44,"featured_media":703645,"comment_status":"open","ping_status":"open","sticky":false,"template":"","format":"standard","meta":{"_acf_changed":false,"footnotes":""},"categories":[60],"tags":[3738,490,53,334,1422,41,3350,4124,4838,10837,242],"class_list":["post-703644","post","type-post","status-publish","format-standard","has-post-thumbnail","hentry","category-blog","tag-alianzas","tag-celebracion","tag-educacion","tag-futuro","tag-innovacion-en-educacion","tag-la-paz","tag-medioambiente","tag-planeta","tag-sostenibilidad","tag-tierra","tag-unifranz"],"acf":[],"_links":{"self":[{"href":"https:\/\/unifranz.edu.bo\/pt\/wp-json\/wp\/v2\/posts\/703644","targetHints":{"allow":["GET"]}}],"collection":[{"href":"https:\/\/unifranz.edu.bo\/pt\/wp-json\/wp\/v2\/posts"}],"about":[{"href":"https:\/\/unifranz.edu.bo\/pt\/wp-json\/wp\/v2\/types\/post"}],"author":[{"embeddable":true,"href":"https:\/\/unifranz.edu.bo\/pt\/wp-json\/wp\/v2\/users\/44"}],"replies":[{"embeddable":true,"href":"https:\/\/unifranz.edu.bo\/pt\/wp-json\/wp\/v2\/comments?post=703644"}],"version-history":[{"count":1,"href":"https:\/\/unifranz.edu.bo\/pt\/wp-json\/wp\/v2\/posts\/703644\/revisions"}],"predecessor-version":[{"id":703649,"href":"https:\/\/unifranz.edu.bo\/pt\/wp-json\/wp\/v2\/posts\/703644\/revisions\/703649"}],"wp:featuredmedia":[{"embeddable":true,"href":"https:\/\/unifranz.edu.bo\/pt\/wp-json\/wp\/v2\/media\/703645"}],"wp:attachment":[{"href":"https:\/\/unifranz.edu.bo\/pt\/wp-json\/wp\/v2\/media?parent=703644"}],"wp:term":[{"taxonomy":"category","embeddable":true,"href":"https:\/\/unifranz.edu.bo\/pt\/wp-json\/wp\/v2\/categories?post=703644"},{"taxonomy":"post_tag","embeddable":true,"href":"https:\/\/unifranz.edu.bo\/pt\/wp-json\/wp\/v2\/tags?post=703644"}],"curies":[{"name":"wp","href":"https:\/\/api.w.org\/{rel}","templated":true}]}}