{"id":703609,"date":"2025-03-23T22:38:46","date_gmt":"2025-03-24T02:38:46","guid":{"rendered":"https:\/\/unifranz.edu.bo\/?p=703609"},"modified":"2025-03-23T22:38:47","modified_gmt":"2025-03-24T02:38:47","slug":"dia-mundial-de-la-lucha-contra-la-tuberculosis-un-llamado-a-la-conciencia-colectiva","status":"publish","type":"post","link":"https:\/\/unifranz.edu.bo\/pt\/blog\/dia-mundial-de-la-lucha-contra-la-tuberculosis-un-llamado-a-la-conciencia-colectiva\/","title":{"rendered":"D\u00eda mundial de la lucha contra la tuberculosis: un llamado a la conciencia colectiva"},"content":{"rendered":"<p>Cada a\u00f1o, alrededor de 9.000 personas mueren en Bolivia a causa de la tuberculosis (TB), siendo los departamentos de La Paz, Santa Cruz y Cochabamba los m\u00e1s afectados, concentrando entre el 65% y el 70% de los casos, seg\u00fan datos del Ministerio de Salud y Deportes.<\/p>\n\n\n\n<blockquote class=\"wp-block-quote is-layout-flow wp-block-quote-is-layout-flow\">\n<p>La tuberculosis es una enfermedad bacteriana que afecta principalmente los pulmones, pero tambi\u00e9n puede da\u00f1ar los ri\u00f1ones, la columna vertebral y el cerebro. Causada por la bacteria <em>Mycobacterium tuberculosis<\/em>, se transmite de persona a persona a trav\u00e9s del aire cuando un enfermo tose, estornuda, habla o canta. \u00abSi respiras aire contaminado con los g\u00e9rmenes, puedes contraer tuberculosis\u00bb, explica Carla V\u00e1squez, infect\u00f3loga y docente de la carrera de Medicina en la Universidad Franz Tamayo (Unifranz).&nbsp;&nbsp;<\/p>\n<\/blockquote>\n\n\n\n<p>Cerca de 10,8 millones de personas contrajeron la enfermedad en todo el mundo en el 2023; 6,0 millones de hombres, 3,6 millones de mujeres y 1,3 millones de ni\u00f1os,&nbsp; seg\u00fan datos de la Organizaci\u00f3n Mundial de la Salud (OMS).<\/p>\n\n\n\n<p>La tuberculosis, presente en todos los pa\u00edses y grupos de edad, puede prevenirse y curarse. Seg\u00fan, \u00abla tuberculosis sigue siendo una amenaza significativa para el pa\u00eds. La participaci\u00f3n comunitaria es clave para avanzar en su control\u00bb. Los grupos m\u00e1s vulnerables incluyen migrantes, personas privadas de libertad, aquellos con VIH, diab\u00e9ticos y personas en situaci\u00f3n de pobreza.<\/p>\n\n\n\n<p>En los \u00faltimos a\u00f1os, se han logrado avances significativos en diagn\u00f3stico y tratamiento de la tuberculosis, como la implementaci\u00f3n de la prueba Xpert MTB\/RIF, que proporciona resultados r\u00e1pidos y precisos, facilitando un tratamiento oportuno. Adem\u00e1s, la ciencia ha desarrollado reg\u00edmenes terap\u00e9uticos m\u00e1s cortos y menos t\u00f3xicos, lo que ha mejorado las tasas de \u00e9xito, especialmente en casos de tuberculosis resistente a los medicamentos.<\/p>\n\n\n\n<p>Para Alejandra Montecinos, m\u00e9dico cirujano, la educaci\u00f3n y la concientizaci\u00f3n p\u00fablica son herramientas clave para reducir el estigma y fomentar un diagn\u00f3stico temprano, lo que puede marcar la diferencia en la lucha contra esta enfermedad.<\/p>\n\n\n\n<p>\u201cEs fundamental que las personas que est\u00e1n en riesgo o que han sido diagnosticadas con tuberculosis busquen atenci\u00f3n m\u00e9dica y sigan el tratamiento completo. La tuberculosis es curable, y la adherencia al tratamiento es esencial para la recuperaci\u00f3n y para evitar la propagaci\u00f3n de la enfermedad a otros\u201d, recomienda V\u00e1squez.<\/p>\n\n\n\n<p>Hay afecciones que pueden aumentar el riesgo de contraer la tuberculosis<\/p>\n\n\n\n<blockquote class=\"wp-block-quote is-layout-flow wp-block-quote-is-layout-flow\">\n<p>Afecciones como la diabetes, que se caracteriza por un exceso de az\u00facar en la sangre, un sistema inmunitario debilitado (por ejemplo, debido a la infecci\u00f3n por el VIH o el sida), la desnutrici\u00f3n, el consumo de tabaco y alcohol, pueden aumentar el riesgo de contraer la tuberculosis, seg\u00fan Montecinos.<\/p>\n<\/blockquote>\n\n\n\n<h2 class=\"wp-block-heading\" id=\"h-sintomas\"><strong>S\u00edntomas<\/strong><\/h2>\n\n\n\n<p>Las personas con esta afecci\u00f3n presentan: tos prolongada (a veces con sangre), dolor en el pecho, astenia, cansancio, p\u00e9rdida de peso, fiebre, sudores nocturnos, entre otros.<\/p>\n\n\n\n<p>No todas las personas con infecci\u00f3n tuberculosa presentan s\u00edntomas ni pueden transmitir el bacilo; solo aquellas que est\u00e1n enfermas lo hacen. Si una persona presenta s\u00edntomas, debe buscar atenci\u00f3n m\u00e9dica inmediata, realizarse la prueba si est\u00e1 en una situaci\u00f3n de mayor riesgo, seguir las indicaciones de su m\u00e9dico y adoptar pr\u00e1cticas de higiene, como toser en un pa\u00f1uelo o codo, usar mascarilla, evitar el contacto cercano con otras personas y desechar adecuadamente el esputo y los pa\u00f1uelos, recomiendan las profesionales.<\/p>\n\n\n\n<p>En cuanto a los desaf\u00edos en el manejo de la tuberculosis, V\u00e1squez mencion\u00f3 que los<\/p>\n\n\n\n<p>profesionales de la salud en Bolivia enfrentan dificultades como la falta de recursos, el estigma asociado con la enfermedad y la baja adherencia al tratamiento.<\/p>\n\n\n\n<blockquote class=\"wp-block-quote is-layout-flow wp-block-quote-is-layout-flow\">\n<p>\u201cBolivia presenta una tasa de incidencia superior a 50 casos por cada 100,000 habitantes, lo que es significativamente m\u00e1s alto que en muchos pa\u00edses desarrollados. La tuberculosis en nuestro pa\u00eds es una de las principales causas de enfermedad y muerte, afectando especialmente a grupos vulnerables\u201d, resalta V\u00e1squez.&nbsp;&nbsp;<\/p>\n<\/blockquote>\n\n\n\n<p>El Ministerio de Salud destaca que, en la \u00faltima d\u00e9cada, m\u00e1s de 68.000 personas han sobrevivido gracias a un diagn\u00f3stico y tratamiento oportuno. Aunque la tasa de incidencia en Bolivia sigue siendo alta, estrategias como la vigilancia de la resistencia, nuevos reg\u00edmenes terap\u00e9uticos y la educaci\u00f3n sobre el uso adecuado de medicamentos han logrado avances alentadores en la lucha contra la tuberculosis.<\/p>\n\n\n\n<p>El 24 de marzo se celebra el D\u00eda Mundial de la Tuberculosis para concienciar a la poblaci\u00f3n sobre las graves consecuencias sociales, econ\u00f3micas y de salud de esta enfermedad, y acelerar los esfuerzos para poner fin a la epidemia mundial de tuberculosis.<\/p>","protected":false},"excerpt":{"rendered":"<p>El 24 de marzo se celebra el D\u00eda Mundial de la Tuberculosis para concienciar a la poblaci\u00f3n sobre las graves consecuencias sociales, econ\u00f3micas y de salud de esta enfermedad, y acelerar los esfuerzos para poner fin a la epidemia mundial de tuberculosis.<\/p>","protected":false},"author":45,"featured_media":703610,"comment_status":"open","ping_status":"open","sticky":false,"template":"","format":"standard","meta":{"_acf_changed":false,"footnotes":""},"categories":[60],"tags":[],"class_list":["post-703609","post","type-post","status-publish","format-standard","has-post-thumbnail","hentry","category-blog"],"acf":[],"_links":{"self":[{"href":"https:\/\/unifranz.edu.bo\/pt\/wp-json\/wp\/v2\/posts\/703609","targetHints":{"allow":["GET"]}}],"collection":[{"href":"https:\/\/unifranz.edu.bo\/pt\/wp-json\/wp\/v2\/posts"}],"about":[{"href":"https:\/\/unifranz.edu.bo\/pt\/wp-json\/wp\/v2\/types\/post"}],"author":[{"embeddable":true,"href":"https:\/\/unifranz.edu.bo\/pt\/wp-json\/wp\/v2\/users\/45"}],"replies":[{"embeddable":true,"href":"https:\/\/unifranz.edu.bo\/pt\/wp-json\/wp\/v2\/comments?post=703609"}],"version-history":[{"count":1,"href":"https:\/\/unifranz.edu.bo\/pt\/wp-json\/wp\/v2\/posts\/703609\/revisions"}],"predecessor-version":[{"id":703611,"href":"https:\/\/unifranz.edu.bo\/pt\/wp-json\/wp\/v2\/posts\/703609\/revisions\/703611"}],"wp:featuredmedia":[{"embeddable":true,"href":"https:\/\/unifranz.edu.bo\/pt\/wp-json\/wp\/v2\/media\/703610"}],"wp:attachment":[{"href":"https:\/\/unifranz.edu.bo\/pt\/wp-json\/wp\/v2\/media?parent=703609"}],"wp:term":[{"taxonomy":"category","embeddable":true,"href":"https:\/\/unifranz.edu.bo\/pt\/wp-json\/wp\/v2\/categories?post=703609"},{"taxonomy":"post_tag","embeddable":true,"href":"https:\/\/unifranz.edu.bo\/pt\/wp-json\/wp\/v2\/tags?post=703609"}],"curies":[{"name":"wp","href":"https:\/\/api.w.org\/{rel}","templated":true}]}}