{"id":703574,"date":"2025-03-21T14:06:55","date_gmt":"2025-03-21T18:06:55","guid":{"rendered":"https:\/\/unifranz.edu.bo\/?p=703574"},"modified":"2025-04-14T14:00:26","modified_gmt":"2025-04-14T18:00:26","slug":"referentes-del-derecho","status":"publish","type":"post","link":"https:\/\/unifranz.edu.bo\/pt\/blog\/referentes-del-derecho\/","title":{"rendered":"Referentes del Derecho nacional e internacional fortalecen la formaci\u00f3n jur\u00eddica en Unifranz"},"content":{"rendered":"<div class=\"wp-block-post-author\"><div class=\"wp-block-post-author__avatar\"><img alt='' src='https:\/\/secure.gravatar.com\/avatar\/e83dacfa0953202430ef5fc66632429034dd4e72b9e95291520cc266ab20ee5c?s=48&#038;d=mm&#038;r=g' srcset='https:\/\/secure.gravatar.com\/avatar\/e83dacfa0953202430ef5fc66632429034dd4e72b9e95291520cc266ab20ee5c?s=96&#038;d=mm&#038;r=g 2x' class='avatar avatar-48 photo' height='48' width='48' \/><\/div><div class=\"wp-block-post-author__content\"><p class=\"wp-block-post-author__name\">Diego Andr\u00e9s Sabat<\/p><\/div><\/div>\n\n\n<p>La presencia de juristas influyentes en espacios acad\u00e9micos transforma la ense\u00f1anza del Derecho y fortalece la formaci\u00f3n de futuros abogados. En la Universidad Franz Tamayo, Unifranz, la visita de destacados expertos nacionales e internacionales ha permitido generar debates sobre el estado del sistema judicial en Bolivia, el derecho constitucional y el arbitraje, promoviendo un aprendizaje basado en experiencias reales.<\/p>\n\n\n\n<p>En el \u00faltimo a\u00f1o, m\u00e1s de diez juristas de renombre, entre ellos exmagistrados, especialistas en derecho constitucional y expertos en arbitraje internacional, participaron en encuentros con los estudiantes de la carrera de Derecho, promoviendo un enfoque integral en la ense\u00f1anza jur\u00eddica.<\/p>\n\n\n\n<blockquote class=\"wp-block-quote is-layout-flow wp-block-quote-is-layout-flow\">\n<p>\u00abUn jurista influyente no solo transmite conocimientos, sino que inspira. Su trayectoria, \u00e9tica profesional y compromiso con la justicia lo convierten en un referente que desaf\u00eda a los estudiantes a pensar cr\u00edticamente y a contribuir activamente en la construcci\u00f3n de un sistema legal m\u00e1s equitativo\u00bb, explica Mirtha Vargas, jefa de la carrera de Derecho en Unifranz.<\/p>\n<\/blockquote>\n\n\n\n<p><strong>Experiencia jur\u00eddica aplicada: una formaci\u00f3n con impacto real<\/strong><\/p>\n\n\n\n<p>La ense\u00f1anza del Derecho en Unifranz ha evolucionado con la presencia de estos especialistas, permitiendo a los estudiantes acceder a conocimientos actualizados sobre cambios legislativos, tendencias jur\u00eddicas y nuevas metodolog\u00edas de resoluci\u00f3n de conflictos.<\/p>\n\n\n\n<p>Estos encuentros han permitido que los futuros abogados comprendan de manera pr\u00e1ctica la aplicaci\u00f3n del Derecho y el impacto de sus decisiones en la sociedad. El intercambio con profesionales en ejercicio refuerza la capacidad de an\u00e1lisis cr\u00edtico y argumentaci\u00f3n, esenciales en la formaci\u00f3n de un jurista.<\/p>\n\n\n\n<p>\u00abNuestra formaci\u00f3n se enriquece cuando podemos aprender directamente de quienes han aplicado el Derecho en tribunales, arbitrajes y reformas legales. No se trata solo de teor\u00eda, sino de entender c\u00f3mo resolver problemas en la vida real\u00bb, enfatiza Vargas.<\/p>\n\n\n\n<p><strong>El rol de los juristas en la educaci\u00f3n legal<\/strong><\/p>\n\n\n\n<p>La presencia de estos expertos no solo ha fortalecido la ense\u00f1anza acad\u00e9mica, sino que ha permitido a los estudiantes desarrollar habilidades clave para su desempe\u00f1o profesional:<\/p>\n\n\n\n<p><em>Perspectiva pr\u00e1ctica:<\/em> A trav\u00e9s de la experiencia de los juristas, los estudiantes comprenden c\u00f3mo aplicar las normas en casos concretos.<\/p>\n\n\n\n<p><em>Habilidades cr\u00edticas:<\/em> El an\u00e1lisis de casos reales fomenta el pensamiento cr\u00edtico y la capacidad de argumentaci\u00f3n.<\/p>\n\n\n\n<p><em>Networking y oportunidades laborales:<\/em> La interacci\u00f3n con especialistas de prestigio permite a los estudiantes establecer conexiones con referentes del \u00e1mbito jur\u00eddico.<\/p>\n\n\n\n<p><em>Fomento del arbitraje y la cultura de paz:<\/em> Expertos en conciliaci\u00f3n y resoluci\u00f3n de conflictos impulsan el uso del arbitraje como alternativa efectiva a los litigios judiciales.<\/p>\n\n\n\n<p>\u00abLa ense\u00f1anza del Derecho no puede limitarse a la teor\u00eda. La presencia de estos profesionales nos acerca a la realidad del ejercicio legal y nos prepara para afrontar los retos del sistema jur\u00eddico con un enfoque innovador\u00bb, enfatiza Vargas.<\/p>\n\n\n\n<p><strong>Expertos que marcaron la diferencia<\/strong><\/p>\n\n\n\n<p>Durante los \u00faltimos dos a\u00f1os, Unifranz ha contado con la participaci\u00f3n de reconocidos juristas nacionales e internacionales que han compartido su visi\u00f3n con los estudiantes. Entre ellos se destacan: Eduardo Rodr\u00edguez Veltz\u00e9, expresidente de la Corte Suprema de Justicia y de Bolivia; Jos\u00e9 Antonio Rivera, exmagistrado del Tribunal Constitucional Plurinacional; M\u00f3nica Gabriela Sauma Zankys, especialista en derecho constitucional y exletrada del Tribunal Constitucional Plurinacional; Liliana S\u00e1nchez (Puerto Rico), experta en derecho comercial y civil con experiencia en controversias contractuales; Seguimundo Navarro (Espa\u00f1a), especialista en arbitraje internacional con experiencia en CCI, PUCP-CARC y la Corte de Arbitraje de Madrid.; Jorge Antonio Asb\u00fan Rojas, presidente del Consejo T\u00e9cnico del Centro de Conciliaci\u00f3n y Arbitraje de la CAINCO; Luis Fernando Campos Campos, director del Centro de Conciliaci\u00f3n y Arbitraje de la C\u00e1mara de Industria, Comercio y Servicios de Cochabamba (ICAM).<\/p>\n\n\n\n<p><strong>La diferencia de Unifranz en la formaci\u00f3n de futuros abogados<\/strong><\/p>\n\n\n\n<p>La formaci\u00f3n en Derecho en Unifranz se distingue por su enfoque din\u00e1mico y su vinculaci\u00f3n con el ejercicio profesional real. La presencia de juristas influyentes no solo ha enriquecido el conocimiento de los estudiantes, sino que ha reforzado la importancia de la \u00e9tica, la innovaci\u00f3n y el compromiso con la justicia en la pr\u00e1ctica legal.<\/p>\n\n\n\n<p>\u00abLa visita de estos expertos representa un paso significativo para la formaci\u00f3n de abogados comprometidos con la justicia y el bienestar social. Sus aportes no solo ampl\u00edan el conocimiento t\u00e9cnico de nuestros estudiantes, sino que tambi\u00e9n los inspiran a ser agentes de cambio en el sistema legal boliviano\u00bb, concluye Vargas.<\/p>","protected":false},"excerpt":{"rendered":"<p>La presencia de juristas influyentes en espacios acad\u00e9micos transforma la ense\u00f1anza del Derecho y fortalece la formaci\u00f3n de futuros abogados. En la Universidad Franz Tamayo, Unifranz, la visita de destacados expertos nacionales e internacionales ha permitido generar debates sobre el estado del sistema judicial en Bolivia, el derecho constitucional y el arbitraje, promoviendo un aprendizaje basado en experiencias reales.<\/p>","protected":false},"author":27,"featured_media":703583,"comment_status":"open","ping_status":"open","sticky":false,"template":"","format":"standard","meta":{"_acf_changed":false,"footnotes":""},"categories":[60,280,1886,1662,1004],"tags":[266,37,53,386,1422,242],"class_list":["post-703574","post","type-post","status-publish","format-standard","has-post-thumbnail","hentry","category-blog","category-cochabamba","category-derecho","category-docentes","category-estudiantes","tag-bolivia","tag-cochabamba","tag-educacion","tag-estudiantes","tag-innovacion-en-educacion","tag-unifranz"],"acf":[],"_links":{"self":[{"href":"https:\/\/unifranz.edu.bo\/pt\/wp-json\/wp\/v2\/posts\/703574","targetHints":{"allow":["GET"]}}],"collection":[{"href":"https:\/\/unifranz.edu.bo\/pt\/wp-json\/wp\/v2\/posts"}],"about":[{"href":"https:\/\/unifranz.edu.bo\/pt\/wp-json\/wp\/v2\/types\/post"}],"author":[{"embeddable":true,"href":"https:\/\/unifranz.edu.bo\/pt\/wp-json\/wp\/v2\/users\/27"}],"replies":[{"embeddable":true,"href":"https:\/\/unifranz.edu.bo\/pt\/wp-json\/wp\/v2\/comments?post=703574"}],"version-history":[{"count":2,"href":"https:\/\/unifranz.edu.bo\/pt\/wp-json\/wp\/v2\/posts\/703574\/revisions"}],"predecessor-version":[{"id":704121,"href":"https:\/\/unifranz.edu.bo\/pt\/wp-json\/wp\/v2\/posts\/703574\/revisions\/704121"}],"wp:featuredmedia":[{"embeddable":true,"href":"https:\/\/unifranz.edu.bo\/pt\/wp-json\/wp\/v2\/media\/703583"}],"wp:attachment":[{"href":"https:\/\/unifranz.edu.bo\/pt\/wp-json\/wp\/v2\/media?parent=703574"}],"wp:term":[{"taxonomy":"category","embeddable":true,"href":"https:\/\/unifranz.edu.bo\/pt\/wp-json\/wp\/v2\/categories?post=703574"},{"taxonomy":"post_tag","embeddable":true,"href":"https:\/\/unifranz.edu.bo\/pt\/wp-json\/wp\/v2\/tags?post=703574"}],"curies":[{"name":"wp","href":"https:\/\/api.w.org\/{rel}","templated":true}]}}