{"id":703557,"date":"2025-03-20T18:34:30","date_gmt":"2025-03-20T22:34:30","guid":{"rendered":"https:\/\/unifranz.edu.bo\/?p=703557"},"modified":"2025-03-20T18:34:32","modified_gmt":"2025-03-20T22:34:32","slug":"dia-mundial-del-sindrome-de-down-un-homenaje-a-la-diversidad-y-la-fortaleza-humana","status":"publish","type":"post","link":"https:\/\/unifranz.edu.bo\/pt\/blog\/dia-mundial-del-sindrome-de-down-un-homenaje-a-la-diversidad-y-la-fortaleza-humana\/","title":{"rendered":"D\u00eda Mundial del S\u00edndrome de Down: un homenaje a la diversidad y la fortaleza humana"},"content":{"rendered":"<p>Pablo Pineda Ferrer, es el primer europeo con S\u00edndrome de Down en obtener un t\u00edtulo universitario. Despu\u00e9s de siete a\u00f1os de esfuerzo y dedicaci\u00f3n, se gradu\u00f3 como psicopedagogo en M\u00e1laga, Espa\u00f1a. Su madre, Mar\u00eda Christina Ferrer, recuerda las dudas y comentarios negativos que surgieron a lo largo de su camino, pero nunca perdi\u00f3 la fe en su hijo.<\/p>\n\n\n\n<p>Su testimonio es sin\u00f3nimo de perseverancia, superaci\u00f3n y transformaci\u00f3n. Hoy en d\u00eda, es un referente internacional, y fue reconocido como mejor actor en el Festival Internacional de Cine de San Sebasti\u00e1n por su participaci\u00f3n en la pel\u00edcula Yo, tambi\u00e9n. Aunque la pel\u00edcula no es autobiogr\u00e1fica, refleja la lucha de un joven con S\u00edndrome de Down por encontrar su lugar en una sociedad que, muchas veces, olvida que la verdadera integraci\u00f3n comienza con el respeto.<\/p>\n\n\n\n<blockquote class=\"wp-block-quote is-layout-flow wp-block-quote-is-layout-flow\">\n<p>\u201c\u00bfEspecial?, lo que tengo de especial son unos padres y un entorno que han luchado porque sea lo m\u00e1s aut\u00f3nomo posible\u201d, expresa Pablo, quien actualmente recorre el mundo dando charlas motivacionales e inspirando a otros a luchar por sus sue\u00f1os.<\/p>\n<\/blockquote>\n\n\n\n<p>Cada 21 de marzo, el mundo se detiene para rendir homenaje a las personas con S\u00edndrome de Down como Pablo, conmemorando una fecha que invita a reflexionar sobre la importancia de la inclusi\u00f3n, la empat\u00eda y el respeto. En 2011, la Asamblea General de las Naciones Unidas design\u00f3 este d\u00eda para generar mayor consciencia sobre la condici\u00f3n, promover la dignidad humana y reconocer los valiosos aportes que las personas con discapacidad intelectual brindan a sus comunidades.<\/p>\n\n\n\n<figure class=\"wp-block-image size-full\"><img loading=\"lazy\" decoding=\"async\" width=\"1000\" height=\"1000\" src=\"https:\/\/unifranz.edu.bo\/wp-content\/uploads\/2025\/03\/POST-FOTO-CITA-GENERAL-Pablo-Pineda.png\" alt=\"\" class=\"wp-image-703559\" srcset=\"https:\/\/unifranz.edu.bo\/wp-content\/uploads\/2025\/03\/POST-FOTO-CITA-GENERAL-Pablo-Pineda.png 1000w, https:\/\/unifranz.edu.bo\/wp-content\/uploads\/2025\/03\/POST-FOTO-CITA-GENERAL-Pablo-Pineda-300x300.png 300w, https:\/\/unifranz.edu.bo\/wp-content\/uploads\/2025\/03\/POST-FOTO-CITA-GENERAL-Pablo-Pineda-768x768.png 768w, https:\/\/unifranz.edu.bo\/wp-content\/uploads\/2025\/03\/POST-FOTO-CITA-GENERAL-Pablo-Pineda-12x12.png 12w\" sizes=\"auto, (max-width: 1000px) 100vw, 1000px\" \/><\/figure>\n\n\n\n<p>La Organizaci\u00f3n de las Naciones Unidas (ONU), se\u00f1ala que el S\u00edndrome de Down es una variaci\u00f3n cromos\u00f3mica natural que ha formado parte de la humanidad desde siempre. Presente en todas las regiones del mundo, se manifiesta de manera diferente en cada persona, afectando aspectos como el aprendizaje, las caracter\u00edsticas f\u00edsicas y la salud.<\/p>\n\n\n\n<p>Con el cuidado y apoyo adecuados, las personas con S\u00edndrome de Down tienen la capacidad de tomar decisiones, participar activamente en la sociedad y alcanzar metas que parecen inalcanzables para muchos. El amor y el apoyo familiar, junto con la orientaci\u00f3n profesional y el acceso a una rehabilitaci\u00f3n integral desde una edad temprana, abren puertas que transforman vidas.<\/p>\n\n\n\n<p>Para Karen Vargas Pedraza, profesional en psicolog\u00eda aliada de la Universidad Franz Tamayo, Unifranz, la aceptaci\u00f3n incondicional por parte de los padres es clave para el desarrollo de los ni\u00f1os con S\u00edndrome de Down. Ella destaca la importancia de superar el \u201cduelo\u201d inicial, un proceso de aceptaci\u00f3n que, lejos de ser un obst\u00e1culo, abre las puertas al crecimiento y la integraci\u00f3n.<\/p>\n\n\n\n<blockquote class=\"wp-block-quote is-layout-flow wp-block-quote-is-layout-flow\">\n<p>\u00abCuando los padres se estabilizan emocionalmente, pueden brindar el apoyo necesario a sus hijos, fortaleciendo sus habilidades y ayud\u00e1ndolos a alcanzar su m\u00e1ximo potencial. Es fundamental que los padres trabajen no solo con el hijo que tiene la condici\u00f3n, sino tambi\u00e9n con los dem\u00e1s integrantes de la familia. Todos deben aprender a apoyar y a comprender c\u00f3mo pueden contribuir al desarrollo de su ser querido\u00bb, recomienda Vargas.<\/p>\n<\/blockquote>\n\n\n\n<p>En Bolivia, las personas con S\u00edndrome de Down son beneficiarias del Sistema \u00danico de Salud (SUS), como parte de los derechos garantizados por la Ley 475. Adem\u00e1s, reciben un bono mensual para apoyar su bienestar. La Ley 223 tambi\u00e9n asegura que las personas con discapacidad gocen de igualdad de oportunidades, ejerciendo sus derechos en un sistema de protecci\u00f3n integral que fomenta la equidad y la inclusi\u00f3n.<\/p>\n\n\n\n<p>A nivel nacional, seg\u00fan un estudio realizado por el Ministerio de Salud en 2018, Santa Cruz es el departamento con el mayor n\u00famero de casos de S\u00edndrome de Down, seguido de Tarija, La Paz, Chuquisaca, Cochabamba, Beni, Potos\u00ed, Oruro y Pando.<\/p>","protected":false},"excerpt":{"rendered":"<p>Pablo Pineda Ferrer, es el primer europeo con S\u00edndrome de Down en obtener un t\u00edtulo universitario. Despu\u00e9s de siete a\u00f1os de esfuerzo y dedicaci\u00f3n, se gradu\u00f3 como psicopedagogo en M\u00e1laga, Espa\u00f1a. Su madre, Mar\u00eda Christina Ferrer, recuerda las dudas y comentarios negativos que surgieron a lo largo de su camino, pero nunca perdi\u00f3 la fe &hellip; <a href=\"https:\/\/unifranz.edu.bo\/pt\/blog\/dia-mundial-del-sindrome-de-down-un-homenaje-a-la-diversidad-y-la-fortaleza-humana\/\">Continued<\/a><\/p>","protected":false},"author":33,"featured_media":703558,"comment_status":"open","ping_status":"open","sticky":false,"template":"","format":"standard","meta":{"_acf_changed":false,"footnotes":""},"categories":[2576,60],"tags":[3800,1258,1422,49,10826,3798,242],"class_list":["post-703557","post","type-post","status-publish","format-standard","has-post-thumbnail","hentry","category-unifranz-santa-cruz","category-blog","tag-dia-mundial-del-sindrome-de-down","tag-inclusion","tag-innovacion-en-educacion","tag-medicina","tag-pablo-pineda","tag-sindrome-de-down","tag-unifranz"],"acf":[],"_links":{"self":[{"href":"https:\/\/unifranz.edu.bo\/pt\/wp-json\/wp\/v2\/posts\/703557","targetHints":{"allow":["GET"]}}],"collection":[{"href":"https:\/\/unifranz.edu.bo\/pt\/wp-json\/wp\/v2\/posts"}],"about":[{"href":"https:\/\/unifranz.edu.bo\/pt\/wp-json\/wp\/v2\/types\/post"}],"author":[{"embeddable":true,"href":"https:\/\/unifranz.edu.bo\/pt\/wp-json\/wp\/v2\/users\/33"}],"replies":[{"embeddable":true,"href":"https:\/\/unifranz.edu.bo\/pt\/wp-json\/wp\/v2\/comments?post=703557"}],"version-history":[{"count":1,"href":"https:\/\/unifranz.edu.bo\/pt\/wp-json\/wp\/v2\/posts\/703557\/revisions"}],"predecessor-version":[{"id":703560,"href":"https:\/\/unifranz.edu.bo\/pt\/wp-json\/wp\/v2\/posts\/703557\/revisions\/703560"}],"wp:featuredmedia":[{"embeddable":true,"href":"https:\/\/unifranz.edu.bo\/pt\/wp-json\/wp\/v2\/media\/703558"}],"wp:attachment":[{"href":"https:\/\/unifranz.edu.bo\/pt\/wp-json\/wp\/v2\/media?parent=703557"}],"wp:term":[{"taxonomy":"category","embeddable":true,"href":"https:\/\/unifranz.edu.bo\/pt\/wp-json\/wp\/v2\/categories?post=703557"},{"taxonomy":"post_tag","embeddable":true,"href":"https:\/\/unifranz.edu.bo\/pt\/wp-json\/wp\/v2\/tags?post=703557"}],"curies":[{"name":"wp","href":"https:\/\/api.w.org\/{rel}","templated":true}]}}