{"id":703469,"date":"2025-03-18T11:28:30","date_gmt":"2025-03-18T15:28:30","guid":{"rendered":"https:\/\/unifranz.edu.bo\/?p=703469"},"modified":"2025-04-14T14:00:16","modified_gmt":"2025-04-14T18:00:16","slug":"generacionresiliente","status":"publish","type":"post","link":"https:\/\/unifranz.edu.bo\/pt\/blog\/generacionresiliente\/","title":{"rendered":"Unifranz Cochabamba grad\u00faa a una generaci\u00f3n resiliente y lista para la transformaci\u00f3n"},"content":{"rendered":"<div class=\"wp-block-post-author\"><div class=\"wp-block-post-author__avatar\"><img alt='' src='https:\/\/secure.gravatar.com\/avatar\/e83dacfa0953202430ef5fc66632429034dd4e72b9e95291520cc266ab20ee5c?s=48&#038;d=mm&#038;r=g' srcset='https:\/\/secure.gravatar.com\/avatar\/e83dacfa0953202430ef5fc66632429034dd4e72b9e95291520cc266ab20ee5c?s=96&#038;d=mm&#038;r=g 2x' class='avatar avatar-48 photo' height='48' width='48' \/><\/div><div class=\"wp-block-post-author__content\"><p class=\"wp-block-post-author__name\">Diego Andr\u00e9s Sabat<\/p><\/div><\/div>\n\n\n<p>La 37\u00aa promoci\u00f3n de Unifranz Cochabamba no solo representa el cierre de una etapa acad\u00e9mica, sino que tambi\u00e9n es un s\u00edmbolo de resiliencia y adaptaci\u00f3n. Sus integrantes iniciaron su formaci\u00f3n universitaria en plena nueva normalidad, cuando la pandemia del COVID-19 transform\u00f3 la educaci\u00f3n y la forma en que el mundo funcionaba.<\/p>\n\n\n\n<p>A pesar de los desaf\u00edos que supuso comenzar sus estudios en un entorno h\u00edbrido, con clases virtuales y cambios constantes en la din\u00e1mica de aprendizaje, estos 83 nuevos profesionales demostraron que la determinaci\u00f3n y el compromiso con la excelencia pueden superar cualquier adversidad.<\/p>\n\n\n\n<p>El acto de colaci\u00f3n de grado, realizado el 14 de marzo en el sal\u00f3n de eventos El Portal, reuni\u00f3 a familiares, docentes y autoridades universitarias para reconocer el esfuerzo de esta generaci\u00f3n, que sale al mundo con una formaci\u00f3n innovadora y con la certeza de estar listos para aportar soluciones a los desaf\u00edos actuales.<\/p>\n\n\n\n<blockquote class=\"wp-block-quote is-layout-flow wp-block-quote-is-layout-flow\">\n<p>\u00abNos hemos reunido aqu\u00ed para celebrar el esfuerzo, la dedicaci\u00f3n y la perseverancia de cada uno de ustedes, quienes hoy culminan una etapa crucial en sus vidas y dan inicio a un nuevo camino lleno de oportunidades y desaf\u00edos\u00bb, expres\u00f3 Rolando L\u00f3pez, vicerrector de Unifranz Cochabamba, en su discurso de graduaci\u00f3n.<\/p>\n<\/blockquote>\n\n\n\n<p><strong>Susan \u00c1lvaro, la graduada m\u00e1s destacada de la promoci\u00f3n<\/strong><\/p>\n\n\n\n<p>Con un promedio de 93.11, Susan \u00c1lvaro, egresada de la carrera de Ingenier\u00eda Econ\u00f3mica y Financiera, obtuvo la calificaci\u00f3n m\u00e1s alta de toda la cohorte, consolid\u00e1ndose como la mejor graduada de la promoci\u00f3n.<\/p>\n\n\n\n<p>En su discurso como valedictoriana, \u00c1lvaro destac\u00f3 el esfuerzo, la disciplina y la capacidad de adaptaci\u00f3n que caracterizaron a esta generaci\u00f3n.<\/p>\n\n\n\n<p>\u00abHoy celebramos la culminaci\u00f3n de nuestra carrera universitaria, pero tambi\u00e9n reconocemos el proceso que nos trajo hasta aqu\u00ed. Nos enfrentamos a un mundo cambiante, a una educaci\u00f3n que evolucion\u00f3 y a un futuro que nos desafi\u00f3 desde el primer d\u00eda. Aprendimos a ser flexibles, a aprovechar cada oportunidad y a ver en cada reto una posibilidad de crecimiento\u00bb, expres\u00f3.<\/p>\n\n\n\n<figure class=\"wp-block-image aligncenter size-medium\"><img loading=\"lazy\" decoding=\"async\" width=\"300\" height=\"300\" src=\"https:\/\/unifranz.edu.bo\/wp-content\/uploads\/2025\/03\/QUOTE-SUSAN-ALVARADO-300x300.png\" alt=\"\" class=\"wp-image-703476\" srcset=\"https:\/\/unifranz.edu.bo\/wp-content\/uploads\/2025\/03\/QUOTE-SUSAN-ALVARADO-300x300.png 300w, https:\/\/unifranz.edu.bo\/wp-content\/uploads\/2025\/03\/QUOTE-SUSAN-ALVARADO-768x768.png 768w, https:\/\/unifranz.edu.bo\/wp-content\/uploads\/2025\/03\/QUOTE-SUSAN-ALVARADO-12x12.png 12w, https:\/\/unifranz.edu.bo\/wp-content\/uploads\/2025\/03\/QUOTE-SUSAN-ALVARADO.png 1000w\" sizes=\"auto, (max-width: 300px) 100vw, 300px\" \/><\/figure>\n\n\n\n<p>Tambi\u00e9n agradeci\u00f3 el apoyo de docentes, familiares y compa\u00f1eros, quienes fueron un soporte esencial en este camino de aprendizaje.<\/p>\n\n\n\n<p><strong>Un modelo educativo que forma profesionales resilientes y adaptables<\/strong><\/p>\n\n\n\n<p>El mundo profesional actual exige que los graduados no solo dominen sus \u00e1reas de conocimiento, sino que tambi\u00e9n sepan innovar, tomar decisiones estrat\u00e9gicas y adaptarse a la incertidumbre. Para responder a estos desaf\u00edos, Unifranz ha consolidado un modelo educativo que prioriza la formaci\u00f3n pr\u00e1ctica y la aplicaci\u00f3n del conocimiento en entornos reales.<\/p>\n\n\n\n<p>\u00abEn Unifranz no solo buscamos formar profesionales altamente capacitados, sino tambi\u00e9n l\u00edderes comprometidos con la transformaci\u00f3n de nuestra sociedad. Cada uno de ustedes representa el futuro de Bolivia y del mundo, un futuro que requiere \u00e9tica, innovaci\u00f3n y un profundo sentido de responsabilidad social\u00bb, enfatiz\u00f3 el vicerrector Rolando L\u00f3pez.<\/p>\n\n\n\n<p>El modelo educativo de la universidad, basado en el Aprender Haciendo, permite que los estudiantes desarrollen habilidades pr\u00e1cticas desde los primeros semestres, fortaleciendo su perfil profesional y asegurando una formaci\u00f3n alineada con las demandas del mercado global.<\/p>\n\n\n\n<p><strong>Un nuevo comienzo para una generaci\u00f3n preparada para el cambio<\/strong><\/p>\n\n\n\n<p>El evento de graduaci\u00f3n marc\u00f3 el cierre de una etapa, para dar inicio a un futuro lleno de oportunidades. La historia de esta generaci\u00f3n demuestra que la educaci\u00f3n no se detiene ante los cambios del mundo, sino que evoluciona con ellos.<\/p>\n\n\n\n<p>En su mensaje final, el vicerrector de Unifranz Cochabamba inst\u00f3 a los graduados a seguir explorando, aprendiendo y contribuyendo con sus conocimientos a la sociedad.<\/p>\n\n\n\n<p>\u00abHoy cierran un cap\u00edtulo, pero recuerden que el aprendizaje nunca termina. Sigan explorando, cuestionando, so\u00f1ando en grande. No teman a los cambios, porque en ellos encontrar\u00e1n oportunidades. Y sobre todo, nunca olviden que el verdadero \u00e9xito no se mide solo en logros profesionales, sino en el impacto positivo que generen en la vida de los dem\u00e1s\u00bb, concluy\u00f3 L\u00f3pez.<\/p>\n\n\n\n<p>Con la mirada puesta en el futuro, los 83 nuevos profesionales de la 37\u00aa promoci\u00f3n de Unifranz Cochabamba salen al mundo con la certeza de que est\u00e1n listos para afrontar los desaf\u00edos del futuro, liderar en tiempos de cambio y aportar soluciones innovadoras a la sociedad.<\/p>\n\n\n\n<p><\/p>","protected":false},"excerpt":{"rendered":"<p>La 37\u00aa promoci\u00f3n de Unifranz Cochabamba no solo representa el cierre de una etapa acad\u00e9mica, sino que tambi\u00e9n es un s\u00edmbolo de resiliencia y adaptaci\u00f3n. Sus integrantes iniciaron su formaci\u00f3n universitaria en plena nueva normalidad, cuando la pandemia del COVID-19 transform\u00f3 la educaci\u00f3n y la forma en que el mundo funcionaba.<\/p>\n<p>A pesar de los desaf\u00edos que supuso comenzar sus estudios en un entorno h\u00edbrido, con clases virtuales y cambios constantes en la din\u00e1mica de aprendizaje, estos 83 nuevos profesionales demostraron que la determinaci\u00f3n y el compromiso con la excelencia pueden superar cualquier adversidad.<\/p>","protected":false},"author":27,"featured_media":703470,"comment_status":"open","ping_status":"open","sticky":false,"template":"","format":"standard","meta":{"_acf_changed":false,"footnotes":""},"categories":[1934,60,5100,280,1004,1864,2870],"tags":[266,37,53,386,1422,242],"class_list":["post-703469","post","type-post","status-publish","format-standard","has-post-thumbnail","hentry","category-acto-de-colacion","category-blog","category-bolivia","category-cochabamba","category-estudiantes","category-futuro","category-profesionales","tag-bolivia","tag-cochabamba","tag-educacion","tag-estudiantes","tag-innovacion-en-educacion","tag-unifranz"],"acf":[],"_links":{"self":[{"href":"https:\/\/unifranz.edu.bo\/pt\/wp-json\/wp\/v2\/posts\/703469","targetHints":{"allow":["GET"]}}],"collection":[{"href":"https:\/\/unifranz.edu.bo\/pt\/wp-json\/wp\/v2\/posts"}],"about":[{"href":"https:\/\/unifranz.edu.bo\/pt\/wp-json\/wp\/v2\/types\/post"}],"author":[{"embeddable":true,"href":"https:\/\/unifranz.edu.bo\/pt\/wp-json\/wp\/v2\/users\/27"}],"replies":[{"embeddable":true,"href":"https:\/\/unifranz.edu.bo\/pt\/wp-json\/wp\/v2\/comments?post=703469"}],"version-history":[{"count":4,"href":"https:\/\/unifranz.edu.bo\/pt\/wp-json\/wp\/v2\/posts\/703469\/revisions"}],"predecessor-version":[{"id":704118,"href":"https:\/\/unifranz.edu.bo\/pt\/wp-json\/wp\/v2\/posts\/703469\/revisions\/704118"}],"wp:featuredmedia":[{"embeddable":true,"href":"https:\/\/unifranz.edu.bo\/pt\/wp-json\/wp\/v2\/media\/703470"}],"wp:attachment":[{"href":"https:\/\/unifranz.edu.bo\/pt\/wp-json\/wp\/v2\/media?parent=703469"}],"wp:term":[{"taxonomy":"category","embeddable":true,"href":"https:\/\/unifranz.edu.bo\/pt\/wp-json\/wp\/v2\/categories?post=703469"},{"taxonomy":"post_tag","embeddable":true,"href":"https:\/\/unifranz.edu.bo\/pt\/wp-json\/wp\/v2\/tags?post=703469"}],"curies":[{"name":"wp","href":"https:\/\/api.w.org\/{rel}","templated":true}]}}