{"id":703364,"date":"2025-03-13T16:11:11","date_gmt":"2025-03-13T20:11:11","guid":{"rendered":"https:\/\/unifranz.edu.bo\/?p=703364"},"modified":"2025-03-13T16:27:59","modified_gmt":"2025-03-13T20:27:59","slug":"unifranz-international-educators-awards-reconoce-a-30-academicos-en-santa-cruz","status":"publish","type":"post","link":"https:\/\/unifranz.edu.bo\/pt\/blog\/unifranz-international-educators-awards-reconoce-a-30-academicos-en-santa-cruz\/","title":{"rendered":"Unifranz International Educators Awards reconoce a 30 acad\u00e9micos en Santa Cruz"},"content":{"rendered":"<p>La Universidad Privada Franz Tamayo (Unifranz) celebr\u00f3 la segunda edici\u00f3n de los <em><strong>Unifranz International Educators Awards<\/strong><\/em>, una gala que resalt\u00f3 el esfuerzo y dedicaci\u00f3n de los docentes que han fortalecido la internacionalizaci\u00f3n de la educaci\u00f3n en la universidad. En este evento, se destac\u00f3 el compromiso de la integraci\u00f3n global y el intercambio acad\u00e9mico, un pilar fundamental en su visi\u00f3n educativa.<\/p>\n\n\n\n<blockquote class=\"wp-block-quote is-layout-flow wp-block-quote-is-layout-flow\">\n<p>Durante la ceremonia, el Dr. Carlos Dabdoub, Vicerrector de Unifranz Santa Cruz, subray\u00f3 la importancia de la innovaci\u00f3n y la internacionalizaci\u00f3n como los sellos distintivos de la universidad. \u201cReconocemos a aquellos docentes y directores de carrera que han llevado a nuestra universidad a un nivel de excelencia a trav\u00e9s de sus esfuerzos internacionales. La internacionalizaci\u00f3n no solo nos permite conectar con el mundo, sino tambi\u00e9n aprender nuevas metodolog\u00edas que enriquecen nuestra pr\u00e1ctica educativa, que son clave para continuar creciendo como instituci\u00f3n\u201d.<\/p>\n<\/blockquote>\n\n\n\n<figure class=\"wp-block-image size-large\"><img loading=\"lazy\" decoding=\"async\" width=\"1024\" height=\"768\" src=\"https:\/\/unifranz.edu.bo\/wp-content\/uploads\/2025\/03\/MOV-D75-12MAR25-109-1024x768.jpg\" alt=\"\" class=\"wp-image-703365\" srcset=\"https:\/\/unifranz.edu.bo\/wp-content\/uploads\/2025\/03\/MOV-D75-12MAR25-109-1024x768.jpg 1024w, https:\/\/unifranz.edu.bo\/wp-content\/uploads\/2025\/03\/MOV-D75-12MAR25-109-300x225.jpg 300w, https:\/\/unifranz.edu.bo\/wp-content\/uploads\/2025\/03\/MOV-D75-12MAR25-109-768x576.jpg 768w, https:\/\/unifranz.edu.bo\/wp-content\/uploads\/2025\/03\/MOV-D75-12MAR25-109-1536x1153.jpg 1536w, https:\/\/unifranz.edu.bo\/wp-content\/uploads\/2025\/03\/MOV-D75-12MAR25-109-2048x1537.jpg 2048w, https:\/\/unifranz.edu.bo\/wp-content\/uploads\/2025\/03\/MOV-D75-12MAR25-109-16x12.jpg 16w\" sizes=\"auto, (max-width: 1024px) 100vw, 1024px\" \/><figcaption class=\"wp-element-caption\">Dr. Carlos Dabdoub, vicerrector de Unifranz Santa Cruz<\/figcaption><\/figure>\n\n\n\n<p>A trav\u00e9s de alianzas con universidades de los cinco continentes, Unifranz no solo permite a los estudiantes acceder a un curr\u00edculo global, sino que tambi\u00e9n proporciona a los docentes oportunidades para compartir conocimientos y explorar nuevas perspectivas. La colaboraci\u00f3n internacional es un componente esencial en el proceso de ense\u00f1anza-aprendizaje, y la universidad est\u00e1 comprometida a seguir fomentando estos lazos.<\/p>\n\n\n\n<p>James Robles, director de la carrera de Psicolog\u00eda y docente galardonado, reflexion\u00f3 sobre el impacto de estas iniciativas en la educaci\u00f3n. Resalta que la interacci\u00f3n entre instituciones fortalece el sistema educativo y enriquece la experiencia de aprendizaje tanto para docentes como para estudiantes.<\/p>\n\n\n\n<p>\u201cNo solo se trata de adquirir conocimientos, sino de integrarnos a nuevas culturas y enfrentar desaf\u00edos con metodolog\u00edas innovadoras. Desde la psicolog\u00eda, vemos que el aprendizaje significativo ocurre cuando hay emoci\u00f3n, y esto es justamente lo que nos ofrece la internacionalizaci\u00f3n\u201d, destac\u00f3 Robles.<\/p>\n\n\n\n<p>Mariana Aguilar, coordinadora nacional de Movilidad Internacional, explic\u00f3 que los premios abarcan cuatro categor\u00edas: <em>International Educator<\/em>, <em>Education Bridge Builder<\/em>, <em>Master Educator<\/em> y <em>Distinguished Global Educator<\/em>. Estas ternas buscan reconocer el trabajo de aquellos que han llevado la internacionalizaci\u00f3n al aula, creando espacios para la colaboraci\u00f3n y el intercambio de conocimiento y culturas.<\/p>\n\n\n\n<p>\u201cCada uno de los premiados ha jugado un papel fundamental en el fortalecimiento de nuestra red internacional, creando v\u00ednculos con universidades de todo el mundo que nos permiten intercambiar ideas, experiencias y conocimientos que enriquecen nuestro quehacer educativo. Los Unifranz International Educators Awards son una forma de reconocer a los educadores que no solo imparten clases, sino que abren puertas a nuevas oportunidades y experiencias para nuestros estudiantes y para la comunidad acad\u00e9mica\u201d, resalta Aguilar.<\/p>\n\n\n\n<figure class=\"wp-block-image size-large\"><img loading=\"lazy\" decoding=\"async\" width=\"1024\" height=\"698\" src=\"https:\/\/unifranz.edu.bo\/wp-content\/uploads\/2025\/03\/MOV-D75-12MAR25-117-1024x698.jpg\" alt=\"\" class=\"wp-image-703366\" srcset=\"https:\/\/unifranz.edu.bo\/wp-content\/uploads\/2025\/03\/MOV-D75-12MAR25-117-1024x698.jpg 1024w, https:\/\/unifranz.edu.bo\/wp-content\/uploads\/2025\/03\/MOV-D75-12MAR25-117-300x204.jpg 300w, https:\/\/unifranz.edu.bo\/wp-content\/uploads\/2025\/03\/MOV-D75-12MAR25-117-768x523.jpg 768w, https:\/\/unifranz.edu.bo\/wp-content\/uploads\/2025\/03\/MOV-D75-12MAR25-117-1536x1047.jpg 1536w, https:\/\/unifranz.edu.bo\/wp-content\/uploads\/2025\/03\/MOV-D75-12MAR25-117-2048x1396.jpg 2048w, https:\/\/unifranz.edu.bo\/wp-content\/uploads\/2025\/03\/MOV-D75-12MAR25-117-18x12.jpg 18w\" sizes=\"auto, (max-width: 1024px) 100vw, 1024px\" \/><figcaption class=\"wp-element-caption\">Lita Dom\u00ednguez (directora de la carrera de Dise\u00f1o Gr\u00e1fico y Producci\u00f3n Crossmedia), Carlos Dabdoub (vicerrector de Unifranz Santa Cruz), Carola Miranda (directora de Marketing y Admisiones de Unifranz Santa Cruz) y Alejandro Zegarra (vicerrector adjunto de Unifranz Santa Cruz).<\/figcaption><\/figure>\n\n\n\n<p>A trav\u00e9s de estas alianzas internacionales, la universidad no solo ofrece una educaci\u00f3n de excelencia, sino tambi\u00e9n una experiencia acad\u00e9mica que prepara a sus estudiantes para destacarse en un mundo cada vez m\u00e1s globalizado. Con este tipo de iniciativas, Unifranz sigue demostrando que la internacionalizaci\u00f3n no es solo un concepto, sino una pr\u00e1ctica que transforma la educaci\u00f3n y abre nuevas oportunidades para todos sus estudiantes y docentes.<\/p>\n\n\n\n<p><strong>Docentes reconocidos<\/strong><\/p>\n\n\n\n<p><strong>Categor\u00eda Distinguished Global Educator:<\/strong><\/p>\n\n\n\n<p>David Burgoa \u2013 Contadur\u00eda P\u00fablica<\/p>\n\n\n\n<p>Elias Benjamin Colque Valdivia \u2013 Administraci\u00f3n de Empresas<\/p>\n\n\n\n<p>Hammelet Saavedra &#8211; Ingenier\u00eda Comercial<\/p>\n\n\n\n<p>Luz Estrella Canido Reyes &#8211; Contadur\u00eda P\u00fablica<\/p>\n\n\n\n<p>Patricia Cabaleiro \u2013 Medicina<\/p>\n\n\n\n<p><strong>Categor\u00eda International Educator:<\/strong><\/p>\n\n\n\n<p>Angela Daniela Canseco Tarifa &#8211; Arquitectura<\/p>\n\n\n\n<p>Cristian Gomez &#8211; Odontolog\u00eda<\/p>\n\n\n\n<p>Delia Lucana \u2013 Contadur\u00eda P\u00fablica<\/p>\n\n\n\n<p>Dra. Liany Machado &#8211; Medicina<\/p>\n\n\n\n<p>Dra. Rosmery Aguilar &#8211; Medicina<\/p>\n\n\n\n<p>Estela Mar\u00eda Del Carmen Tango Camargo \u2013 Bioqu\u00edmica y Farmacia<\/p>\n\n\n\n<p>Grecia Bello \u2013 Ingenier\u00eda de Sistemas<\/p>\n\n\n\n<p>Jorge Luis Reyes &#8211; Medicina<\/p>\n\n\n\n<p>Luz Estrella Canido Reyes \u2013 Contadur\u00eda P\u00fablica<\/p>\n\n\n\n<p>Marco Antonio Velarde Lazcano &#8211; Psicolog\u00eda<\/p>\n\n\n\n<p>Patricia Avil\u00e9s Rojas \u2013 Bioqu\u00edmica y Farmacia<\/p>\n\n\n\n<p>Sara Soria Estrugo &#8211; Medicina<\/p>\n\n\n\n<p>Shirley Pamela Campos Robles \u2013 Bioqu\u00edmica y Farmacia<\/p>\n\n\n\n<p>Whara Solano Garvizu \u2013 Enfermer\u00eda<\/p>\n\n\n\n<p><strong>Categor\u00eda Master Educator:<\/strong><\/p>\n\n\n\n<p>James Robles &#8211; Psicolog\u00eda<\/p>\n\n\n\n<p>Javier Rivera \u2013 Administraci\u00f3n de Hoteler\u00eda y Turismo<\/p>\n\n\n\n<p>Luis Antonio Parada \u2013 Administraci\u00f3n de Empresas<\/p>\n\n\n\n<p>Perci Pe\u00f1a Contreras \u2013 Administraci\u00f3n de Empresas<\/p>\n\n\n\n<p><strong>Categor\u00eda Educator Bridge Builder:<\/strong><\/p>\n\n\n\n<p>Ada Rosa Sandoval Arenas \u2013 Dise\u00f1o Gr\u00e1fico y Producci\u00f3n Crossmedia<\/p>\n\n\n\n<p>Claudio de la Rosa Pozo \u2013 Publicidad y Marketing<\/p>\n\n\n\n<p>Daniela Antezana V\u00e1squez &#8211; Odontolog\u00eda<\/p>\n\n\n\n<p>El\u00edas Benjam\u00edn Colque Valdivia &#8211; Administraci\u00f3n de Empresas<\/p>\n\n\n\n<p>James Robles &#8211; Psicolog\u00eda<\/p>\n\n\n\n<p>Javier Rivera &#8211; Administraci\u00f3n de Hoteler\u00eda y Turismo<\/p>\n\n\n\n<p>Katrin Suarez Languidey &#8211; Ingenier\u00eda Comercial<\/p>\n\n\n\n<p>Lita Dom\u00ednguez &#8211; Dise\u00f1o Gr\u00e1fico y Producci\u00f3n Crossmedia<\/p>\n\n\n\n<p>Marcelo Pacheco Ustarez &#8211; Ingenier\u00eda de Sistemas<\/p>\n\n\n\n<p>Patricia Cabaleiro &#8211; Medicina<\/p>\n\n\n\n<p>Raiza Ver\u00f3nica Viera Hern\u00e1ndez &#8211; Medicina<\/p>\n\n\n\n<p>Yesenia M\u00e9ndez A\u00f1ez &#8211; Medicina<\/p>","protected":false},"excerpt":{"rendered":"<p>La Universidad Privada Franz Tamayo (Unifranz) celebr\u00f3 la segunda edici\u00f3n de los Unifranz International Educators Awards, una gala que resalt\u00f3 el esfuerzo y dedicaci\u00f3n de los docentes que han fortalecido la internacionalizaci\u00f3n de la educaci\u00f3n en la universidad. En este evento, se destac\u00f3 el compromiso de la integraci\u00f3n global y el intercambio acad\u00e9mico, un pilar &hellip; <a href=\"https:\/\/unifranz.edu.bo\/pt\/blog\/unifranz-international-educators-awards-reconoce-a-30-academicos-en-santa-cruz\/\">Continued<\/a><\/p>","protected":false},"author":33,"featured_media":703367,"comment_status":"open","ping_status":"open","sticky":false,"template":"","format":"standard","meta":{"_acf_changed":false,"footnotes":""},"categories":[2576,60],"tags":[320,53,62,1650,5030,242,10806,3624],"class_list":["post-703364","post","type-post","status-publish","format-standard","has-post-thumbnail","hentry","category-unifranz-santa-cruz","category-blog","tag-docentes","tag-educacion","tag-internacionalizate","tag-mejores-universidades-de-bolivia","tag-movilidad-docente","tag-unifranz","tag-unifranz-international-educator-awards","tag-unifranz-santa-cruz"],"acf":[],"_links":{"self":[{"href":"https:\/\/unifranz.edu.bo\/pt\/wp-json\/wp\/v2\/posts\/703364","targetHints":{"allow":["GET"]}}],"collection":[{"href":"https:\/\/unifranz.edu.bo\/pt\/wp-json\/wp\/v2\/posts"}],"about":[{"href":"https:\/\/unifranz.edu.bo\/pt\/wp-json\/wp\/v2\/types\/post"}],"author":[{"embeddable":true,"href":"https:\/\/unifranz.edu.bo\/pt\/wp-json\/wp\/v2\/users\/33"}],"replies":[{"embeddable":true,"href":"https:\/\/unifranz.edu.bo\/pt\/wp-json\/wp\/v2\/comments?post=703364"}],"version-history":[{"count":2,"href":"https:\/\/unifranz.edu.bo\/pt\/wp-json\/wp\/v2\/posts\/703364\/revisions"}],"predecessor-version":[{"id":703370,"href":"https:\/\/unifranz.edu.bo\/pt\/wp-json\/wp\/v2\/posts\/703364\/revisions\/703370"}],"wp:featuredmedia":[{"embeddable":true,"href":"https:\/\/unifranz.edu.bo\/pt\/wp-json\/wp\/v2\/media\/703367"}],"wp:attachment":[{"href":"https:\/\/unifranz.edu.bo\/pt\/wp-json\/wp\/v2\/media?parent=703364"}],"wp:term":[{"taxonomy":"category","embeddable":true,"href":"https:\/\/unifranz.edu.bo\/pt\/wp-json\/wp\/v2\/categories?post=703364"},{"taxonomy":"post_tag","embeddable":true,"href":"https:\/\/unifranz.edu.bo\/pt\/wp-json\/wp\/v2\/tags?post=703364"}],"curies":[{"name":"wp","href":"https:\/\/api.w.org\/{rel}","templated":true}]}}