{"id":703229,"date":"2025-03-08T22:09:05","date_gmt":"2025-03-09T02:09:05","guid":{"rendered":"https:\/\/unifranz.edu.bo\/?p=703229"},"modified":"2025-03-08T22:09:06","modified_gmt":"2025-03-09T02:09:06","slug":"estudiantes-de-unifranz-la-paz-estan-en-mexico-y-colombia-con-ansias-de-aprender","status":"publish","type":"post","link":"https:\/\/unifranz.edu.bo\/pt\/blog\/estudiantes-de-unifranz-la-paz-estan-en-mexico-y-colombia-con-ansias-de-aprender\/","title":{"rendered":"Estudiantes de Unifranz La Paz est\u00e1n en M\u00e9xico y Colombia con ansias de aprender"},"content":{"rendered":"<p>Los estudiantes de la Universidad Franz Tamayo, Unifranz La Paz, que han cruzado las fronteras y ahora se encuentran en diversas universidades de Latinoam\u00e9rica, viven de cerca el proceso de internacionalizaci\u00f3n y se encuentran en Colombia y M\u00e9xico con ansias de aprender.<\/p>\n\n\n\n<p>A inicios de este a\u00f1o, cuatro estudiantes abordaron el avi\u00f3n de la internacionalizaci\u00f3n con rumbo a ambos pa\u00edses, donde contin\u00faan su formaci\u00f3n acad\u00e9mica.<\/p>\n\n\n\n<p><strong>Una experiencia internacional<\/strong><\/p>\n\n\n\n<p>Mayte Pu\u00f1a estudia Periodismo en Unifranz y durante un semestre enriquecer\u00e1 su experiencia internacional en la carrera de Comunicaci\u00f3n de la Ibero Puebla, M\u00e9xico. Su objetivo es formarse como profesional global. \u201cLlegar a Puebla ha sido una experiencia simplemente hermosa, tengo muchas ganas de aprender m\u00e1s de mi carrera profesional\u201d, expresa con entusiasmo. Contin\u00faa: \u201cLa Ibero Puebla es muy intercultural, lo que me ha permitido conocer estudiantes de todo el mundo. He hecho amistades con personas de Colombia, Alemania y, por supuesto, de varias regiones de M\u00e9xico, como Veracruz, Chiapas, Oaxaca, Tlaxcala y Atlixco, lo que ha ampliado mi visi\u00f3n sobre la diversidad de M\u00e9xico\u201d.<\/p>\n\n\n\n<p>Esta casa de estudios superiores tiene una tradici\u00f3n educativa de m\u00e1s de 480 a\u00f1os de antig\u00fcedad. Cuenta con programas de bachillerato, licenciatura, posgrados y educaci\u00f3n continua.<\/p>\n\n\n\n<p>Su formaci\u00f3n profesional comenz\u00f3 hace pocos d\u00edas y Mayte ya se adapta a su nuevo entorno acad\u00e9mico. \u201cLas clases en la Ibero son enriquecedoras, los profesores son muy amables. Me siento muy a gusto con el ambiente acad\u00e9mico y el trato que recibo. Esta experiencia me est\u00e1 permitiendo crecer tanto a nivel personal como acad\u00e9mico\u201d.<\/p>\n\n\n\n<p>Por su parte, Aracely Avril Conde Tordoya, vivir\u00e1 su proceso de internacionalizaci\u00f3n en la Universidad de Guadalajara, tambi\u00e9n en M\u00e9xico. Durante un semestre permanecer\u00e1 en la misma carrera que cursaba en Unifranz La Paz, Derecho. Su actual casa de estudios superiores busca formar profesionales humanistas, integrales y competentes.<\/p>\n\n\n\n<blockquote class=\"wp-block-quote is-layout-flow wp-block-quote-is-layout-flow\">\n<p>\u201cHe tenido la oportunidad de conocer a nuevas personas, explorar una cultura distinta y familiarizarme con un sistema educativo diferente. La amabilidad de la gente ha sido destacable, y me resulta muy interesante comparar ambas culturas\u201d, indica Aracely Avril Conde Tordoya.<\/p>\n<\/blockquote>\n\n\n\n<p>Monserrat R\u00edos se encuentra en la Universidad Central, de Bogot\u00e1. En Unifranz La Paz ella cursa la carrera de Publicidad y Marketing; mientras que en la capital colombiana est\u00e1 inscrita en Publicidad. La joven destaca las instalaciones de la instituci\u00f3n educativa y su propuesta innovadora que tiene similitudes con lo que se hace en Unifranz. El programa de Publicidad de la Universidad Central cuenta con Mentes Lab, un evento que re\u00fane a la comunidad estudiantil en torno a la investigaci\u00f3n, la estrategia y la creatividad para realizar una propuesta a un cliente real.<\/p>\n\n\n\n<p>Para ella esta vivencia es un desaf\u00edo. \u201cEl estudio es bastante exigente. Llegar a un pa\u00eds nuevo siempre es un reto y, aunque no ha sido f\u00e1cil en algunos momentos, esta ha sido una experiencia llena de descubrimientos. Estar en el centro cultural de Bogot\u00e1 me ha permitido estar rodeada de distintas formas de arte y comunicaci\u00f3n audiovisual, lo cual ha sido muy enriquecedor. Hay algo en el ambiente de esta ciudad que siempre tiene algo nuevo que mostrar, ya sea en sus calles, museos o espacios culturales\u201d, comenta la joven.<\/p>\n\n\n\n<p><strong>De Unifranz para el mundo<\/strong><\/p>\n\n\n\n<p>Iv\u00e1n Menacho, Asesor de Movilidad Internacional de Unifranz La Paz, resalta: \u201cLa experiencia acad\u00e9mica, cultural y laboral que nuestros estudiantes est\u00e1n viviendo les permite adquirir aprendizajes significativos, enriquecer sus curr\u00edculums con una perspectiva internacional y desarrollar habilidades interpersonales, as\u00ed como resiliencia ante contextos cambiantes\u201d.<\/p>\n\n\n\n<p>Unifranz mantiene 70 convenios con universidades de prestigio a nivel global, abriendo puertas a oportunidades de aprendizaje en los cinco continentes. En particular, los estudiantes de la Facultad de Ciencias de la Salud tienen la posibilidad de postularse para realizar su internado rotatorio en instituciones internacionales, enriqueciendo su formaci\u00f3n profesional con experiencias cl\u00ednicas de alto nivel en diversos contextos culturales y m\u00e9dicos. Los destinos preferidos de los estudiantes nacionales son M\u00e9xico, Colombia, Argentina y Espa\u00f1a.<\/p>\n\n\n\n<p>La internacionalizaci\u00f3n es un pilar esencial en el modelo educativo de Unifranz. El objetivo es que los graduados no solo sean capaces de resolver problemas locales, sino tambi\u00e9n que cuenten con las competencias necesarias para desenvolverse en escenarios internacionales. Con el fin de alcanzar este prop\u00f3sito, Unifranz ha establecido alianzas con instituciones internacionales y promueve la movilidad acad\u00e9mica, permitiendo que sus estudiantes adquieran una visi\u00f3n global.<\/p>","protected":false},"excerpt":{"rendered":"<p>Estudiantes de Unifranz viven la internacionalizaci\u00f3n en Colombia y Per\u00fa, ampliando su formaci\u00f3n acad\u00e9mica en universidades de Latinoam\u00e9rica.<\/p>","protected":false},"author":44,"featured_media":703233,"comment_status":"open","ping_status":"open","sticky":false,"template":"","format":"standard","meta":{"_acf_changed":false,"footnotes":""},"categories":[60],"tags":[310,617,53,386,1422,248,41,194,242,627],"class_list":["post-703229","post","type-post","status-publish","format-standard","has-post-thumbnail","hentry","category-blog","tag-colombia","tag-cultura","tag-educacion","tag-estudiantes","tag-innovacion-en-educacion","tag-internacionalizacion","tag-la-paz","tag-mexico","tag-unifranz","tag-universidades"],"acf":[],"_links":{"self":[{"href":"https:\/\/unifranz.edu.bo\/pt\/wp-json\/wp\/v2\/posts\/703229","targetHints":{"allow":["GET"]}}],"collection":[{"href":"https:\/\/unifranz.edu.bo\/pt\/wp-json\/wp\/v2\/posts"}],"about":[{"href":"https:\/\/unifranz.edu.bo\/pt\/wp-json\/wp\/v2\/types\/post"}],"author":[{"embeddable":true,"href":"https:\/\/unifranz.edu.bo\/pt\/wp-json\/wp\/v2\/users\/44"}],"replies":[{"embeddable":true,"href":"https:\/\/unifranz.edu.bo\/pt\/wp-json\/wp\/v2\/comments?post=703229"}],"version-history":[{"count":6,"href":"https:\/\/unifranz.edu.bo\/pt\/wp-json\/wp\/v2\/posts\/703229\/revisions"}],"predecessor-version":[{"id":703236,"href":"https:\/\/unifranz.edu.bo\/pt\/wp-json\/wp\/v2\/posts\/703229\/revisions\/703236"}],"wp:featuredmedia":[{"embeddable":true,"href":"https:\/\/unifranz.edu.bo\/pt\/wp-json\/wp\/v2\/media\/703233"}],"wp:attachment":[{"href":"https:\/\/unifranz.edu.bo\/pt\/wp-json\/wp\/v2\/media?parent=703229"}],"wp:term":[{"taxonomy":"category","embeddable":true,"href":"https:\/\/unifranz.edu.bo\/pt\/wp-json\/wp\/v2\/categories?post=703229"},{"taxonomy":"post_tag","embeddable":true,"href":"https:\/\/unifranz.edu.bo\/pt\/wp-json\/wp\/v2\/tags?post=703229"}],"curies":[{"name":"wp","href":"https:\/\/api.w.org\/{rel}","templated":true}]}}