{"id":703211,"date":"2025-03-07T18:08:26","date_gmt":"2025-03-07T22:08:26","guid":{"rendered":"https:\/\/unifranz.edu.bo\/?p=703211"},"modified":"2025-03-07T18:08:28","modified_gmt":"2025-03-07T22:08:28","slug":"de-bolivia-a-mexico-la-movilidad-estudiantil-impulsa-a-sharay-ojeda-a-iniciar-un-negocio-familiar-de-vinos","status":"publish","type":"post","link":"https:\/\/unifranz.edu.bo\/pt\/blog\/de-bolivia-a-mexico-la-movilidad-estudiantil-impulsa-a-sharay-ojeda-a-iniciar-un-negocio-familiar-de-vinos\/","title":{"rendered":"De Bolivia a M\u00e9xico: La movilidad estudiantil impulsa a Sharay Ojeda a iniciar un negocio familiar de vinos"},"content":{"rendered":"<p>La movilidad estudiantil ha sido clave para que <strong>Sharay Ojeda<\/strong>, estudiante de <strong><em>Administra\u00e7\u00e3o de Empresas<\/em><\/strong> de la Universidad Franz Tamayo (Unifranz), potencie sus conocimientos y ampl\u00ede su visi\u00f3n empresarial. Oriunda de Tarija, departamento ubicado al sur de Bolivia, la joven busca aplicar lo aprendido en su intercambio internacional en la <em><strong>Universidad Aut\u00f3noma de Guadalajara (UAG)<\/strong><\/em> para iniciar con un negocio familiar de vinos, con el objetivo de que lleguen hasta Santa Cruz.<\/p>\n\n\n\n<p>Desde peque\u00f1a, Sharay mostr\u00f3 gran inter\u00e9s por entender el funcionamiento de las empresas. Esta curiosidad, combinada con sus habilidades para los negocios, la llev\u00f3 a elegir la carrera de Administraci\u00f3n de Empresas. Al investigar sobre las oportunidades que ofrec\u00eda Unifranz, descubri\u00f3 una malla curricular alineada con sus expectativas de formarse como una profesional global. Adem\u00e1s, la oferta de movilidad internacional de la universidad representaba una oportunidad para expandir su horizonte acad\u00e9mico y empresarial.<\/p>\n\n\n\n<blockquote class=\"wp-block-quote is-layout-flow wp-block-quote-is-layout-flow\">\n<p>\u201cSoy una Sharay diferente, con una visi\u00f3n m\u00e1s amplia de la vida y empoderada. Vivir mi experiencia de internacionalizaci\u00f3n en M\u00e9xico me permiti\u00f3 potenciar mi red de contactos, fortalecer mi car\u00e1cter y conocer los sistemas que utilizan en otras regiones para la administraci\u00f3n de capital humano y financiero\u201d, afirm\u00f3 Sharay tras regresar a Bolivia.<\/p>\n<\/blockquote>\n\n\n\n<p>Durante su estad\u00eda en la UAG, Sharay particip\u00f3 en un proyecto para Dairy Queen, una empresa multinacional de helados y comida r\u00e1pida, en el cual analiz\u00f3 la administraci\u00f3n de la empresa y propuso soluciones para mejorar la gesti\u00f3n del talento humano y reducir la rotaci\u00f3n de personal. Este proyecto le permiti\u00f3 aplicar sus conocimientos en un contexto internacional, mientras aprend\u00eda de nuevas pr\u00e1cticas empresariales.<\/p>\n\n\n\n<p>\u201cLa Universidad Aut\u00f3noma de Guadalajara y Unifranz tienen algo en com\u00fan: generar espacios y oportunidades para que los estudiantes pongan en pr\u00e1ctica todo lo que aprenden. Gracias a este modelo de estudio, pude trabajar en un proyecto real, donde apliqu\u00e9 mis conocimientos y elabor\u00e9 propuestas para soluciones que la empresa necesitaba\u201d, destac\u00f3.<\/p>\n\n\n\n<p>Con la experiencia adquirida en M\u00e9xico, Sharay ahora busca iniciar un negocio familiar de vinos y explorar nuevas oportunidades industriales. Su objetivo es llevar los vinos de su tierra natal a Santa Cruz, creando una experiencia vivencial para los consumidores, que no solo degustar\u00e1n diversos sabores, sino que tambi\u00e9n aprender\u00e1n sobre la cultura vitivin\u00edcola del departamento sure\u00f1o. Esta visi\u00f3n empresarial refleja el esp\u00edritu de la movilidad estudiantil, que fomenta la innovaci\u00f3n y el emprendimiento en un contexto globalizado.<\/p>\n\n\n\n<figure class=\"wp-block-image size-large\"><img loading=\"lazy\" decoding=\"async\" width=\"1024\" height=\"759\" src=\"https:\/\/unifranz.edu.bo\/wp-content\/uploads\/2025\/03\/WhatsApp-Image-2025-03-07-at-18.00.10-1024x759.jpeg\" alt=\"\" class=\"wp-image-703213\" srcset=\"https:\/\/unifranz.edu.bo\/wp-content\/uploads\/2025\/03\/WhatsApp-Image-2025-03-07-at-18.00.10-1024x759.jpeg 1024w, https:\/\/unifranz.edu.bo\/wp-content\/uploads\/2025\/03\/WhatsApp-Image-2025-03-07-at-18.00.10-300x223.jpeg 300w, https:\/\/unifranz.edu.bo\/wp-content\/uploads\/2025\/03\/WhatsApp-Image-2025-03-07-at-18.00.10-768x570.jpeg 768w, https:\/\/unifranz.edu.bo\/wp-content\/uploads\/2025\/03\/WhatsApp-Image-2025-03-07-at-18.00.10-16x12.jpeg 16w, https:\/\/unifranz.edu.bo\/wp-content\/uploads\/2025\/03\/WhatsApp-Image-2025-03-07-at-18.00.10.jpeg 1080w\" sizes=\"auto, (max-width: 1024px) 100vw, 1024px\" \/><\/figure>\n\n\n\n<p><strong>Internacionalizaci\u00f3n, un activo valioso para los profesionales<\/strong><\/p>\n\n\n\n<p>Mar\u00eda Fernanda Oll\u00e9, coordinadora nacional de movilidad internacional de Unifranz, subray\u00f3 la importancia de la internacionalizaci\u00f3n para el desarrollo de los estudiantes. Asegura que este tipo de experiencias les permite fortalecer su red de contactos, lo cual ser\u00e1 un activo valioso en el futuro.<\/p>\n\n\n\n<p>\u201cEl programa Internacional\u00edzate es parte del ADN de Unifranz y ofrece a los estudiantes oportunidades de movilidad estudiantil e intercambio con universidades de los cinco continentes. Esto les permite beneficiarse de una educaci\u00f3n m\u00e1s rica y diversa, que va m\u00e1s all\u00e1 de las fronteras nacionales\u201d, explic\u00f3 Oll\u00e9.<\/p>\n\n\n\n<p>Para los estudiantes interesados en postular al programa Internacional\u00edzate, deben estar cursando, al menos, el segundo semestre de su carrera, contar con la documentaci\u00f3n personal actualizada (c\u00e9dula de identidad, pasaporte y visa si es necesario) y mantener un buen promedio acad\u00e9mico. Una vez que los interesados han reunido los requisitos, el departamento de Internacionalizaci\u00f3n de Unifranz se encarga de gestionar todos los tr\u00e1mites correspondientes para garantizar una experiencia exitosa en el extranjero.<\/p>\n\n\n\n<p>Unifranz cuenta con m\u00e1s de 70 convenios en universidades de Argentina, Brasil, Chile, M\u00e9xico, Espa\u00f1a, Corea del Sur, entre otras instituciones acad\u00e9micas de todo el mundo.<\/p>","protected":false},"excerpt":{"rendered":"<p>La movilidad estudiantil ha sido clave para que Sharay Ojeda, estudiante de Administraci\u00f3n de Empresas de la Universidad Franz Tamayo (Unifranz), potencie sus conocimientos y ampl\u00ede su visi\u00f3n empresarial. Oriunda de Tarija, departamento ubicado al sur de Bolivia, la joven busca aplicar lo aprendido en su intercambio internacional en la Universidad Aut\u00f3noma de Guadalajara (UAG) &hellip; <a href=\"https:\/\/unifranz.edu.bo\/pt\/blog\/de-bolivia-a-mexico-la-movilidad-estudiantil-impulsa-a-sharay-ojeda-a-iniciar-un-negocio-familiar-de-vinos\/\">Continued<\/a><\/p>","protected":false},"author":33,"featured_media":703212,"comment_status":"open","ping_status":"open","sticky":false,"template":"","format":"standard","meta":{"_acf_changed":false,"footnotes":""},"categories":[2576,2602,60,3046,1608],"tags":[],"class_list":["post-703211","post","type-post","status-publish","format-standard","has-post-thumbnail","hentry","category-unifranz-santa-cruz","category-administracion-de-empresas","category-blog","category-intercambio","category-internacionalizacion"],"acf":[],"_links":{"self":[{"href":"https:\/\/unifranz.edu.bo\/pt\/wp-json\/wp\/v2\/posts\/703211","targetHints":{"allow":["GET"]}}],"collection":[{"href":"https:\/\/unifranz.edu.bo\/pt\/wp-json\/wp\/v2\/posts"}],"about":[{"href":"https:\/\/unifranz.edu.bo\/pt\/wp-json\/wp\/v2\/types\/post"}],"author":[{"embeddable":true,"href":"https:\/\/unifranz.edu.bo\/pt\/wp-json\/wp\/v2\/users\/33"}],"replies":[{"embeddable":true,"href":"https:\/\/unifranz.edu.bo\/pt\/wp-json\/wp\/v2\/comments?post=703211"}],"version-history":[{"count":1,"href":"https:\/\/unifranz.edu.bo\/pt\/wp-json\/wp\/v2\/posts\/703211\/revisions"}],"predecessor-version":[{"id":703214,"href":"https:\/\/unifranz.edu.bo\/pt\/wp-json\/wp\/v2\/posts\/703211\/revisions\/703214"}],"wp:featuredmedia":[{"embeddable":true,"href":"https:\/\/unifranz.edu.bo\/pt\/wp-json\/wp\/v2\/media\/703212"}],"wp:attachment":[{"href":"https:\/\/unifranz.edu.bo\/pt\/wp-json\/wp\/v2\/media?parent=703211"}],"wp:term":[{"taxonomy":"category","embeddable":true,"href":"https:\/\/unifranz.edu.bo\/pt\/wp-json\/wp\/v2\/categories?post=703211"},{"taxonomy":"post_tag","embeddable":true,"href":"https:\/\/unifranz.edu.bo\/pt\/wp-json\/wp\/v2\/tags?post=703211"}],"curies":[{"name":"wp","href":"https:\/\/api.w.org\/{rel}","templated":true}]}}