{"id":703161,"date":"2025-03-06T22:47:02","date_gmt":"2025-03-07T02:47:02","guid":{"rendered":"https:\/\/unifranz.edu.bo\/?p=703161"},"modified":"2025-03-06T23:03:25","modified_gmt":"2025-03-07T03:03:25","slug":"arakuaa-la-maquina-boliviana-que-convierte-plastico-reciclado-en-fibras-textiles-sostenibles","status":"publish","type":"post","link":"https:\/\/unifranz.edu.bo\/pt\/blog\/arakuaa-la-maquina-boliviana-que-convierte-plastico-reciclado-en-fibras-textiles-sostenibles\/","title":{"rendered":"Arakuaa: la m\u00e1quina boliviana que convierte pl\u00e1stico reciclado en fibras textiles sostenibles"},"content":{"rendered":"<p>Grecia Bello convirti\u00f3 su compromiso con Bolivia en innovaci\u00f3n. Arakuaa, una m\u00e1quina inspirada en la cosmovisi\u00f3n guaran\u00ed, transforma pl\u00e1stico reciclado en fibras textiles y busca empoderar a comunidades ind\u00edgenas. Creada en el Fab Lab de la Universidad Franz Tamayo, Unifranz, esta tecnolog\u00eda sostenible ya despert\u00f3 inter\u00e9s en M\u00e9xico, Francia, Espa\u00f1a y otros pa\u00edses.<\/p>\n\n\n\n<p>Tras completar un postgrado en Fabricademy en el Instituto de Arquitectura Avanzada en Espa\u00f1a, Bello decidi\u00f3 aplicar sus conocimientos para crear una m\u00e1quina que aborde dos grandes problem\u00e1ticas: la contaminaci\u00f3n por pl\u00e1stico y la falta de materia prima para la comunidad Isose\u00f1a Guaran\u00ed, afectada por los incendios forestales en la Chiquitania boliviana. Estos incendios han dificultado la recolecci\u00f3n de algod\u00f3n y garabata, esenciales para sus tejidos, los cuales reflejan su visi\u00f3n del mundo a trav\u00e9s de intrincados motivos. As\u00ed nace Arakuaa, que significa \u2018conocimiento\u2019 en el idioma guaran\u00ed.<\/p>\n\n\n\n<p>La maker \u2013persona que utiliza herramientas tecnol\u00f3gicas para fabricar todo tipo de objetos\u2013 decidi\u00f3 construir la m\u00e1quina en suelo boliviano, en el Fab Lab Santa Cruz de la Unifranz con ayuda de otros dos compa\u00f1eros, Ruddel Callisaya y Edwin Yuco, que decidieron que Arakuaa ser\u00eda de madera para hacerla m\u00e1s \u2018amigable\u2019, adem\u00e1s tiene dise\u00f1os de la cultura guaran\u00ed. \u201cBolivia tiene la capacidad, hay el espacio y hay mucho talento\u201d, afirm\u00f3 la ingeniera de 24 a\u00f1os.<\/p>\n\n\n\n<p>Los j\u00f3venes reciclaron botellas PET en la universidad para luego lavarlas, triturarlas y que Arakuaa las transforme en fibras de hilos para que sean usados en textiles. En la fase de experimentaci\u00f3n tambi\u00e9n utilizaron pl\u00e1stico PLA que combinaron con el PET para te\u00f1ir este material. El proyecto fue expuesto en el Fab24 Puebla en la Universidad Iberoamericana en M\u00e9xico y llam\u00f3 la atenci\u00f3n de personas de Francia, Espa\u00f1a, Portugal, entre otros, que quer\u00edan replicar el modelo de los bolivianos.<\/p>\n\n\n\n<figure class=\"wp-block-embed is-type-video is-provider-youtube wp-block-embed-youtube wp-embed-aspect-16-9 wp-has-aspect-ratio\"><div class=\"wp-block-embed__wrapper\">\n<iframe loading=\"lazy\" title=\"Arakuaa: la m\u00e1quina boliviana que convierte pl\u00e1stico reciclado en fibras textiles sostenibles\" width=\"500\" height=\"281\" src=\"https:\/\/www.youtube.com\/embed\/KUl441vqmOg?feature=oembed\" frameborder=\"0\" allow=\"accelerometer; autoplay; clipboard-write; encrypted-media; gyroscope; picture-in-picture; web-share\" referrerpolicy=\"strict-origin-when-cross-origin\" allowfullscreen><\/iframe>\n<\/div><\/figure>\n\n\n\n<h2 class=\"wp-block-heading\" id=\"h-indigenas-bolivianos-quieren-usar-arakuaa-nbsp\"><strong>Ind\u00edgenas bolivianos quieren usar Arakuaa&nbsp;<\/strong><\/h2>\n\n\n\n<p>Bello lleg\u00f3 el a\u00f1o pasado a una universidad ind\u00edgena boliviana ubicada en Camiri y les mostr\u00f3 la m\u00e1quina, hicieron la prueba y vieron su funcionamiento. Lo primero que ellos notaron fue una cierta familiaridad por los s\u00edmbolos guaran\u00edes de la m\u00e1quina y se interesaron por tener una para que los m\u00e1s j\u00f3venes innoven los productos que hacen en sus comunidades.<\/p>\n\n\n\n<p>Los ind\u00edgenas pensaron en hacer aros con los cristales que quedan en la m\u00e1quina, pisos con la resina y diversificar sus productos, ya que sus materias primas muchas veces son escasas por las quemas de bosques o las fuertes lluvias. La idea es adquirir una de las m\u00e1quinas y que los m\u00e1s j\u00f3venes usen las fibras en los textiles y as\u00ed conserven estos conocimientos.<\/p>\n\n\n\n<blockquote class=\"wp-block-quote is-layout-flow wp-block-quote-is-layout-flow\">\n<p>\u201cNuestra aspiraci\u00f3n es trabajar con comunidades originarias y ver de co-crear, pero siempre d\u00e1ndoles el cr\u00e9dito que les corresponde a ellos\u201d, enfatiz\u00f3 Bello.<\/p>\n<\/blockquote>\n\n\n\n<p>Ahora el proyecto se ha vuelto una Startup y pronto comenzar\u00e1n a experimentar con las bolsas de los sueros que se utilizan en el \u00e1rea de medicina para ver qu\u00e9 tipo de material sale y qu\u00e9 usos se le puede dar y seguir innovando.<\/p>\n\n\n\n<h2 class=\"wp-block-heading\" id=\"h-tecnologia-de-bolivia-para-el-mundo-nbsp\"><strong>Tecnolog\u00eda de Bolivia para el mundo&nbsp;<\/strong><\/h2>\n\n\n\n<p>Ante el inter\u00e9s por la m\u00e1quina, Bello decidi\u00f3 que lo mejor era compartir la informaci\u00f3n de c\u00f3mo fue construida Arakuaa para que otros pa\u00edses puedan replicarla luego de que consigan la licencia \u2018open source\u2019 y liberar los planos para que se haga \u201ctecnolog\u00eda boliviana para el mundo\u201d. Con esto, los interesados de otros pa\u00edses podr\u00e1n construir y hacer modificaciones al modelo inicial para los usos que quieran darle.<\/p>\n\n\n\n<blockquote class=\"wp-block-quote is-layout-flow wp-block-quote-is-layout-flow\">\n<p>\u201cMuchos quieren hacer el cuerpo de la m\u00e1quina con tapas de pl\u00e1stico, quieren reemplazar la fibra de vidrio en hormigones de construcci\u00f3n o incluso para rellenos de colchones\u201d, coment\u00f3 Bello.<\/p>\n<\/blockquote>\n\n\n\n<p>Los j\u00f3venes ahora trabajan con Open Fiber, una comunidad de desarrolladores, para que puedan liberar los planos a trav\u00e9s de una plataforma y compartir el conocimiento. Se estima que en julio ya se lance la p\u00e1gina web donde se encontrar\u00e1 esta informaci\u00f3n.<\/p>\n\n\n\n<p>\u201cQueremos democratizar esta tecnolog\u00eda y que puedan utilizarla los artesanos, los peque\u00f1os negocios para que la requieran\u201d, indic\u00f3.<\/p>","protected":false},"excerpt":{"rendered":"<p>Grecia Bello convirti\u00f3 su compromiso con Bolivia en innovaci\u00f3n. Arakuaa, una m\u00e1quina inspirada en la cosmovisi\u00f3n guaran\u00ed, transforma pl\u00e1stico reciclado en fibras textiles y busca empoderar a comunidades ind\u00edgenas. Creada en el Fab Lab de Unifranz, esta tecnolog\u00eda sostenible ya despert\u00f3 inter\u00e9s en M\u00e9xico, Francia, Espa\u00f1a y otros pa\u00edses.<\/p>","protected":false},"author":52,"featured_media":703162,"comment_status":"open","ping_status":"open","sticky":false,"template":"","format":"standard","meta":{"_acf_changed":false,"footnotes":""},"categories":[60,5388],"tags":[9478,6170,1422,5910,242],"class_list":["post-703161","post","type-post","status-publish","format-standard","has-post-thumbnail","hentry","category-blog","category-fablab-santa-cruz","tag-arakuaa","tag-fab-lab-santa-cruz","tag-innovacion-en-educacion","tag-maker","tag-unifranz"],"acf":[],"_links":{"self":[{"href":"https:\/\/unifranz.edu.bo\/pt\/wp-json\/wp\/v2\/posts\/703161","targetHints":{"allow":["GET"]}}],"collection":[{"href":"https:\/\/unifranz.edu.bo\/pt\/wp-json\/wp\/v2\/posts"}],"about":[{"href":"https:\/\/unifranz.edu.bo\/pt\/wp-json\/wp\/v2\/types\/post"}],"author":[{"embeddable":true,"href":"https:\/\/unifranz.edu.bo\/pt\/wp-json\/wp\/v2\/users\/52"}],"replies":[{"embeddable":true,"href":"https:\/\/unifranz.edu.bo\/pt\/wp-json\/wp\/v2\/comments?post=703161"}],"version-history":[{"count":2,"href":"https:\/\/unifranz.edu.bo\/pt\/wp-json\/wp\/v2\/posts\/703161\/revisions"}],"predecessor-version":[{"id":703165,"href":"https:\/\/unifranz.edu.bo\/pt\/wp-json\/wp\/v2\/posts\/703161\/revisions\/703165"}],"wp:featuredmedia":[{"embeddable":true,"href":"https:\/\/unifranz.edu.bo\/pt\/wp-json\/wp\/v2\/media\/703162"}],"wp:attachment":[{"href":"https:\/\/unifranz.edu.bo\/pt\/wp-json\/wp\/v2\/media?parent=703161"}],"wp:term":[{"taxonomy":"category","embeddable":true,"href":"https:\/\/unifranz.edu.bo\/pt\/wp-json\/wp\/v2\/categories?post=703161"},{"taxonomy":"post_tag","embeddable":true,"href":"https:\/\/unifranz.edu.bo\/pt\/wp-json\/wp\/v2\/tags?post=703161"}],"curies":[{"name":"wp","href":"https:\/\/api.w.org\/{rel}","templated":true}]}}