{"id":702998,"date":"2025-02-27T16:09:48","date_gmt":"2025-02-27T20:09:48","guid":{"rendered":"https:\/\/unifranz.edu.bo\/?p=702998"},"modified":"2025-02-27T23:18:01","modified_gmt":"2025-02-28T03:18:01","slug":"franz-tamayo-el-politico-pensador-poeta-y-pedagogo-que-transformo-la-literatura-boliviana-del-siglo-xx","status":"publish","type":"post","link":"https:\/\/unifranz.edu.bo\/pt\/blog\/franz-tamayo-el-politico-pensador-poeta-y-pedagogo-que-transformo-la-literatura-boliviana-del-siglo-xx\/","title":{"rendered":"Franz Tamayo: el pol\u00edtico, pensador, poeta y pedagogo que transform\u00f3 la literatura boliviana del siglo XX\u00a0\u00a0"},"content":{"rendered":"<p>Pocas figuras en la historia de Bolivia del siglo XX han marcado huella para convertirse en s\u00edmbolos del pensamiento y la identidad nacional. Entre ellas, Franz Tamayo se erige como un pilar fundamental de la literatura, la pol\u00edtica y la educaci\u00f3n boliviana. Su vida y obra reflejan la confluencia de m\u00faltiples influencias que moldearon su legado, combinando la riqueza del modernismo con un profundo sentido de identidad nacional.&nbsp;&nbsp;<\/p>\n\n\n\n<p>En este D\u00eda de la Literatura y las Letras Pace\u00f1as (28 de febrero), celebrado en su natalicio, es importante recordar su aporte a la cultura boliviana.<\/p>\n\n\n\n<blockquote class=\"wp-block-quote is-layout-flow wp-block-quote-is-layout-flow\">\n<p>\u201cNuestro mentor, Franz Tamayo era un cosmopolita que siempre fue muy orgulloso de ser boliviano y de llevar su estirpe a lo largo y ancho del mundo. Franz Tamayo no solo se destac\u00f3 en los espacios en los que tuvo voz, sino que tambi\u00e9n decidi\u00f3 abrazar las letras y actuar activamente dentro de la pol\u00edtica para generar transformaciones. Entendi\u00f3 que la creaci\u00f3n de una pedagog\u00eda nacional era clave para crear nuevas realidades y apostar por un desarrollo en el que las clases vulnerables y las poblaciones excluidas tuvieran un espacio\u201d, se\u00f1ala Ver\u00f3nica \u00c1greda, rectora nacional de la Universidad Franz Tamayo, Unifranz.<\/p>\n<\/blockquote>\n\n\n\n<p>El legado de Tamayo perdura en el tiempo, un legado de conocimiento, de sensatez y de superaci\u00f3n, una herencia que es transmitida por quienes estudian su obra.<\/p>\n\n\n\n<p>\u00abPol\u00edtico, pensador, poeta y pedagogo, Tamayo deslumbra y ofusca por la variedad de disciplinas que cultiv\u00f3 y la profundidad y belleza de su lenguaje\u00bb, describe, por su parte, el historiador Mariano Baptista Gumucio. Esta multiplicidad de talentos lo convirti\u00f3 en una figura \u00fanica en la historia intelectual boliviana.&nbsp;&nbsp;<\/p>\n\n\n\n<p>Nacido el 28 de febrero de 1879, Franz Tamayo fue hijo de Felicidad Solares, de ascendencia ind\u00edgena, e Isaac Tamayo Sanjin\u00e9s, un destacado pol\u00edtico pace\u00f1o. Desde su juventud, mostr\u00f3 una inclinaci\u00f3n por el conocimiento, obteniendo el t\u00edtulo de abogado a los 19 a\u00f1os. Su educaci\u00f3n le permiti\u00f3 moverse entre diferentes esferas intelectuales, lo que lo llev\u00f3 a desempe\u00f1arse como pol\u00edtico, diplom\u00e1tico y, sobre todo, un referente en la literatura y la pedagog\u00eda.&nbsp;&nbsp;<\/p>\n\n\n\n<h2 class=\"wp-block-heading\" id=\"h-una-voz-poetica-unica-en-la-literatura-boliviana\"><strong>Una voz po\u00e9tica \u00fanica en la literatura boliviana<\/strong><\/h2>\n\n\n\n<p>Tamayo es considerado uno de los m\u00e1ximos exponentes del modernismo en Bolivia. A pesar de no integrarse plenamente en los c\u00edrculos literarios de su \u00e9poca, su obra dej\u00f3 una huella imborrable. Su poes\u00eda, de inspiraci\u00f3n cl\u00e1sica y con una fuerte influencia del helenismo, se refleja en obras como <em>La Prometheida o las oce\u00e1nides <\/em>(1917) y <em>Epigramas griegos<\/em> (1945). En ellas, aborda temas filos\u00f3ficos como la metaf\u00edsica, el tiempo y la ilusi\u00f3n.&nbsp;&nbsp;<\/p>\n\n\n\n<p>En <em>Los Nuevos Rubayat<\/em> (1927), inspir\u00e1ndose en el poeta persa Omar Jayam, explora la fugacidad de la existencia y el destino humano. Tambi\u00e9n incursion\u00f3 en la poes\u00eda popular espa\u00f1ola con <em>Scherzos<\/em><strong> <\/strong>(1932) y en la tragedia l\u00edrica con <em>Scopas<\/em> (1939), dedicada a su hijo Ruy Gonzalo. Estas obras evidencian su versatilidad y profundidad como poeta.&nbsp;&nbsp;<\/p>\n\n\n\n<p>\u00abSu poes\u00eda es excelsa, pero lamentablemente es la menos conocida\u00bb, se\u00f1ala el polit\u00f3logo Ignacio Vera de Rada, quien destaca que la obra po\u00e9tica de Tamayo es un testimonio del mestizaje cultural en Bolivia, combinando t\u00e9cnicas cl\u00e1sicas con una identidad propia del altiplano andino.&nbsp;&nbsp;<\/p>\n\n\n\n<figure class=\"wp-block-embed is-type-video is-provider-youtube wp-block-embed-youtube wp-embed-aspect-16-9 wp-has-aspect-ratio\"><div class=\"wp-block-embed__wrapper\">\n<iframe loading=\"lazy\" title=\"Franz Tamayo: el pol\u00edtico, pensador, poeta y pedagogo que transform\u00f3 la literatura boliviana\" width=\"500\" height=\"281\" src=\"https:\/\/www.youtube.com\/embed\/-MomjolE1_I?feature=oembed\" frameborder=\"0\" allow=\"accelerometer; autoplay; clipboard-write; encrypted-media; gyroscope; picture-in-picture; web-share\" referrerpolicy=\"strict-origin-when-cross-origin\" allowfullscreen><\/iframe>\n<\/div><\/figure>\n\n\n\n<h2 class=\"wp-block-heading\" id=\"h-la-construccion-de-una-identidad-nacional-nbsp\"><strong>La construcci\u00f3n de una identidad nacional&nbsp;<\/strong><\/h2>\n\n\n\n<p>El pensamiento de Tamayo no se limit\u00f3 a la poes\u00eda, sino que se extendi\u00f3 a la filosof\u00eda y la pedagog\u00eda. Su ensayo <em>Creaci\u00f3n de la Pedagog\u00eda Nacional <\/em>(1910) es un hito en la educaci\u00f3n boliviana, ya que plantea la necesidad de un modelo educativo basado en la identidad nacional, reivindicando las ra\u00edces ind\u00edgenas. Para Tamayo, la educaci\u00f3n deb\u00eda ser el veh\u00edculo para la emancipaci\u00f3n intelectual de Bolivia, integrando las culturas originarias en la construcci\u00f3n de una naci\u00f3n moderna.&nbsp;&nbsp;<\/p>\n\n\n\n<p>Este enfoque influy\u00f3 en generaciones posteriores de educadores y pol\u00edticos.&nbsp;<\/p>\n\n\n\n<p>\u00abTamayo ten\u00eda una curiosidad que siempre debe estar presente en nosotros: la de descubrir nuevas artes, nuevas ciencias y entender el mundo desde distintas perspectivas\u00bb, destaca la rectora de Unifranz.&nbsp;&nbsp;<\/p>\n\n\n\n<p>Adem\u00e1s, su libro <em>Proverbios<\/em> (1905) es una colecci\u00f3n de m\u00e1ximas filos\u00f3ficas donde Tamayo reflexiona sobre la moral, la existencia y la naturaleza humana. Su estilo ensay\u00edstico, que combina elementos modernistas con una perspectiva cr\u00edtica sobre la realidad boliviana, lo consolid\u00f3 como uno de los grandes intelectuales del pa\u00eds.&nbsp;&nbsp;<\/p>\n\n\n\n<p>El historiador Carlos D. Mesa ha subrayado que Tamayo fue un pionero en la idea de integrar las culturas ind\u00edgenas en la educaci\u00f3n nacional, estableciendo un paradigma que a\u00fan resuena en la actualidad.&nbsp;&nbsp;<\/p>\n\n\n\n<h2 class=\"wp-block-heading\" id=\"h-el-politico-y-su-vision-de-bolivia\"><strong>El pol\u00edtico y su visi\u00f3n de Bolivia<\/strong><\/h2>\n\n\n\n<p>M\u00e1s all\u00e1 de su legado literario y filos\u00f3fico, Tamayo incursion\u00f3 en la pol\u00edtica con una visi\u00f3n reformista. Fund\u00f3 y dirigi\u00f3 el Partido Radical, ocupando cargos como presidente de la C\u00e1mara de Diputados y ministro de Relaciones Exteriores.&nbsp;<\/p>\n\n\n\n<p>En 1935, durante la Guerra del Chaco, fue elegido presidente de la Rep\u00fablica, pero un golpe de Estado liderado por Jos\u00e9 Luis Tejada Sorzano impidi\u00f3 que asumiera el cargo.&nbsp;&nbsp;<\/p>\n\n\n\n<p>A pesar de estos obst\u00e1culos, su pensamiento influy\u00f3 en la construcci\u00f3n del imaginario pol\u00edtico boliviano. Alfonso Gumucio Dagron lo define como \u00abla conciencia cr\u00edtica de una naci\u00f3n en busca de su identidad\u00bb, destacando su papel en la defensa de un proyecto nacional basado en el reconocimiento de la diversidad cultural del pa\u00eds.&nbsp;&nbsp;<\/p>\n\n\n\n<h2 class=\"wp-block-heading\" id=\"h-un-legado-inmortal\"><strong>Un legado inmortal<\/strong><\/h2>\n\n\n\n<p>Franz Tamayo sigue siendo una figura central en la historia intelectual de Bolivia. Su obra po\u00e9tica, ensay\u00edstica y pedag\u00f3gica representa un testimonio de la riqueza cultural del pa\u00eds y de la lucha por una identidad propia. Su pensamiento contin\u00faa vigente en el debate sobre la educaci\u00f3n, la pol\u00edtica y la literatura boliviana.&nbsp;&nbsp;<\/p>\n\n\n\n<p>A m\u00e1s de un siglo de su nacimiento, su legado sigue vivo en la obra de quienes han encontrado en sus escritos una fuente de inspiraci\u00f3n. Como se\u00f1ala Baptista Gumucio, \u00abde su siembra se recoger\u00e1n nuevas cosechas y cada generaci\u00f3n dar\u00e1 una interpretaci\u00f3n distinta a su voz, \u00fanica y m\u00faltiple\u00bb.&nbsp;&nbsp;<\/p>\n\n\n\n<p>Tamayo no s\u00f3lo transform\u00f3 la literatura boliviana, sino que tambi\u00e9n dej\u00f3 una huella imborrable en la construcci\u00f3n del pensamiento nacional, reafirmando la importancia de la educaci\u00f3n, la identidad y la cultura como pilares del desarrollo del pa\u00eds.&nbsp;<\/p>\n\n\n\n<p>Por estas y otras razones, la Universidad Franz Tamayo, Unifranz, lleva el nombre de este patricio boliviano, como un reconocimiento a su propuesta pedag\u00f3gica que representa el ideal de la educaci\u00f3n que gu\u00eda nuestras acciones.<\/p>\n\n\n\n<figure class=\"wp-block-embed is-type-video is-provider-youtube wp-block-embed-youtube wp-embed-aspect-16-9 wp-has-aspect-ratio\"><div class=\"wp-block-embed__wrapper\">\n<iframe loading=\"lazy\" title=\"Franz Tamayo: el pol\u00edtico, pensador, poeta y pedagogo que transform\u00f3 la literatura boliviana\" width=\"500\" height=\"281\" src=\"https:\/\/www.youtube.com\/embed\/o_3d8yp9_Ek?feature=oembed\" frameborder=\"0\" allow=\"accelerometer; autoplay; clipboard-write; encrypted-media; gyroscope; picture-in-picture; web-share\" referrerpolicy=\"strict-origin-when-cross-origin\" allowfullscreen><\/iframe>\n<\/div><\/figure>","protected":false},"excerpt":{"rendered":"<p>Pocas figuras en la historia de Bolivia del siglo XX han marcado huella para convertirse en s\u00edmbolos del pensamiento y la identidad nacional. Entre ellas, Franz Tamayo se erige como un pilar fundamental de la literatura, la pol\u00edtica y la educaci\u00f3n boliviana. Su vida y obra reflejan la confluencia de m\u00faltiples influencias que moldearon su legado, combinando la riqueza del modernismo con un profundo sentido de identidad nacional.\u00a0\u00a0<\/p>","protected":false},"author":49,"featured_media":703002,"comment_status":"open","ping_status":"open","sticky":false,"template":"","format":"standard","meta":{"_acf_changed":false,"footnotes":""},"categories":[60,1782],"tags":[53,264,1422,10745,242],"class_list":["post-702998","post","type-post","status-publish","format-standard","has-post-thumbnail","hentry","category-blog","category-unifranz","tag-educacion","tag-franz-tamayo","tag-innovacion-en-educacion","tag-patricio-boliviano","tag-unifranz"],"acf":[],"_links":{"self":[{"href":"https:\/\/unifranz.edu.bo\/pt\/wp-json\/wp\/v2\/posts\/702998","targetHints":{"allow":["GET"]}}],"collection":[{"href":"https:\/\/unifranz.edu.bo\/pt\/wp-json\/wp\/v2\/posts"}],"about":[{"href":"https:\/\/unifranz.edu.bo\/pt\/wp-json\/wp\/v2\/types\/post"}],"author":[{"embeddable":true,"href":"https:\/\/unifranz.edu.bo\/pt\/wp-json\/wp\/v2\/users\/49"}],"replies":[{"embeddable":true,"href":"https:\/\/unifranz.edu.bo\/pt\/wp-json\/wp\/v2\/comments?post=702998"}],"version-history":[{"count":5,"href":"https:\/\/unifranz.edu.bo\/pt\/wp-json\/wp\/v2\/posts\/702998\/revisions"}],"predecessor-version":[{"id":703022,"href":"https:\/\/unifranz.edu.bo\/pt\/wp-json\/wp\/v2\/posts\/702998\/revisions\/703022"}],"wp:featuredmedia":[{"embeddable":true,"href":"https:\/\/unifranz.edu.bo\/pt\/wp-json\/wp\/v2\/media\/703002"}],"wp:attachment":[{"href":"https:\/\/unifranz.edu.bo\/pt\/wp-json\/wp\/v2\/media?parent=702998"}],"wp:term":[{"taxonomy":"category","embeddable":true,"href":"https:\/\/unifranz.edu.bo\/pt\/wp-json\/wp\/v2\/categories?post=702998"},{"taxonomy":"post_tag","embeddable":true,"href":"https:\/\/unifranz.edu.bo\/pt\/wp-json\/wp\/v2\/tags?post=702998"}],"curies":[{"name":"wp","href":"https:\/\/api.w.org\/{rel}","templated":true}]}}