{"id":702963,"date":"2025-02-27T19:01:32","date_gmt":"2025-02-27T23:01:32","guid":{"rendered":"https:\/\/unifranz.edu.bo\/?p=702963"},"modified":"2025-03-06T11:38:45","modified_gmt":"2025-03-06T15:38:45","slug":"mariana-vencio-al-cancer-y-ahora-esta-por-titularse-como-doctora-en-unifranz","status":"publish","type":"post","link":"https:\/\/unifranz.edu.bo\/pt\/blog\/mariana-vencio-al-cancer-y-ahora-esta-por-titularse-como-doctora-en-unifranz\/","title":{"rendered":"Mariana transforma su lucha contra el c\u00e1ncer en una fuente de inspiraci\u00f3n para estudiar Medicina"},"content":{"rendered":"<p>El diagn\u00f3stico de c\u00e1ncer a los 11 a\u00f1os cambi\u00f3 la vida de Mariana Quelali Quispe, pero tambi\u00e9n la inspir\u00f3 a superar la adversidad y a perseguir su pasi\u00f3n por la medicina. Su experiencia de lucha contra la enfermedad sembr\u00f3 en ella una misi\u00f3n: formarse como profesional de la salud. A\u00f1os despu\u00e9s, se convirti\u00f3 en una de las mejores estudiantes de Medicina en la Universidad Franz Tamayo, Unifranz La Paz.<\/p>\n\n\n\n<p>El 19 de marzo de 2010, cuando Mariana recibi\u00f3 la peor noticia de su vida, su cuerpo ya estaba invadido por la enfermedad, pero su esp\u00edritu de lucha la mantuvo viva. La batalla que libr\u00f3 contra el c\u00e1ncer no solo le permiti\u00f3 sobrevivir, sino que tambi\u00e9n la motiv\u00f3 a seguir su sue\u00f1o de convertirse en doctora, con un compromiso profundo: luchar contra el c\u00e1ncer.<\/p>\n\n\n\n<p>Mariana, de 26 a\u00f1os y originaria de La Paz, recuerda que siempre fue una estudiante destacada, abanderada en el colegio. Sin embargo, su vida dio un giro inesperado cuando, tras una caminata con sus amigas por El Prado, un dolor intenso en el est\u00f3mago que se asemej\u00f3 a un acuchillamiento. Lo que parec\u00eda ser una molestia m\u00e1s result\u00f3 ser algo muy grave: el diagn\u00f3stico de c\u00e1ncer en fase terminal con met\u00e1stasis. A pesar de la desalentadora noticia de los m\u00e9dicos, su madre no permiti\u00f3 que se rinda y decidi\u00f3 que luchar\u00eda por ella.<\/p>\n\n\n\n<p>Despu\u00e9s de un tratamiento riguroso de quimioterapia, el c\u00e1ncer pareci\u00f3 desaparecer, pero poco tiempo despu\u00e9s regres\u00f3, oblig\u00e1ndola a enfrentar nuevamente el sufrimiento y la incertidumbre. Mariana se sinti\u00f3 derrotada, pero un pensamiento crucial la impuls\u00f3 a seguir adelante: el sacrificio de su familia. Decidi\u00f3 no caer y, a los 14 a\u00f1os, recibi\u00f3 la noticia de que hab\u00eda vencido al c\u00e1ncer. A los 17 a\u00f1os, conoci\u00f3 la Fundaci\u00f3n Nueva Esperanza, que la invit\u00f3 a un congreso en Miami, donde comparti\u00f3 su experiencia con otros sobrevivientes y comenz\u00f3 a aceptar su historia sin miedo.<\/p>\n\n\n\n<p>Tras esa experiencia transformadora, Mariana no solo continu\u00f3 con su vida, sino que se comprometi\u00f3 a hacer algo grande por los dem\u00e1s. A pesar de haber pensado en estudiar Inform\u00e1tica, su sue\u00f1o de toda la vida siempre fue la Medicina. La oportunidad de estudiar Medicina en Unifranz lleg\u00f3 como una sorpresa: recibi\u00f3 una beca, y con ello, un camino nuevo que no solo era su sue\u00f1o de ni\u00f1a, sino tambi\u00e9n el compromiso de sanar a otros que, como ella, enfrentaran el c\u00e1ncer.<\/p>\n\n\n\n<p>Ingres\u00f3 a Medicina en 2019 con un renovado deseo de ayudar a los dem\u00e1s, superando los miedos y los obst\u00e1culos. Hoy, es una de las mejores estudiantes de su promoci\u00f3n, con calificaciones entre 82% y 84%. Su meta es especializarse en oncolog\u00eda, pues est\u00e1 decidida a convertirse en una de las mejores onc\u00f3logas de Bolivia.<\/p>\n\n\n\n<blockquote class=\"wp-block-quote is-layout-flow wp-block-quote-is-layout-flow\">\n<p>Mariana Quelali: \u201cDecid\u00ed ser una de las mejores onc\u00f3logas de Bolivia, quiero especializarme para ayudar a otros j\u00f3venes a tener una oportunidad de vida\u201d.<\/p>\n<\/blockquote>\n\n\n\n<p>A lo largo de sus estudios, ha realizado investigaciones sobre el tratamiento del c\u00e1ncer infantil, el manejo del dolor agudo, y otros temas relacionados con su campo de inter\u00e9s. Ha completado su internado y solo le falta aprobar el examen de grado para titularse como m\u00e9dica. Con su experiencia y determinaci\u00f3n, ahora eval\u00faa la posibilidad de seguir una residencia en oncolog\u00eda.<\/p>\n\n\n\n<p>Mariana agradece a Unifranz por las oportunidades que le han permitido seguir adelante con su sue\u00f1o, y se considera una sobreviviente con una misi\u00f3n clara: luchar contra el c\u00e1ncer, ayudar a otros y transformar vidas a trav\u00e9s de la medicina.<\/p>","protected":false},"excerpt":{"rendered":"<p>Tras superar el c\u00e1ncer en su infancia, Mariana Quelali cumpli\u00f3 su sue\u00f1o de ser doctora, destac\u00e1ndose en Medicina en Unifranz La Paz.<\/p>","protected":false},"author":44,"featured_media":703010,"comment_status":"open","ping_status":"open","sticky":false,"template":"","format":"standard","meta":{"_acf_changed":false,"footnotes":""},"categories":[60],"tags":[2340,53,386,1422,41,49,10739,124,218,242],"class_list":["post-702963","post","type-post","status-publish","format-standard","has-post-thumbnail","hentry","category-blog","tag-cancer","tag-educacion","tag-estudiantes","tag-innovacion-en-educacion","tag-la-paz","tag-medicina","tag-oncologia","tag-salud","tag-tecnologia","tag-unifranz"],"acf":[],"_links":{"self":[{"href":"https:\/\/unifranz.edu.bo\/pt\/wp-json\/wp\/v2\/posts\/702963","targetHints":{"allow":["GET"]}}],"collection":[{"href":"https:\/\/unifranz.edu.bo\/pt\/wp-json\/wp\/v2\/posts"}],"about":[{"href":"https:\/\/unifranz.edu.bo\/pt\/wp-json\/wp\/v2\/types\/post"}],"author":[{"embeddable":true,"href":"https:\/\/unifranz.edu.bo\/pt\/wp-json\/wp\/v2\/users\/44"}],"replies":[{"embeddable":true,"href":"https:\/\/unifranz.edu.bo\/pt\/wp-json\/wp\/v2\/comments?post=702963"}],"version-history":[{"count":17,"href":"https:\/\/unifranz.edu.bo\/pt\/wp-json\/wp\/v2\/posts\/702963\/revisions"}],"predecessor-version":[{"id":703143,"href":"https:\/\/unifranz.edu.bo\/pt\/wp-json\/wp\/v2\/posts\/702963\/revisions\/703143"}],"wp:featuredmedia":[{"embeddable":true,"href":"https:\/\/unifranz.edu.bo\/pt\/wp-json\/wp\/v2\/media\/703010"}],"wp:attachment":[{"href":"https:\/\/unifranz.edu.bo\/pt\/wp-json\/wp\/v2\/media?parent=702963"}],"wp:term":[{"taxonomy":"category","embeddable":true,"href":"https:\/\/unifranz.edu.bo\/pt\/wp-json\/wp\/v2\/categories?post=702963"},{"taxonomy":"post_tag","embeddable":true,"href":"https:\/\/unifranz.edu.bo\/pt\/wp-json\/wp\/v2\/tags?post=702963"}],"curies":[{"name":"wp","href":"https:\/\/api.w.org\/{rel}","templated":true}]}}