{"id":702940,"date":"2025-02-26T11:02:45","date_gmt":"2025-02-26T15:02:45","guid":{"rendered":"https:\/\/unifranz.edu.bo\/?p=702940"},"modified":"2025-03-05T17:26:32","modified_gmt":"2025-03-05T21:26:32","slug":"unifranz-y-la-sociedad-crucena-de-cirugia-sellan-alianza-para-fortalecer-la-formacion-de-medicos","status":"publish","type":"post","link":"https:\/\/unifranz.edu.bo\/pt\/blog\/unifranz-y-la-sociedad-crucena-de-cirugia-sellan-alianza-para-fortalecer-la-formacion-de-medicos\/","title":{"rendered":"Unifranz y la Sociedad Cruce\u00f1a de Cirug\u00eda sellan alianza para fortalecer la formaci\u00f3n de m\u00e9dicos"},"content":{"rendered":"<p>En una iniciativa conjunta que promete marcar un hito en la formaci\u00f3n de profesionales de la Medicina, autoridades de la Universidad Franz Tamayo (<strong><em>Unifranz<\/em><\/strong>) y de la <strong><em>Sociedad Cruce\u00f1a de Cirug\u00eda<\/em><\/strong> han firmado un convenio de cooperaci\u00f3n que tiene como objetivo potenciar la formaci\u00f3n de m\u00e9dicos cirujanos. Este acuerdo, celebrado d\u00edas previos a la inauguraci\u00f3n del Centro Avanzado de Simulaci\u00f3n y Entrenamiento M\u00e9dico (Casem), reafirma el compromiso de ambas instituciones por ofrecer innovadoras herramientas educativas para el sector salud.<\/p>\n\n\n\n<p>El convenio surge como respuesta a la creciente necesidad de fortalecer las capacidades t\u00e9cnicas y profesionales de los m\u00e9dicos en ejercicio y en formaci\u00f3n. El Dr. Hern\u00e1n Roca, presidente de la Sociedad Cruce\u00f1a de Cirug\u00eda, destac\u00f3 la importancia de este acuerdo para la capacitaci\u00f3n de cirujanos en varias especialidades, como cirug\u00eda general, ginecolog\u00eda, traumatolog\u00eda, urolog\u00eda y cirug\u00eda pedi\u00e1trica, entre otras.<\/p>\n\n\n\n<blockquote class=\"wp-block-quote is-layout-flow wp-block-quote-is-layout-flow\">\n<p>\u00abEste es un paso trascendental porque, tradicionalmente, los cirujanos en Bolivia tienen que viajar al exterior para capacitarse en subespecialidades, especialmente en t\u00e9cnicas como la cirug\u00eda laparosc\u00f3pica. Con este centro, ya no ser\u00e1 necesario, estamos creando un referente en el pa\u00eds\u00bb, manifest\u00f3 Roca.<\/p>\n<\/blockquote>\n\n\n\n<figure class=\"wp-block-image size-full\"><img loading=\"lazy\" decoding=\"async\" width=\"1024\" height=\"527\" src=\"https:\/\/unifranz.edu.bo\/wp-content\/uploads\/2025\/02\/NOTA-DE-PRENSA-MEDICINA-1.png\" alt=\"\" class=\"wp-image-703105\" srcset=\"https:\/\/unifranz.edu.bo\/wp-content\/uploads\/2025\/02\/NOTA-DE-PRENSA-MEDICINA-1.png 1024w, https:\/\/unifranz.edu.bo\/wp-content\/uploads\/2025\/02\/NOTA-DE-PRENSA-MEDICINA-1-300x154.png 300w, https:\/\/unifranz.edu.bo\/wp-content\/uploads\/2025\/02\/NOTA-DE-PRENSA-MEDICINA-1-768x395.png 768w, https:\/\/unifranz.edu.bo\/wp-content\/uploads\/2025\/02\/NOTA-DE-PRENSA-MEDICINA-1-18x9.png 18w\" sizes=\"auto, (max-width: 1024px) 100vw, 1024px\" \/><\/figure>\n\n\n\n<p>El convenio establece que la Sociedad Cruce\u00f1a de Cirug\u00eda participar\u00e1 activamente en el proceso educativo, proporcionando docentes con amplia experiencia y trayectoria en el \u00e1mbito quir\u00fargico, quienes ser\u00e1n los encargados de capacitar a los profesionales en este centro. Adem\u00e1s, contribuir\u00e1 significativamente a elevar el nivel de especializaci\u00f3n y calidad en la atenci\u00f3n m\u00e9dica a nivel nacional.<\/p>\n\n\n\n<p>Esta alianza tambi\u00e9n tiene un impacto directo en la sociedad, porque la formaci\u00f3n de cirujanos mejor capacitados resulta en una atenci\u00f3n m\u00e1s eficiente y segura para los pacientes. Al mejorar las habilidades de los profesionales m\u00e9dicos, se espera que los ciudadanos reciban una atenci\u00f3n m\u00e1s precisa y de alta calidad, lo que repercute directamente en la salud de la poblaci\u00f3n.<\/p>\n\n\n\n<p>El acuerdo entre Unifranz y la Sociedad Cruce\u00f1a de Cirug\u00eda no solo beneficia a los m\u00e9dicos de Santa Cruz, sino tambi\u00e9n a profesionales de otras regiones del pa\u00eds que podr\u00e1n acceder a esta formaci\u00f3n de alta calidad. Ambos l\u00edderes recalcaron que este tipo de colaboraciones son esenciales para garantizar un sistema de salud m\u00e1s competente.<\/p>\n\n\n\n<p>Mientras que, la inauguraci\u00f3n del Casem, marca el inicio de una nueva etapa en la formaci\u00f3n m\u00e9dica en Bolivia. Con este centro, se espera que la calidad de la atenci\u00f3n m\u00e9dica en el pa\u00eds d\u00e9 un salto significativo, posicionando a los m\u00e9dicos bolivianos entre los mejor capacitados de la regi\u00f3n.<\/p>\n\n\n\n<blockquote class=\"wp-block-quote is-layout-flow wp-block-quote-is-layout-flow\">\n<p>\u00abEste centro no solo se abre para los estudiantes en formaci\u00f3n, sino tambi\u00e9n para los m\u00e9dicos en ejercicio. La idea es fortalecer sus capacidades, particularmente en \u00e1reas como la endoscop\u00eda, para que puedan ofrecer una atenci\u00f3n m\u00e1s precisa y efectiva a los pacientes\u00bb, coment\u00f3 el Dr. Carlos Dabdoub, vicerrector de Unifranz Santa Cruz.<\/p>\n<\/blockquote>\n\n\n\n<figure class=\"wp-block-image size-large\"><img loading=\"lazy\" decoding=\"async\" width=\"1024\" height=\"769\" src=\"https:\/\/unifranz.edu.bo\/wp-content\/uploads\/2025\/02\/Screenshot_20250226-105049_Gallery-1024x769.jpg\" alt=\"\" class=\"wp-image-702942\" srcset=\"https:\/\/unifranz.edu.bo\/wp-content\/uploads\/2025\/02\/Screenshot_20250226-105049_Gallery-1024x769.jpg 1024w, https:\/\/unifranz.edu.bo\/wp-content\/uploads\/2025\/02\/Screenshot_20250226-105049_Gallery-300x225.jpg 300w, https:\/\/unifranz.edu.bo\/wp-content\/uploads\/2025\/02\/Screenshot_20250226-105049_Gallery-768x576.jpg 768w, https:\/\/unifranz.edu.bo\/wp-content\/uploads\/2025\/02\/Screenshot_20250226-105049_Gallery-16x12.jpg 16w, https:\/\/unifranz.edu.bo\/wp-content\/uploads\/2025\/02\/Screenshot_20250226-105049_Gallery.jpg 1439w\" sizes=\"auto, (max-width: 1024px) 100vw, 1024px\" \/><\/figure>","protected":false},"excerpt":{"rendered":"<p>En una iniciativa conjunta que promete marcar un hito en la formaci\u00f3n de profesionales de la Medicina, autoridades de la Universidad Franz Tamayo (Unifranz) y de la Sociedad Cruce\u00f1a de Cirug\u00eda han firmado un convenio de cooperaci\u00f3n que tiene como objetivo potenciar la formaci\u00f3n de m\u00e9dicos cirujanos. Este acuerdo, celebrado d\u00edas previos a la inauguraci\u00f3n &hellip; <a href=\"https:\/\/unifranz.edu.bo\/pt\/blog\/unifranz-y-la-sociedad-crucena-de-cirugia-sellan-alianza-para-fortalecer-la-formacion-de-medicos\/\">Continued<\/a><\/p>","protected":false},"author":33,"featured_media":703103,"comment_status":"open","ping_status":"open","sticky":false,"template":"","format":"standard","meta":{"_acf_changed":false,"footnotes":""},"categories":[2576,60,1946],"tags":[3742,1422,49,1650,124,43,242,3808,627],"class_list":["post-702940","post","type-post","status-publish","format-standard","has-post-thumbnail","hentry","category-unifranz-santa-cruz","category-blog","category-medicina","tag-alianzas-crucenas","tag-innovacion-en-educacion","tag-medicina","tag-mejores-universidades-de-bolivia","tag-salud","tag-santa-cruz","tag-unifranz","tag-unifranz-postgrado","tag-universidades"],"acf":[],"_links":{"self":[{"href":"https:\/\/unifranz.edu.bo\/pt\/wp-json\/wp\/v2\/posts\/702940","targetHints":{"allow":["GET"]}}],"collection":[{"href":"https:\/\/unifranz.edu.bo\/pt\/wp-json\/wp\/v2\/posts"}],"about":[{"href":"https:\/\/unifranz.edu.bo\/pt\/wp-json\/wp\/v2\/types\/post"}],"author":[{"embeddable":true,"href":"https:\/\/unifranz.edu.bo\/pt\/wp-json\/wp\/v2\/users\/33"}],"replies":[{"embeddable":true,"href":"https:\/\/unifranz.edu.bo\/pt\/wp-json\/wp\/v2\/comments?post=702940"}],"version-history":[{"count":2,"href":"https:\/\/unifranz.edu.bo\/pt\/wp-json\/wp\/v2\/posts\/702940\/revisions"}],"predecessor-version":[{"id":703106,"href":"https:\/\/unifranz.edu.bo\/pt\/wp-json\/wp\/v2\/posts\/702940\/revisions\/703106"}],"wp:featuredmedia":[{"embeddable":true,"href":"https:\/\/unifranz.edu.bo\/pt\/wp-json\/wp\/v2\/media\/703103"}],"wp:attachment":[{"href":"https:\/\/unifranz.edu.bo\/pt\/wp-json\/wp\/v2\/media?parent=702940"}],"wp:term":[{"taxonomy":"category","embeddable":true,"href":"https:\/\/unifranz.edu.bo\/pt\/wp-json\/wp\/v2\/categories?post=702940"},{"taxonomy":"post_tag","embeddable":true,"href":"https:\/\/unifranz.edu.bo\/pt\/wp-json\/wp\/v2\/tags?post=702940"}],"curies":[{"name":"wp","href":"https:\/\/api.w.org\/{rel}","templated":true}]}}