{"id":702820,"date":"2025-02-20T18:12:54","date_gmt":"2025-02-20T22:12:54","guid":{"rendered":"https:\/\/unifranz.edu.bo\/?p=702820"},"modified":"2025-02-20T18:12:55","modified_gmt":"2025-02-20T22:12:55","slug":"unifranz-tiene-una-cruzada-a-favor-de-los-ninos-con-cancer","status":"publish","type":"post","link":"https:\/\/unifranz.edu.bo\/pt\/blog\/unifranz-tiene-una-cruzada-a-favor-de-los-ninos-con-cancer\/","title":{"rendered":"Unifranz tiene una cruzada a favor de los ni\u00f1os con c\u00e1ncer"},"content":{"rendered":"<p>Milenca y Joel enfrentan el c\u00e1ncer con una voluntad f\u00e9rrea de vivir. Durante una hora y 45 minutos, ambos se olvidaron de sus dolores f\u00edsicos y disfrutaron de la pel\u00edcula King, regreso a casa, una jornada organizada por la Fundaci\u00f3n Unifranz. M\u00e1s de 200 ni\u00f1os se reunieron para ver esta conmovedora historia sobre dos adolescentes que encuentran un le\u00f3n y luchan por devolverlo a su h\u00e1bitat natural.<br>M\u00f3nica M\u00e9ndez, presidenta de la Fundaci\u00f3n Nuestra Esperanza, relata c\u00f3mo es el d\u00eda a d\u00eda de estos ni\u00f1os. \u201cVienen de Oruro y Cochabamba para recibir su tratamiento. Algunos est\u00e1n en quimioterapia y otros en radioterapia; a veces pasan semanas o incluso meses con nosotros. Nos convertimos en su hogar lejos de casa\u201d, cuenta.<br>La lucha contra el c\u00e1ncer en Bolivia es desigual, y en muchas ciudades no hay suficiente infraestructura para enfrentar la enfermedad. Es por eso que muchos ni\u00f1os deben migrar a La Paz o Santa Cruz, buscando la esperanza de un tratamiento m\u00e1s adecuado.<br>Pilar Hidalgo, directora de la Fundaci\u00f3n Unifranz, explica que, a pesar de las dificultades, siempre hay formas de ayudar. \u201cEsta vez, gracias al Multicine, hemos organizado una funci\u00f3n especial. Queremos que los ni\u00f1os disfruten de una tarde diferente, lejos de la rutina del tratamiento\u201d, dice.<br>Este evento se celebra por s\u00e9ptimo a\u00f1o consecutivo en el Multicine. Ni\u00f1os de diversas instituciones, como la Fundaci\u00f3n Alalay, Casa Emunah, Hormig\u00f3n Armado Fundaci\u00f3n Nuestra Esperanza, Hospital Materno Infantil y Remar Bolivia se dieron cita en este emotivo encuentro. Adem\u00e1s, por primera vez, ni\u00f1os de la comunidad de Laja participaron, y todos disfrutaron de la pel\u00edcula.<br>M\u00e1s de 200 ni\u00f1os estuvieron presentes, y Pilar consider\u00f3 esta jornada como una \u201cfiesta de solidaridad\u201d. \u201cLes decimos a los ni\u00f1os que no est\u00e1n solos en su lucha contra el c\u00e1ncer, que estamos con ellos, y les regalamos una tarde divertida\u201d, subraya.<br>Pero no se trat\u00f3 solo de una funci\u00f3n para ni\u00f1os con c\u00e1ncer. La actividad tambi\u00e9n sirvi\u00f3 para resaltar el compromiso de los estudiantes, docentes y personal administrativo de la Universidad Franz Tamayo, Unifranz La Paz, quienes donaron \u00fatiles escolares para ayudar a los ni\u00f1os en su d\u00eda a d\u00eda.<br>En 2012, en las aulas de Unifranz, naci\u00f3 el brazo social de la universidad: la Fundaci\u00f3n Unifranz. Busca convertir a cada ciudadano en un agente de cambio a trav\u00e9s del voluntariado y el apoyo a los m\u00e1s vulnerables. Dedicada a promover la salud, la educaci\u00f3n e investigaci\u00f3n, en beneficio de los habitantes de Bolivia y Am\u00e9rica Latina, la Fundaci\u00f3n brinda apoyo econ\u00f3mico, servicios de salud y calor humano a ni\u00f1os y ni\u00f1as con c\u00e1ncer. De su rol altruista naci\u00f3 la Cl\u00ednica Unifranz.<br>La Fundaci\u00f3n Unifranz se dedica al desarrollo e implementaci\u00f3n de proyectos en las \u00e1reas de salud, educaci\u00f3n e investigaci\u00f3n, con el objetivo de beneficiar a todos los habitantes de Bolivia. Su trabajo no solo busca el bienestar f\u00edsico, sino tambi\u00e9n el apoyo emocional y la integraci\u00f3n social de los ni\u00f1os y sus familias.<br>As\u00ed, el lunes 17 de febrero, una sala del Multicine se llen\u00f3 de solidaridad. Los administradores del cine tambi\u00e9n se unieron a la causa de forma desinteresada. Alberto Fern\u00e1ndez, gerente del Multicine, expres\u00f3 que la instituci\u00f3n est\u00e1 comprometida con el bienestar de la poblaci\u00f3n m\u00e1s vulnerable.<br>Finalmente, M\u00f3nica M\u00e9ndez resalt\u00f3 la importancia de iniciativas como \u00e9sta. \u201cLos ni\u00f1os, independientemente de su enfermedad, siguen siendo ni\u00f1os. Por eso es tan positivo que existan funciones de cine como esta, para que puedan olvidarse de los hospitales y disfrutar, aunque sea por un momento. Eso es lo que queremos: que disfruten y se diviertan\u201d, concluye la directora de la Fundaci\u00f3n Nuestra Esperanza.<br>Y s\u00ed\u2026 eso pasa con Joel y Milenca quienes tienen c\u00e1ncer; pero luchan porque una enfermedad no les quite su sonrisa.<\/p>","protected":false},"excerpt":{"rendered":"<p>Ni\u00f1os con c\u00e1ncer en Bolivia enfrentan dificultades, pero gracias a la Fundaci\u00f3n Unifranz, viven una jornada \u00fanica llena de esperanza y alegr\u00eda.<\/p>","protected":false},"author":44,"featured_media":702823,"comment_status":"open","ping_status":"open","sticky":false,"template":"","format":"standard","meta":{"_acf_changed":false,"footnotes":""},"categories":[60],"tags":[2340,386,10709,1422,41,49,10710,124,218,242],"class_list":["post-702820","post","type-post","status-publish","format-standard","has-post-thumbnail","hentry","category-blog","tag-cancer","tag-estudiantes","tag-fundacion","tag-innovacion-en-educacion","tag-la-paz","tag-medicina","tag-multicine","tag-salud","tag-tecnologia","tag-unifranz"],"acf":[],"_links":{"self":[{"href":"https:\/\/unifranz.edu.bo\/pt\/wp-json\/wp\/v2\/posts\/702820","targetHints":{"allow":["GET"]}}],"collection":[{"href":"https:\/\/unifranz.edu.bo\/pt\/wp-json\/wp\/v2\/posts"}],"about":[{"href":"https:\/\/unifranz.edu.bo\/pt\/wp-json\/wp\/v2\/types\/post"}],"author":[{"embeddable":true,"href":"https:\/\/unifranz.edu.bo\/pt\/wp-json\/wp\/v2\/users\/44"}],"replies":[{"embeddable":true,"href":"https:\/\/unifranz.edu.bo\/pt\/wp-json\/wp\/v2\/comments?post=702820"}],"version-history":[{"count":2,"href":"https:\/\/unifranz.edu.bo\/pt\/wp-json\/wp\/v2\/posts\/702820\/revisions"}],"predecessor-version":[{"id":702827,"href":"https:\/\/unifranz.edu.bo\/pt\/wp-json\/wp\/v2\/posts\/702820\/revisions\/702827"}],"wp:featuredmedia":[{"embeddable":true,"href":"https:\/\/unifranz.edu.bo\/pt\/wp-json\/wp\/v2\/media\/702823"}],"wp:attachment":[{"href":"https:\/\/unifranz.edu.bo\/pt\/wp-json\/wp\/v2\/media?parent=702820"}],"wp:term":[{"taxonomy":"category","embeddable":true,"href":"https:\/\/unifranz.edu.bo\/pt\/wp-json\/wp\/v2\/categories?post=702820"},{"taxonomy":"post_tag","embeddable":true,"href":"https:\/\/unifranz.edu.bo\/pt\/wp-json\/wp\/v2\/tags?post=702820"}],"curies":[{"name":"wp","href":"https:\/\/api.w.org\/{rel}","templated":true}]}}