{"id":702763,"date":"2025-02-17T20:49:00","date_gmt":"2025-02-18T00:49:00","guid":{"rendered":"https:\/\/unifranz.edu.bo\/?p=702763"},"modified":"2025-02-17T20:49:01","modified_gmt":"2025-02-18T00:49:01","slug":"cuales-son-los-limites-de-la-responsabilidad-politica-el-caso-javier-milei-y-libra","status":"publish","type":"post","link":"https:\/\/unifranz.edu.bo\/pt\/blog\/cuales-son-los-limites-de-la-responsabilidad-politica-el-caso-javier-milei-y-libra\/","title":{"rendered":"\u00bfCu\u00e1les son los l\u00edmites de la responsabilidad pol\u00edtica? El caso Javier Milei y $LIBRA"},"content":{"rendered":"<p>En tan solo unos minutos, cerca de 40.000 personas vieron sus ahorros esfumarse, seducidos por un crecimiento r\u00e1pido y la recomendaci\u00f3n y aval expreso en la red social X del medi\u00e1tico presidente de Argentina, Javier Milei, pusieron sus recursos y su fe en un producto que result\u00f3 ser un fraude. Esta situaci\u00f3n ha abierto un debate crucial sobre los l\u00edmites de la responsabilidad pol\u00edtica en estos casos.&nbsp;<\/p>\n\n\n\n<p>Si bien no hay evidencia de que Milei haya cometido un delito, su involucramiento ha generado preguntas sobre la \u00e9tica de los l\u00edderes pol\u00edticos al respaldar productos financieros sin una verificaci\u00f3n previa. \u00bfDebe un pol\u00edtico asumir consecuencias por las decisiones econ\u00f3micas que sus seguidores toman bas\u00e1ndose en su recomendaci\u00f3n?&nbsp;&nbsp;<\/p>\n\n\n\n<blockquote class=\"wp-block-quote is-layout-flow wp-block-quote-is-layout-flow\">\n<p>\u201cLa responsabilidad de un pol\u00edtico en estos casos es tanto&nbsp;\u00e9tica como p\u00fablica, especialmente si ocupa un cargo de liderazgo. Al utilizar su posici\u00f3n y credibilidad para respaldar un producto, se genera una relaci\u00f3n de confianza con la ciudadan\u00eda\u201d, expresa William Llanos, abogado y experto en derecho inform\u00e1tico y docente de la Universidad Franz Tamayo, Unifranz.<\/p>\n<\/blockquote>\n\n\n\n<p>Llanos explica que un pol\u00edtico o una autoridad tiene una responsabilidad tanto con su cargo como con la gente que lo sigue, ya que, si promociona un producto que resulta fraudulento, podr\u00eda incurrir en, por lo menos, tres escenarios: primero, en la falta de diligencia debida al no verificar la legitimidad del producto antes de promoverlo; segundo, la transparencia, porque deber\u00eda aclarar su nivel de vinculaci\u00f3n con el proyecto y, tercero, las consecuencias sociales debido al impacto de su influencia en las decisiones financieras de la poblaci\u00f3n.<\/p>\n\n\n\n<p>\u201cEn el caso de Milei, al promocionar $LIBRA sin conocer los detalles t\u00e9cnicos o riesgos asociados, su responsabilidad moral aumenta, dado que miles de personas invirtieron bas\u00e1ndose en su recomendaci\u00f3n. Aunque legalmente podr\u00eda no ser culpable, su rol como figura p\u00fablica lo expone a cr\u00edticas por no proteger los intereses de sus seguidores\u201d, dice el jurista.<\/p>\n\n\n\n<h2 class=\"wp-block-heading\" id=\"h-el-peso-de-la-palabra-presidencial\"><strong>El peso de la palabra presidencial<\/strong><\/h2>\n\n\n\n<p>Uno de los puntos clave en este esc\u00e1ndalo es la utilizaci\u00f3n de la figura presidencial como un \u201caval\u201d impl\u00edcito para la inversi\u00f3n en $LIBRA. Aunque en muchos pa\u00edses no existe una prohibici\u00f3n legal que impida a los pol\u00edticos promocionar productos comerciales, Llanos advierte que \u201cel uso de plataformas oficiales podr\u00eda interpretarse como un aval institucional\u201d.&nbsp;&nbsp;<\/p>\n\n\n\n<p>El problema \u00e9tico radica en que un Presidente debe actuar con prudencia y transparencia. La promoci\u00f3n de un activo financiero vol\u00e1til sin advertir de sus riesgos representa un conflicto de inter\u00e9s y una posible falta de diligencia debida.&nbsp;&nbsp;<\/p>\n\n\n\n<p>Adem\u00e1s, el fen\u00f3meno del \u00abefecto halo\u00bb juega un papel determinante. Como explica Llanos, \u201cMilei capitaliz\u00f3 su imagen y esto se interpret\u00f3 como un sello de confianza, dado su rol como presidente y experto en econom\u00eda\u201d. En otras palabras, muchas personas no investigaron el proyecto porque asumieron que, si Milei lo apoyaba, deb\u00eda ser seguro.&nbsp;&nbsp;<\/p>\n\n\n\n<p>A pesar de la controversia, algunos defienden a Milei, argumentando que fue v\u00edctima de un mal asesoramiento o incluso de un sabotaje por parte de actores externos. No obstante, la falta de informaci\u00f3n precisa y el hecho de que el Presidente mismo haya admitido que no estaba \u201cinteriorizado en los pormenores del proyecto\u201d refuerzan la idea de una conducta irresponsable.&nbsp;&nbsp;<\/p>\n\n\n\n<p>Desde una perspectiva legal, en algunos pa\u00edses este tipo de situaciones podr\u00edan considerarse publicidad enga\u00f1osa o incluso abuso de poder si se demuestra que hubo intenciones de manipulaci\u00f3n del mercado. Sin embargo, al no existir una regulaci\u00f3n clara sobre la promoci\u00f3n de criptomonedas por parte de figuras pol\u00edticas, la posibilidad de una sanci\u00f3n formal es incierta.&nbsp;&nbsp;<\/p>\n\n\n\n<p>El caso de $LIBRA expone un problema mayor en la relaci\u00f3n entre la pol\u00edtica y los mercados financieros. Cuando una figura p\u00fablica, como el Presidente, respalda un producto sin el debido an\u00e1lisis, el riesgo de afectar a miles de ciudadanos es alto.&nbsp;&nbsp;<\/p>\n\n\n\n<p>Llanos responde que, m\u00e1s all\u00e1 de lo legal, el comportamiento de Milei no fue \u00e9tico, por varias razones:<\/p>\n\n\n\n<ul class=\"wp-block-list\">\n<li>Abuso de confianza: la ciudadan\u00eda espera que sus l\u00edderes act\u00faen con responsabilidad y eviten exponerlos a riesgos innecesarios.<\/li>\n\n\n\n<li>Falta de transparencia: promocionar algo sin revelar su desconocimiento sobre el proyecto es enga\u00f1oso.<\/li>\n\n\n\n<li>Da\u00f1o reputacional a instituciones: un pol\u00edtico que respalda estafas, incluso de forma involuntaria, debilita la confianza en las instituciones.<\/li>\n<\/ul>\n\n\n\n<blockquote class=\"wp-block-quote is-layout-flow wp-block-quote-is-layout-flow\">\n<p>\u201cMilei, en su af\u00e1n de promover una alternativa econ\u00f3mica, incurri\u00f3 en un error que pone en duda su criterio financiero y su rol como l\u00edder responsable. La pregunta que queda ahora es: \u00bfdebe un pol\u00edtico asumir las consecuencias de sus palabras cuando afectan directamente el bienestar de los ciudadanos?\u201d, reflexiona Llanos.<\/p>\n<\/blockquote>","protected":false},"excerpt":{"rendered":"<p>\u201cLa responsabilidad de un pol\u00edtico en estos casos es tanto\u00a0\u00e9tica como p\u00fablica, especialmente si ocupa un cargo de liderazgo. Al utilizar su posici\u00f3n y credibilidad para respaldar un producto, se genera una relaci\u00f3n de confianza con la ciudadan\u00eda\u201d, expresa William Llanos, abogado y experto en derecho inform\u00e1tico y docente de Unifranz.<\/p>","protected":false},"author":49,"featured_media":702764,"comment_status":"open","ping_status":"open","sticky":false,"template":"","format":"standard","meta":{"_acf_changed":false,"footnotes":""},"categories":[60,1886],"tags":[39,1696,1422,10704,242],"class_list":["post-702763","post","type-post","status-publish","format-standard","has-post-thumbnail","hentry","category-blog","category-derecho","tag-derecho","tag-derecho-informatico","tag-innovacion-en-educacion","tag-milei","tag-unifranz"],"acf":[],"_links":{"self":[{"href":"https:\/\/unifranz.edu.bo\/pt\/wp-json\/wp\/v2\/posts\/702763","targetHints":{"allow":["GET"]}}],"collection":[{"href":"https:\/\/unifranz.edu.bo\/pt\/wp-json\/wp\/v2\/posts"}],"about":[{"href":"https:\/\/unifranz.edu.bo\/pt\/wp-json\/wp\/v2\/types\/post"}],"author":[{"embeddable":true,"href":"https:\/\/unifranz.edu.bo\/pt\/wp-json\/wp\/v2\/users\/49"}],"replies":[{"embeddable":true,"href":"https:\/\/unifranz.edu.bo\/pt\/wp-json\/wp\/v2\/comments?post=702763"}],"version-history":[{"count":1,"href":"https:\/\/unifranz.edu.bo\/pt\/wp-json\/wp\/v2\/posts\/702763\/revisions"}],"predecessor-version":[{"id":702765,"href":"https:\/\/unifranz.edu.bo\/pt\/wp-json\/wp\/v2\/posts\/702763\/revisions\/702765"}],"wp:featuredmedia":[{"embeddable":true,"href":"https:\/\/unifranz.edu.bo\/pt\/wp-json\/wp\/v2\/media\/702764"}],"wp:attachment":[{"href":"https:\/\/unifranz.edu.bo\/pt\/wp-json\/wp\/v2\/media?parent=702763"}],"wp:term":[{"taxonomy":"category","embeddable":true,"href":"https:\/\/unifranz.edu.bo\/pt\/wp-json\/wp\/v2\/categories?post=702763"},{"taxonomy":"post_tag","embeddable":true,"href":"https:\/\/unifranz.edu.bo\/pt\/wp-json\/wp\/v2\/tags?post=702763"}],"curies":[{"name":"wp","href":"https:\/\/api.w.org\/{rel}","templated":true}]}}