{"id":702741,"date":"2025-02-14T22:58:54","date_gmt":"2025-02-15T02:58:54","guid":{"rendered":"https:\/\/unifranz.edu.bo\/?p=702741"},"modified":"2025-02-14T23:39:18","modified_gmt":"2025-02-15T03:39:18","slug":"cine-y-solidaridad-funcion-especial-para-ninos-con-cancer-y-recoleccion-de-utiles-escolares","status":"publish","type":"post","link":"https:\/\/unifranz.edu.bo\/pt\/blog\/cine-y-solidaridad-funcion-especial-para-ninos-con-cancer-y-recoleccion-de-utiles-escolares\/","title":{"rendered":"Cine y solidaridad: funci\u00f3n especial para ni\u00f1os con c\u00e1ncer y recolecci\u00f3n de \u00fatiles escolares"},"content":{"rendered":"<p>La Fundaci\u00f3n Unifranz, con m\u00e1s de siete a\u00f1os de impacto positivo en la comunidad, organiza una funci\u00f3n de cine solidaria de la pel\u00edcula King: regreso a casa, este lunes 17 de febrero a las 14:30 en el Multicine. Este evento, en conmemoraci\u00f3n del D\u00eda Mundial contra el C\u00e1ncer Infantil que se celebra el 15 de febrero, busca brindar momentos de alegr\u00eda y esperanza a m\u00e1s de 200 ni\u00f1os que enfrentan esta enfermedad, as\u00ed como a aquellos en remisi\u00f3n y a ni\u00f1os de albergues e instituciones colaboradoras.<\/p>\n\n\n\n<blockquote class=\"wp-block-quote is-layout-flow wp-block-quote-is-layout-flow\">\n<p>\u201cLa funci\u00f3n gratuita no solo ofrecer\u00e1 una proyecci\u00f3n cinematogr\u00e1fica, sino que tambi\u00e9n crear\u00e1 un ambiente lleno de sonrisas y recuerdos inolvidables para los m\u00e1s peque\u00f1os\u201d, destaca Areli Yamaca, encargada del proyecto D\u00f3name de la Fundaci\u00f3n Unifranz. Adem\u00e1s de la proyecci\u00f3n de la pel\u00edcula, se proporcionar\u00e1n peque\u00f1os refrigerios a los ni\u00f1os.&nbsp;<\/p>\n<\/blockquote>\n\n\n\n<p>Adicionalmente, la Fundaci\u00f3n est\u00e1 recolectando material escolar, e invita a la comunidad educativa (estudiantes, docentes y colaboradores) a sumarse a esta noble causa hasta el 28 de este mes.&nbsp;<\/p>\n\n\n\n<p>\u00abCualquier persona que desee colaborar puede traer su donaci\u00f3n, ya sea una caja de l\u00e1pices, un cuaderno, una regla o cualquier otro \u00fatil. Quienes donen podr\u00e1n participar en esta funci\u00f3n solidaria\u00bb, se\u00f1ala Yamaca.<\/p>\n\n\n\n<p>Ni\u00f1os de instituciones amigas, como la Fundaci\u00f3n Alalay, Hormig\u00f3n Armado, Casa Emunah, Fundaci\u00f3n Nuestra Esperanza, Hospital Materno Infantil, Asociaci\u00f3n de Personas con Discapacidad y Remar Bolivia, participar\u00e1n en la actividad.&nbsp;<\/p>\n\n\n\n<p>\u00abAl organizarla, pensamos especialmente en los ni\u00f1os con c\u00e1ncer que se encuentran hospitalizados en el Hospital Materno Infantil. En total, ser\u00e1n m\u00e1s de 50 ni\u00f1os del hospital quienes nos acompa\u00f1ar\u00e1n\u00bb, explica.&nbsp;<\/p>\n\n\n\n<p>Cada 15 de febrero se celebra el D\u00eda Internacional del C\u00e1ncer Infantil con el objetivo de sensibilizar y concienciar sobre esta enfermedad y expresar apoyo a los ni\u00f1os y adolescentes con c\u00e1ncer, los sobrevivientes y sus familias.&nbsp;&nbsp;<\/p>\n\n\n\n<p>Seg\u00fan la Organizaci\u00f3n Panamericana de la Salud (OPS), el c\u00e1ncer es una de las principales causas de mortalidad entre ni\u00f1os y adolescentes en todo el mundo. En Am\u00e9rica Latina y el Caribe, aproximadamente, 30.000 ni\u00f1as, ni\u00f1os y adolescentes menores de 19 a\u00f1os resultan afectados por el c\u00e1ncer anualmente. \u201cDe ellos, cerca de 10.000 fallecieron a causa de esta enfermedad\u201d.<\/p>\n\n\n\n<figure class=\"wp-block-embed is-type-video is-provider-youtube wp-block-embed-youtube wp-embed-aspect-16-9 wp-has-aspect-ratio\"><div class=\"wp-block-embed__wrapper\">\n<iframe loading=\"lazy\" title=\"Cine y solidaridad: funci\u00f3n especial para ni\u00f1os con c\u00e1ncer y recolecci\u00f3n de \u00fatiles escolares\" width=\"500\" height=\"281\" src=\"https:\/\/www.youtube.com\/embed\/D3qovhuHvvc?feature=oembed\" frameborder=\"0\" allow=\"accelerometer; autoplay; clipboard-write; encrypted-media; gyroscope; picture-in-picture; web-share\" referrerpolicy=\"strict-origin-when-cross-origin\" allowfullscreen><\/iframe>\n<\/div><\/figure>\n\n\n\n<h2 class=\"wp-block-heading\" id=\"h-material-escolar\"><strong>Material escolar<\/strong><\/h2>\n\n\n\n<p>Con entusiasmo, Gabriela, una estudiante de la carrera de Medicina, deja un par de cuadernos y una cajita de colores en el punto de recolecci\u00f3n habilitado por la Fundaci\u00f3n en el hall de la universidad.&nbsp;<\/p>\n\n\n\n<p>\u201cEspero que este mi granito de arena ayude, aunque sea un poquito, a alguno de estos ni\u00f1os que, con toda seguridad, no la est\u00e1n pasando nada bien. Para la siguiente semana tratar\u00e9 de comprar otros \u00fatiles m\u00e1s\u201d, dice la joven universitaria.<\/p>\n\n\n\n<p>La recolecci\u00f3n de material escolar, seg\u00fan Yamaca, est\u00e1 destinada a estos ni\u00f1os en situaci\u00f3n de vulnerabilidad, quienes muchas veces no tienen acceso a lo m\u00e1s b\u00e1sico, como un l\u00e1piz o un cuaderno. Adem\u00e1s, se apoya a estudiantes de escuelas rurales, donde en ocasiones varios ni\u00f1os comparten los mismos materiales escolares.&nbsp;<\/p>\n\n\n\n<p>Aunque en esta etapa la Fundaci\u00f3n se enfoca en recolectar \u00fatiles escolares para el inicio de clases, tambi\u00e9n realiza campa\u00f1as para recolectar ropa, medicamentos y juguetes a lo largo del a\u00f1o, siempre con el objetivo de apoyar a los ni\u00f1os m\u00e1s necesitados.<\/p>\n\n\n\n<p>La Fundaci\u00f3n Unifranz invita a acad\u00e9micos, administrativos y a sus hijos a unirse a esta noble causa, donando material escolar y asistiendo a la funci\u00f3n solidaria. Su participaci\u00f3n enriquecer\u00e1 la experiencia de estos ni\u00f1os y fomentar\u00e1 un sentido de comunidad.&nbsp;&nbsp;<\/p>\n\n\n\n<p>La funci\u00f3n solidaria en el Multicine es mucho m\u00e1s que una simple proyecci\u00f3n de pel\u00edcula. Cada edici\u00f3n deja una huella imborrable en la vida de los ni\u00f1os beneficiados, promoviendo la inclusi\u00f3n y el apoyo mutuo. Su impacto social ha sido real y transformador, convirti\u00e9ndose en una celebraci\u00f3n de la esperanza, la comunidad y la solidaridad.<\/p>\n\n\n\n<blockquote class=\"wp-block-quote is-layout-flow wp-block-quote-is-layout-flow\">\n<p>\u201cEste tipo de iniciativas son fundamentales para sensibilizar a la sociedad sobre la importancia de apoyar a los ni\u00f1os que enfrentan el c\u00e1ncer y otras situaciones de vulnerabilidad. Eventos como este no solo brindan momentos de alegr\u00eda a los peque\u00f1os, sino que tambi\u00e9n fortalecen los lazos comunitarios y fomentan una cultura de solidaridad y empat\u00eda\u201d, reflexiona Yamaca.<\/p>\n<\/blockquote>\n\n\n\n<p>La participaci\u00f3n de la comunidad es esencial para el \u00e9xito de estas iniciativas. Cada donaci\u00f3n, por peque\u00f1a que sea, contribuye a crear un futuro m\u00e1s esperanzador para estos ni\u00f1os. La solidaridad y el apoyo mutuo son pilares fundamentales para construir una sociedad m\u00e1s justa y equitativa.<\/p>\n\n\n\n<p>\u201cEs una invitaci\u00f3n a compartir, a donar y a ser parte de una causa que busca sembrar esperanza y alegr\u00eda en los corazones de los m\u00e1s peque\u00f1os\u201d, dice Yamaca.<\/p>\n\n\n\n<p>La solidaridad es una fuerza poderosa que, cuando se activa, tiene el potencial de transformar vidas y construir un mundo mejor para todos.<\/p>","protected":false},"excerpt":{"rendered":"<p>La Fundaci\u00f3n Unifranz, con m\u00e1s de siete a\u00f1os de impacto positivo en la comunidad, organiza una funci\u00f3n de cine solidaria de la pel\u00edcula King: regreso a casa, este lunes 17 de febrero a las 14:30 en el Multicine. Este evento, en conmemoraci\u00f3n del D\u00eda Mundial contra el C\u00e1ncer Infantil que se celebra el 15 de febrero.<\/p>","protected":false},"author":50,"featured_media":702742,"comment_status":"open","ping_status":"open","sticky":false,"template":"","format":"standard","meta":{"_acf_changed":false,"footnotes":""},"categories":[60,1946],"tags":[10700,236,1422,49,242],"class_list":["post-702741","post","type-post","status-publish","format-standard","has-post-thumbnail","hentry","category-blog","category-medicina","tag-dia-mundial-contra-el-cancer-infantil","tag-fundacion-unifranz","tag-innovacion-en-educacion","tag-medicina","tag-unifranz"],"acf":[],"_links":{"self":[{"href":"https:\/\/unifranz.edu.bo\/pt\/wp-json\/wp\/v2\/posts\/702741","targetHints":{"allow":["GET"]}}],"collection":[{"href":"https:\/\/unifranz.edu.bo\/pt\/wp-json\/wp\/v2\/posts"}],"about":[{"href":"https:\/\/unifranz.edu.bo\/pt\/wp-json\/wp\/v2\/types\/post"}],"author":[{"embeddable":true,"href":"https:\/\/unifranz.edu.bo\/pt\/wp-json\/wp\/v2\/users\/50"}],"replies":[{"embeddable":true,"href":"https:\/\/unifranz.edu.bo\/pt\/wp-json\/wp\/v2\/comments?post=702741"}],"version-history":[{"count":2,"href":"https:\/\/unifranz.edu.bo\/pt\/wp-json\/wp\/v2\/posts\/702741\/revisions"}],"predecessor-version":[{"id":702744,"href":"https:\/\/unifranz.edu.bo\/pt\/wp-json\/wp\/v2\/posts\/702741\/revisions\/702744"}],"wp:featuredmedia":[{"embeddable":true,"href":"https:\/\/unifranz.edu.bo\/pt\/wp-json\/wp\/v2\/media\/702742"}],"wp:attachment":[{"href":"https:\/\/unifranz.edu.bo\/pt\/wp-json\/wp\/v2\/media?parent=702741"}],"wp:term":[{"taxonomy":"category","embeddable":true,"href":"https:\/\/unifranz.edu.bo\/pt\/wp-json\/wp\/v2\/categories?post=702741"},{"taxonomy":"post_tag","embeddable":true,"href":"https:\/\/unifranz.edu.bo\/pt\/wp-json\/wp\/v2\/tags?post=702741"}],"curies":[{"name":"wp","href":"https:\/\/api.w.org\/{rel}","templated":true}]}}