{"id":702597,"date":"2025-02-11T09:43:23","date_gmt":"2025-02-11T13:43:23","guid":{"rendered":"https:\/\/unifranz.edu.bo\/?p=702597"},"modified":"2025-02-13T12:07:43","modified_gmt":"2025-02-13T16:07:43","slug":"cuatro-estudiantes-colombianas-llegan-a-unifranz-la-paz-con-ansias-de-aprender","status":"publish","type":"post","link":"https:\/\/unifranz.edu.bo\/pt\/blog\/cuatro-estudiantes-colombianas-llegan-a-unifranz-la-paz-con-ansias-de-aprender\/","title":{"rendered":"Educaci\u00f3n innovadora: cuatro estudiantes colombianas eligen a Unifranz en su experiencia internacional"},"content":{"rendered":"<p>Ana Mar\u00eda Quintero, una joven colombiana que lleg\u00f3 a La Paz para estudiar en la Universidad Franz Tamayo sede La Paz, Unifranz, est\u00e1 ilusionada con su futuro. Ella destaca c\u00f3mo esta instituci\u00f3n le ha permitido conectar con la cultura boliviana y ampliar su comprensi\u00f3n sobre su carrera. \u201cLa Paz no solo es un destino vibrante y colorido, sino que es el escenario perfecto para expandir mis horizontes profesionales. Eleg\u00ed Unifranz porque ofrece la oportunidad de profundizar m\u00e1s all\u00e1 de mi carrera y conocer c\u00f3mo se maneja el dise\u00f1o gr\u00e1fico a nivel latinoamericano\u201d, explic\u00f3 Ana Mar\u00eda, quien se unir\u00e1 a la carrera de Dise\u00f1o Gr\u00e1fico y Producci\u00f3n Crossmedia. Para ella, la universidad se ha convertido en un puente hacia el futuro que anhela construir, permiti\u00e9ndole desarrollar una perspectiva internacional sobre su campo de estudio.<br>Por su parte, Daniela Contreras, otra de las j\u00f3venes que tambi\u00e9n participa en el programa de intercambio, expres\u00f3 su entusiasmo por el comienzo de su experiencia acad\u00e9mica: \u201cEstoy emocionada por comenzar mi intercambio acad\u00e9mico. La universidad es impresionante, y espero aprender todo lo posible sobre mi carrera. Este es un paso importante en mi formaci\u00f3n profesional y estoy segura de que la experiencia en Unifranz me permitir\u00e1 ampliar mis horizontes y adquirir conocimientos que podr\u00e9 aplicar a nivel internacional\u201d.<br>Mariana Ram\u00edrez Ni\u00f1o, una joven colombiana de 19 a\u00f1os, lleg\u00f3 a La Paz con un objetivo claro: expandir sus horizontes acad\u00e9micos y culturales. Desde su llegada, se mostr\u00f3 impresionada por la estructura urbana de la ciudad, especialmente por las viviendas que se aferran a las monta\u00f1as y la relevancia de sus principales avenidas. Mariana es una de las cuatro estudiantes que, gracias al programa Internacional\u00edzate de Unifranz, tiene la oportunidad de enriquecer su formaci\u00f3n en Bolivia, con el prop\u00f3sito de adquirir nuevos conocimientos y desarrollar habilidades globales.<br>\u201cDesde que llegu\u00e9, la belleza de la ciudad me cautiv\u00f3. La experiencia de llegar a esta ciudad, ubicada a m\u00e1s de 3.600 metros sobre el nivel del mar, es \u00fanica. Unifranz me ofrece un entorno acad\u00e9mico con una visi\u00f3n internacional que me permitir\u00e1 crecer profesionalmente\u201d, coment\u00f3 Mariana, quien cursar\u00e1 Dise\u00f1o Gr\u00e1fico y Producci\u00f3n Crossmedia. Adem\u00e1s, resalt\u00f3 la calidez del recibimiento y el ambiente acogedor que la universidad brinda a los estudiantes internacionales.<br>El programa Internacional\u00edzate de Unifranz tiene como objetivo promover la internacionalizaci\u00f3n de la educaci\u00f3n superior, permitiendo a estudiantes de diversas partes del mundo acceder a una formaci\u00f3n acad\u00e9mica de alta calidad. Cada a\u00f1o, Unifranz abre sus puertas a estudiantes internacionales, brind\u00e1ndoles la oportunidad de estudiar en uno de los centros educativos m\u00e1s destacados de Bolivia. En este contexto, los estudiantes no solo se benefician de la calidad educativa, sino tambi\u00e9n de una experiencia intercultural que les permite ampliar su visi\u00f3n del mundo.<br>La universidad, reconocida por su enfoque global, no solo proporciona conocimientos especializados, sino que tambi\u00e9n forma profesionales capacitados para competir en un entorno globalizado. Su modelo educativo integra las realidades locales con una perspectiva internacional, lo que prepara a los estudiantes para abordar desaf\u00edos tanto en Bolivia como en el resto del mundo. Este enfoque integral promueve el desarrollo de habilidades interdisciplinarias, pensamiento cr\u00edtico y una s\u00f3lida comprensi\u00f3n de las din\u00e1micas internacionales.<br>Nelcy Yuraima Ruiz Pinto, otra de las estudiantes colombianas que forma parte del programa, expres\u00f3 su entusiasmo por la oportunidad de estudiar en un entorno tan diverso. \u201cLo que m\u00e1s me atrae de Bolivia es su diversidad. Quiero conocer lugares impresionantes como el Salar de Uyuni y Copacabana. Adem\u00e1s, estudiar en Unifranz me permitir\u00e1 fortalecer mi formaci\u00f3n acad\u00e9mica y adquirir habilidades internacionales que me ser\u00e1n \u00fatiles en mi carrera de Psicolog\u00eda\u201d, coment\u00f3 Yuraima. Ella valora c\u00f3mo Unifranz combina la calidad educativa con la posibilidad de interactuar con estudiantes y profesionales de diferentes culturas y pa\u00edses, lo que le permite ampliar sus perspectivas sobre el mundo.<br>El programa Internacional\u00edzate de Unifranz se ha consolidado como un referente de internacionalizaci\u00f3n en la regi\u00f3n. A trav\u00e9s de este programa, estudiantes de distintas partes del mundo no solo tienen la oportunidad de aprender en una instituci\u00f3n de prestigio, sino que tambi\u00e9n pueden establecer relaciones con compa\u00f1eros de diversas culturas. La posibilidad de compartir experiencias con estudiantes bolivianos y de otros pa\u00edses como Per\u00fa, contribuye al enriquecimiento acad\u00e9mico y personal de los estudiantes.<br>La internacionalizaci\u00f3n de Unifranz tambi\u00e9n favorece el crecimiento personal de los estudiantes. El enfoque internacional y la calidad educativa de Unifranz se reflejan en su compromiso con el desarrollo integral de los estudiantes, prepar\u00e1ndolos para ser agentes de cambio. Los estudiantes no solo adquieren conocimientos t\u00e9cnicos y acad\u00e9micos, sino que tambi\u00e9n despiertan su capacidad para abordar los desaf\u00edos del mundo actual. Esta visi\u00f3n formativa convierte a cada estudiante en un protagonista activo en su propio proceso educativo y en un futuro profesional exitoso.<br>A medida que las cuatro estudiantes colombianas se integran a la vida universitaria y a la din\u00e1mica de la ciudad, se dan cuenta de que su tiempo en Unifranz no solo ser\u00e1 un per\u00edodo de aprendizaje acad\u00e9mico, sino tambi\u00e9n una experiencia transformadora que les permitir\u00e1 crecer como personas en un entorno multicultural y global. A trav\u00e9s de la internacionalizaci\u00f3n, Unifranz est\u00e1 forjando una nueva generaci\u00f3n de profesionales con una formaci\u00f3n de calidad y una visi\u00f3n global, preparados para enfrentar los retos de un mundo cada vez m\u00e1s interconectado.<br>Para estas j\u00f3venes, la oportunidad de estudiar en Unifranz representa m\u00e1s que una simple experiencia acad\u00e9mica: es una puerta abierta al futuro, en la que la calidad educativa y la internacionalizaci\u00f3n son las claves para su desarrollo profesional y personal. Est\u00e1n listas para aprovechar cada oportunidad que esta nueva etapa les ofrece, conscientes de que la educaci\u00f3n global es la herramienta necesaria para enfrentar los desaf\u00edos de un mundo que exige innovaci\u00f3n, adaptabilidad y compromiso.<\/p>\n\n\n\n<p><\/p>","protected":false},"excerpt":{"rendered":"<p>Cuatro estudiantes colombianas  llegan a Unifranz La Paz. Est\u00e1n fascinadas por la ciudad y el enfoque educativo de la universidad.<\/p>","protected":false},"author":44,"featured_media":702693,"comment_status":"open","ping_status":"open","sticky":false,"template":"","format":"standard","meta":{"_acf_changed":false,"footnotes":""},"categories":[60],"tags":[310,10575,10686,386,1422,248,62,41,218,242],"class_list":["post-702597","post","type-post","status-publish","format-standard","has-post-thumbnail","hentry","category-blog","tag-colombia","tag-destinos","tag-diversidad","tag-estudiantes","tag-innovacion-en-educacion","tag-internacionalizacion","tag-internacionalizate","tag-la-paz","tag-tecnologia","tag-unifranz"],"acf":[],"_links":{"self":[{"href":"https:\/\/unifranz.edu.bo\/pt\/wp-json\/wp\/v2\/posts\/702597","targetHints":{"allow":["GET"]}}],"collection":[{"href":"https:\/\/unifranz.edu.bo\/pt\/wp-json\/wp\/v2\/posts"}],"about":[{"href":"https:\/\/unifranz.edu.bo\/pt\/wp-json\/wp\/v2\/types\/post"}],"author":[{"embeddable":true,"href":"https:\/\/unifranz.edu.bo\/pt\/wp-json\/wp\/v2\/users\/44"}],"replies":[{"embeddable":true,"href":"https:\/\/unifranz.edu.bo\/pt\/wp-json\/wp\/v2\/comments?post=702597"}],"version-history":[{"count":7,"href":"https:\/\/unifranz.edu.bo\/pt\/wp-json\/wp\/v2\/posts\/702597\/revisions"}],"predecessor-version":[{"id":702696,"href":"https:\/\/unifranz.edu.bo\/pt\/wp-json\/wp\/v2\/posts\/702597\/revisions\/702696"}],"wp:featuredmedia":[{"embeddable":true,"href":"https:\/\/unifranz.edu.bo\/pt\/wp-json\/wp\/v2\/media\/702693"}],"wp:attachment":[{"href":"https:\/\/unifranz.edu.bo\/pt\/wp-json\/wp\/v2\/media?parent=702597"}],"wp:term":[{"taxonomy":"category","embeddable":true,"href":"https:\/\/unifranz.edu.bo\/pt\/wp-json\/wp\/v2\/categories?post=702597"},{"taxonomy":"post_tag","embeddable":true,"href":"https:\/\/unifranz.edu.bo\/pt\/wp-json\/wp\/v2\/tags?post=702597"}],"curies":[{"name":"wp","href":"https:\/\/api.w.org\/{rel}","templated":true}]}}