{"id":702587,"date":"2025-02-10T21:09:44","date_gmt":"2025-02-11T01:09:44","guid":{"rendered":"https:\/\/unifranz.edu.bo\/?p=702587"},"modified":"2025-02-10T21:09:46","modified_gmt":"2025-02-11T01:09:46","slug":"tres-macrotendencias-estan-transformando-el-aprendizaje-continuo","status":"publish","type":"post","link":"https:\/\/unifranz.edu.bo\/pt\/blog\/tres-macrotendencias-estan-transformando-el-aprendizaje-continuo\/","title":{"rendered":"Tres macrotendencias est\u00e1n transformando el aprendizaje continuo"},"content":{"rendered":"<p>El concepto de aprendizaje continuo, se ha convertido en una necesidad urgente en el mundo actual. La r\u00e1pida evoluci\u00f3n tecnol\u00f3gica, las transformaciones en el mercado laboral y la creciente demanda de nuevas habilidades han llevado a replantear los modelos educativos tradicionales.&nbsp;<\/p>\n\n\n\n<p>En este contexto, tres macrotendencias clave est\u00e1n moldeando el futuro del aprendizaje a lo largo de la vida: la educaci\u00f3n basada en competencias, el enfoque centrado en el estudiante y la integraci\u00f3n de tecnolog\u00edas digitales de \u00faltima generaci\u00f3n.<\/p>\n\n\n\n<p>En t\u00e9rminos simples, el aprendizaje continuo es el proceso de adquisici\u00f3n constante de conocimientos, habilidades y competencias a lo largo de la vida, y en la actualidad es una capacidad requerida en las sociedades modernas.&nbsp;<\/p>\n\n\n\n<blockquote class=\"wp-block-quote is-layout-flow wp-block-quote-is-layout-flow\">\n<p>\u201cEn lugar de limitarse a la educaci\u00f3n formal, como en la escuela o la universidad, este tipo de aprendizaje ocurre en diversos entornos, incluyendo el lugar de trabajo, cursos en l\u00ednea, lectura independiente, y la experiencia pr\u00e1ctica\u201d, explica Ariel Villarroel, experto en educaci\u00f3n y metodolog\u00edas educativas, docente y responsable de la Jefatura de Ense\u00f1anza y Aprendizaje (JEA).&nbsp;<\/p>\n<\/blockquote>\n\n\n\n<p>La necesidad de la implementaci\u00f3n del aprendizaje continuo por parte de las universidades fue uno de los temas centrales durante el IFE Conference 2025, un evento organizado por el&nbsp;Tecnol\u00f3gico de Monterrey&nbsp;que congreg\u00f3 a m\u00e1s de 3,000 profesionales, docentes y autoridades de instituciones educativas de diversos pa\u00edses, con un enfoque particular en Am\u00e9rica Latina.<\/p>\n\n\n\n<h2 class=\"wp-block-heading\" id=\"h-tres-macrotendencias\">Tres macrotendencias<\/h2>\n\n\n\n<p>1.<strong> Educaci\u00f3n basada en competencias:<\/strong> un aprendizaje eficiente y alineado con el mercado laboral<\/p>\n\n\n\n<p>Jos\u00e9 Escamilla, director asociado del Instituto para el Futuro de la Educaci\u00f3n del Tec de Monterrey, durante su conferencia \u201cRedefiniendo la misi\u00f3n: Las universidades como impulsoras del aprendizaje a lo largo de la vida\u201d realizada en el marco del IFE Conference 2025, indic\u00f3 que uno de los principales desaf\u00edos del sistema educativo actual es su capacidad para responder con rapidez a las necesidades del mercado laboral.<\/p>\n\n\n\n<p>El experto se\u00f1al\u00f3, por ejemplo, que la educaci\u00f3n basada en competencias permite \u00abdefinir casi quir\u00fargicamente qu\u00e9 es lo que se tiene que aprender\u00bb, eliminando contenido innecesario y haciendo la formaci\u00f3n m\u00e1s eficiente y relevante.&nbsp;&nbsp;<\/p>\n\n\n\n<blockquote class=\"wp-block-quote is-layout-flow wp-block-quote-is-layout-flow\">\n<p>\u201cEste enfoque no solo mejora la calidad educativa, sino que tambi\u00e9n facilita la certificaci\u00f3n de habilidades a trav\u00e9s de microcredenciales y credenciales alternativas\u201d, agreg\u00f3.&nbsp;<\/p>\n<\/blockquote>\n\n\n\n<p>Seg\u00fan Escamilla, este modelo tiene el potencial de conectar de manera directa con las demandas de la industria y la sociedad, garantizando que los estudiantes adquieran competencias concretas que puedan aplicar de inmediato en sus \u00e1mbitos profesionales.&nbsp;&nbsp;<\/p>\n\n\n\n<p>Adem\u00e1s, el concepto de \u201capilabilidad\u201d se ha vuelto clave dentro de este paradigma.&nbsp;<\/p>\n\n\n\n<blockquote class=\"wp-block-quote is-layout-flow wp-block-quote-is-layout-flow\">\n<p>\u201cEn lugar de completar largos programas de estudio antes de poder acceder a mejores oportunidades laborales, los estudiantes pueden acumular credenciales y construir su educaci\u00f3n de manera modular, obteniendo certificaciones a lo largo del camino. Esto les permite mejorar su empleabilidad sin necesidad de esperar a\u00f1os para finalizar un grado acad\u00e9mico\u201d, explic\u00f3.&nbsp;&nbsp;<\/p>\n<\/blockquote>\n\n\n\n<p>2.<strong> Un aprendizaje verdaderamente centrado en el estudiante&nbsp;&nbsp;<\/strong><\/p>\n\n\n\n<p>La educaci\u00f3n tradicional se ha caracterizado por su rigidez, con planes de estudio predefinidos que limitan la flexibilidad de los estudiantes. Sin embargo, la segunda gran tendencia del aprendizaje continuo es la transici\u00f3n hacia un modelo m\u00e1s autodirigido y adaptable a las necesidades individuales.&nbsp;&nbsp;<\/p>\n\n\n\n<p>Seg\u00fan Escamilla, este enfoque implica reconocer que el aprendizaje no debe estar limitado al \u00e1mbito laboral, sino que debe abarcar todas las dimensiones de la vida de una persona.&nbsp;<\/p>\n\n\n\n<p>\u00abGeneralmente, cuando hablamos de aprendizaje a lo largo de la vida, pensamos en preparar para el trabajo, pero tambi\u00e9n debemos preparar para lo ancho de la vida, reconociendo que habitamos distintos espacios y comunidades\u00bb.&nbsp;&nbsp;<\/p>\n\n\n\n<p>Este modelo permite a los estudiantes elegir sus propias trayectorias de aprendizaje, combinando diferentes experiencias formativas seg\u00fan sus intereses y necesidades. Tambi\u00e9n promueve el aprendizaje experiencial, basado en retos y proyectos, lo que resulta especialmente efectivo en la educaci\u00f3n de adultos.&nbsp;&nbsp;<\/p>\n\n\n\n<p>Sobre este tema, Jorge Bland\u00f3 Mart\u00ednez, presidente de la Red de Educaci\u00f3n Continua de Latinoam\u00e9rica y Europa (RECLA), subraya la importancia de este cambio de paradigma: \u201cMuchas veces, pensamos en crear o modificar carreras de cuatro o cinco a\u00f1os, cuando a lo mejor lo que se necesita son programas m\u00e1s cortos, m\u00e1s flexibles, mucho m\u00e1s acelerados\u201d. Para Bland\u00f3, este es un aspecto clave en la transformaci\u00f3n educativa, ya que permite que m\u00e1s personas accedan a oportunidades de aprendizaje sin quedar rezagadas ante los cambios del mundo laboral y tecnol\u00f3gico.<\/p>\n\n\n\n<p>3. <strong>La tecnolog\u00eda como catalizador del aprendizaje continuo<\/strong><\/p>\n\n\n\n<p>La tercera gran macrotendencia en el aprendizaje continuo es la incorporaci\u00f3n de tecnolog\u00edas digitales avanzadas para mejorar la experiencia educativa. Desde plataformas de aprendizaje en l\u00ednea hasta el uso de inteligencia artificial (IA) y realidad virtual, las herramientas tecnol\u00f3gicas est\u00e1n revolucionando la manera en que las personas adquieren conocimientos y habilidades.&nbsp;&nbsp;<\/p>\n\n\n\n<p>Escamilla destaca que, en un mundo donde el acceso a la educaci\u00f3n no debe depender de la ubicaci\u00f3n geogr\u00e1fica o las barreras econ\u00f3micas, la educaci\u00f3n digital ofrece soluciones escalables y accesibles. \u201cSabemos que hay que hacer educaci\u00f3n a distancia y virtual. Lo digital ya est\u00e1 presente y en el futuro hablaremos de educaci\u00f3n donde lo digital ser\u00e1 un componente integral\u201d.&nbsp;&nbsp;<\/p>\n\n\n\n<p>Entre las tecnolog\u00edas emergentes que est\u00e1n impulsando el aprendizaje continuo, la IA juega un papel fundamental. La personalizaci\u00f3n del aprendizaje mediante algoritmos inteligentes permite adaptar los contenidos a las necesidades individuales de cada estudiante, optimizando su proceso de formaci\u00f3n. Adem\u00e1s, la IA est\u00e1 transformando la evaluaci\u00f3n y certificaci\u00f3n de competencias, reduciendo los tiempos y costos asociados a estos procesos.&nbsp;&nbsp;<\/p>\n\n\n\n<p>Por otro lado, la educaci\u00f3n omnicanal se est\u00e1 consolidando como un modelo clave en esta transformaci\u00f3n, permitiendo a los estudiantes transitar entre distintos formatos de aprendizaje (presencial, en l\u00ednea, h\u00edbrido) de manera fluida y sin restricciones. La flexibilidad es esencial para un aprendizaje continuo adaptado a las necesidades cambiantes de la sociedad.&nbsp;&nbsp;<\/p>\n\n\n\n<p>Escamilla concluy\u00f3 su conferencia se\u00f1alando que el aprendizaje continuo ya no es una opci\u00f3n, sino una necesidad en el mundo actual. La educaci\u00f3n basada en competencias, el enfoque centrado en el estudiante y la integraci\u00f3n de tecnolog\u00edas digitales son las tres grandes macrotendencias que est\u00e1n redefiniendo la manera en que las personas adquieren conocimientos a lo largo de su vida.&nbsp;&nbsp;<\/p>\n\n\n\n<blockquote class=\"wp-block-quote is-layout-flow wp-block-quote-is-layout-flow\">\n<p>\u201cLas instituciones educativas, las empresas y los gobiernos deben adaptarse a este nuevo paradigma para garantizar que las personas cuenten con las herramientas necesarias para enfrentar los desaf\u00edos del futuro\u201d, concluy\u00f3.<\/p>\n<\/blockquote>","protected":false},"excerpt":{"rendered":"<p>El concepto de aprendizaje continuo, se ha convertido en una necesidad urgente en el mundo actual. La r\u00e1pida evoluci\u00f3n tecnol\u00f3gica, las transformaciones en el mercado laboral y la creciente demanda de nuevas habilidades han llevado a replantear los modelos educativos tradicionales.\u00a0<\/p>","protected":false},"author":49,"featured_media":702588,"comment_status":"open","ping_status":"open","sticky":false,"template":"","format":"standard","meta":{"_acf_changed":false,"footnotes":""},"categories":[3172,60],"tags":[2746,53,10684,1422,242],"class_list":["post-702587","post","type-post","status-publish","format-standard","has-post-thumbnail","hentry","category-aprendizaje","category-blog","tag-aprendizaje","tag-educacion","tag-ife-conference-2025","tag-innovacion-en-educacion","tag-unifranz"],"acf":[],"_links":{"self":[{"href":"https:\/\/unifranz.edu.bo\/pt\/wp-json\/wp\/v2\/posts\/702587","targetHints":{"allow":["GET"]}}],"collection":[{"href":"https:\/\/unifranz.edu.bo\/pt\/wp-json\/wp\/v2\/posts"}],"about":[{"href":"https:\/\/unifranz.edu.bo\/pt\/wp-json\/wp\/v2\/types\/post"}],"author":[{"embeddable":true,"href":"https:\/\/unifranz.edu.bo\/pt\/wp-json\/wp\/v2\/users\/49"}],"replies":[{"embeddable":true,"href":"https:\/\/unifranz.edu.bo\/pt\/wp-json\/wp\/v2\/comments?post=702587"}],"version-history":[{"count":1,"href":"https:\/\/unifranz.edu.bo\/pt\/wp-json\/wp\/v2\/posts\/702587\/revisions"}],"predecessor-version":[{"id":702589,"href":"https:\/\/unifranz.edu.bo\/pt\/wp-json\/wp\/v2\/posts\/702587\/revisions\/702589"}],"wp:featuredmedia":[{"embeddable":true,"href":"https:\/\/unifranz.edu.bo\/pt\/wp-json\/wp\/v2\/media\/702588"}],"wp:attachment":[{"href":"https:\/\/unifranz.edu.bo\/pt\/wp-json\/wp\/v2\/media?parent=702587"}],"wp:term":[{"taxonomy":"category","embeddable":true,"href":"https:\/\/unifranz.edu.bo\/pt\/wp-json\/wp\/v2\/categories?post=702587"},{"taxonomy":"post_tag","embeddable":true,"href":"https:\/\/unifranz.edu.bo\/pt\/wp-json\/wp\/v2\/tags?post=702587"}],"curies":[{"name":"wp","href":"https:\/\/api.w.org\/{rel}","templated":true}]}}