{"id":702574,"date":"2025-02-07T22:22:20","date_gmt":"2025-02-08T02:22:20","guid":{"rendered":"https:\/\/unifranz.edu.bo\/?p=702574"},"modified":"2025-02-07T23:07:40","modified_gmt":"2025-02-08T03:07:40","slug":"produccion-audiovisual-el-poder-de-convertir-ideas-en-historias-en-movimiento","status":"publish","type":"post","link":"https:\/\/unifranz.edu.bo\/pt\/blog\/produccion-audiovisual-el-poder-de-convertir-ideas-en-historias-en-movimiento\/","title":{"rendered":"Producci\u00f3n audiovisual: el poder de convertir ideas en historias en movimiento"},"content":{"rendered":"<p>La imagen es el lenguaje dominante del mundo. En este contexto, la producci\u00f3n audiovisual se ha convertido en un puente entre la imaginaci\u00f3n y la realidad. M\u00e1s que solo apuntar y grabar, esta disciplina abarca un proceso complejo donde la creatividad, la t\u00e9cnica y la tecnolog\u00eda convergen para dar forma a historias que cautivan, informan y emocionan.&nbsp;<\/p>\n\n\n\n<blockquote class=\"wp-block-quote is-layout-flow wp-block-quote-is-layout-flow\">\n<p>\u201cPara m\u00ed, la producci\u00f3n audiovisual es el arte de dar vida a las ideas y generar un puente entre lo que yo imagino y los dem\u00e1s pueden sentir, ver y escuchar. He aprendido que todo esto comienza con una idea y un l\u00e1piz. Para luego pasar a la acci\u00f3n\u201d, confiesa Natasha G\u00f3mez Castro, estudiante de Dise\u00f1o Gr\u00e1fico y Producci\u00f3n Crossmedia de la Universidad Franz Tamayo, Unifranz.<\/p>\n<\/blockquote>\n\n\n\n<p>Este proceso, dice la estudiante, consiste en construir experiencias sensoriales que atrapen a las audiencias y generen un impacto en su memoria.<\/p>\n\n\n\n<p>Pero para que esto funcione no basta con la idea o el conocimiento t\u00e9cnico, sino que el productor requiere de un pensamiento hol\u00edstico, que pueda conjugar todos los elementos audiovisuales en la edici\u00f3n.<\/p>\n\n\n\n<blockquote class=\"wp-block-quote is-layout-flow wp-block-quote-is-layout-flow\">\n<p>\u201cLa producci\u00f3n de contenido audiovisual implica un entendimiento profundo de los elementos t\u00e9cnicos como los \u00e1ngulos de c\u00e1mara, los movimientos y la captura de emociones. Pero es en la edici\u00f3n donde todo cobra sentido. Ah\u00ed se encuentra el ritmo, la armon\u00eda; tambi\u00e9n se le pueden hacer algunos toques finales con correcciones de color, m\u00fasica, efectos especiales y subt\u00edtulos\u201d, explica G\u00f3mez.&nbsp;<\/p>\n<\/blockquote>\n\n\n\n<p>Este proceso no solo exige habilidades t\u00e9cnicas, sino tambi\u00e9n pasi\u00f3n, trabajo en equipo y perseverancia. Para los estudiantes, estas competencias los preparan para desempe\u00f1arse en cualquier entorno laboral relacionado con la comunicaci\u00f3n visual.&nbsp;<\/p>\n\n\n\n<figure class=\"wp-block-embed is-type-video is-provider-youtube wp-block-embed-youtube wp-embed-aspect-16-9 wp-has-aspect-ratio\"><div class=\"wp-block-embed__wrapper\">\n<iframe loading=\"lazy\" title=\"Producci\u00f3n audiovisual: el poder de convertir ideas en historias en movimiento\" width=\"500\" height=\"281\" src=\"https:\/\/www.youtube.com\/embed\/V90G_1QQ2nw?feature=oembed\" frameborder=\"0\" allow=\"accelerometer; autoplay; clipboard-write; encrypted-media; gyroscope; picture-in-picture; web-share\" referrerpolicy=\"strict-origin-when-cross-origin\" allowfullscreen><\/iframe>\n<\/div><\/figure>\n\n\n\n<h2 class=\"wp-block-heading\" id=\"h-adaptacion-y-flexibilidad\"><strong>Adaptaci\u00f3n y flexibilidad<\/strong><\/h2>\n\n\n\n<p>\u201cAl salir de la edici\u00f3n, es el momento en el que el proyecto se convierte en una obra de arte y est\u00e1 lista para su distribuci\u00f3n. Este proceso me ense\u00f1a, no solo habilidades t\u00e9cnicas, sino tambi\u00e9n la importancia de la pasi\u00f3n, el trabajo en equipo y la perseverancia\u201d, indica la futura dise\u00f1adora gr\u00e1fica.<\/p>\n\n\n\n<p>La producci\u00f3n crossmedia, combinada con la formaci\u00f3n en dise\u00f1o gr\u00e1fico, es una estrategia que permite adaptar los mensajes a diversas plataformas sin perder su esencia. Este enfoque abre oportunidades laborales en \u00e1reas como dise\u00f1o gr\u00e1fico, animaci\u00f3n, publicidad, marketing digital y experiencia de usuario (UX\/UI).&nbsp;<\/p>\n\n\n\n<blockquote class=\"wp-block-quote is-layout-flow wp-block-quote-is-layout-flow\">\n<p>\u00abLos profesionales formados bajo este enfoque pueden adaptarse a un entorno global, pero tambi\u00e9n impactar positivamente en su contexto local\u201d, comenta Alejandra Basta, directora de la carrera de Dise\u00f1o Gr\u00e1fico y Producci\u00f3n Crossmedia de Unifranz. \u00abNuestro enfoque les permite conectar marcas y audiencias a trav\u00e9s de m\u00faltiples plataformas, desde medios impresos hasta entornos digitales\u201d, agrega.<\/p>\n<\/blockquote>\n\n\n\n<p>Para la acad\u00e9mica, uno de los pilares fundamentales de esta formaci\u00f3n es la experiencia pr\u00e1ctica.&nbsp;<\/p>\n\n\n\n<p>\u00abLos estudiantes experimentan el mundo laboral desde dentro, trabajando con clientes reales y resolviendo problemas concretos. Esto no solo los prepara t\u00e9cnicamente, sino tambi\u00e9n los conecta con el impacto de su profesi\u00f3n en la sociedad\u201d, enfatiza Basta.&nbsp;<\/p>\n\n\n\n<h2 class=\"wp-block-heading\" id=\"h-el-impacto-de-la-produccion-audiovisual-en-la-sociedad-nbsp\"><strong>El impacto de la producci\u00f3n audiovisual en la sociedad&nbsp;<\/strong><\/h2>\n\n\n\n<p>La producci\u00f3n audiovisual es mucho m\u00e1s que entretenimiento. Es una herramienta poderosa que influye en la forma en que percibimos la realidad y nos conectamos con el mundo. Ya sea en el cine, la publicidad, la educaci\u00f3n o las redes sociales, el lenguaje visual tiene la capacidad de transmitir emociones e ideas con un impacto profundo.&nbsp;<\/p>\n\n\n\n<p>El mercado laboral en este sector demanda profesionales vers\u00e1tiles, capaces de combinar habilidades t\u00e9cnicas con sensibilidad creativa.&nbsp;<\/p>\n\n\n\n<blockquote class=\"wp-block-quote is-layout-flow wp-block-quote-is-layout-flow\">\n<p>\u00abLa versatilidad es clave. Nuestros estudiantes no s\u00f3lo desarrollan habilidades t\u00e9cnicas, sino tambi\u00e9n la sensibilidad para entender y transformar su entorno\u201d, concluye Basta.&nbsp;<\/p>\n<\/blockquote>\n\n\n\n<p>Desde un simple boceto hasta una producci\u00f3n cinematogr\u00e1fica, la producci\u00f3n audiovisual sigue evolucionando, adapt\u00e1ndose a los cambios tecnol\u00f3gicos y las necesidades del p\u00fablico. Para quienes buscan una carrera que combine innovaci\u00f3n, tecnolog\u00eda y creatividad, este campo representa una oportunidad inigualable para transformar ideas en historias en movimiento.&nbsp;<\/p>","protected":false},"excerpt":{"rendered":"<p>La imagen es el lenguaje dominante del mundo. En este contexto, la producci\u00f3n audiovisual se ha convertido en un puente entre la imaginaci\u00f3n y la realidad. M\u00e1s que solo apuntar y grabar, esta disciplina abarca un proceso complejo donde la creatividad, la t\u00e9cnica y la tecnolog\u00eda convergen para dar forma a historias que cautivan, informan y emocionan.\u00a0<\/p>","protected":false},"author":49,"featured_media":702575,"comment_status":"open","ping_status":"open","sticky":false,"template":"","format":"standard","meta":{"_acf_changed":false,"footnotes":""},"categories":[60,2516],"tags":[6356,1422,1320,242],"class_list":["post-702574","post","type-post","status-publish","format-standard","has-post-thumbnail","hentry","category-blog","category-diseno-grafico-y-produccion-crossmedia","tag-diseno-grafico-y-produccion-cross-media","tag-innovacion-en-educacion","tag-produccion-audiovisual","tag-unifranz"],"acf":[],"_links":{"self":[{"href":"https:\/\/unifranz.edu.bo\/pt\/wp-json\/wp\/v2\/posts\/702574","targetHints":{"allow":["GET"]}}],"collection":[{"href":"https:\/\/unifranz.edu.bo\/pt\/wp-json\/wp\/v2\/posts"}],"about":[{"href":"https:\/\/unifranz.edu.bo\/pt\/wp-json\/wp\/v2\/types\/post"}],"author":[{"embeddable":true,"href":"https:\/\/unifranz.edu.bo\/pt\/wp-json\/wp\/v2\/users\/49"}],"replies":[{"embeddable":true,"href":"https:\/\/unifranz.edu.bo\/pt\/wp-json\/wp\/v2\/comments?post=702574"}],"version-history":[{"count":2,"href":"https:\/\/unifranz.edu.bo\/pt\/wp-json\/wp\/v2\/posts\/702574\/revisions"}],"predecessor-version":[{"id":702578,"href":"https:\/\/unifranz.edu.bo\/pt\/wp-json\/wp\/v2\/posts\/702574\/revisions\/702578"}],"wp:featuredmedia":[{"embeddable":true,"href":"https:\/\/unifranz.edu.bo\/pt\/wp-json\/wp\/v2\/media\/702575"}],"wp:attachment":[{"href":"https:\/\/unifranz.edu.bo\/pt\/wp-json\/wp\/v2\/media?parent=702574"}],"wp:term":[{"taxonomy":"category","embeddable":true,"href":"https:\/\/unifranz.edu.bo\/pt\/wp-json\/wp\/v2\/categories?post=702574"},{"taxonomy":"post_tag","embeddable":true,"href":"https:\/\/unifranz.edu.bo\/pt\/wp-json\/wp\/v2\/tags?post=702574"}],"curies":[{"name":"wp","href":"https:\/\/api.w.org\/{rel}","templated":true}]}}