{"id":702534,"date":"2025-02-07T15:55:14","date_gmt":"2025-02-07T19:55:14","guid":{"rendered":"https:\/\/unifranz.edu.bo\/?p=702534"},"modified":"2025-02-07T21:10:33","modified_gmt":"2025-02-08T01:10:33","slug":"indice-de-empoderamiento-digital-una-herramienta-clave-para-el-desarrollo-de-habilidades-tecnologicas","status":"publish","type":"post","link":"https:\/\/unifranz.edu.bo\/pt\/blog\/indice-de-empoderamiento-digital-una-herramienta-clave-para-el-desarrollo-de-habilidades-tecnologicas\/","title":{"rendered":"\u00cdndice de Empoderamiento Digital, una herramienta clave para el desarrollo de habilidades tecnol\u00f3gicas"},"content":{"rendered":"<p>La digitalizaci\u00f3n no se detiene, transformando la manera en que trabajamos, estudiamos y emprendemos. Sin embargo, no todos cuentan con las mismas herramientas y conocimientos para adaptarse a este entorno cambiante.&nbsp;<\/p>\n\n\n\n<p>Con el objetivo de medir y fortalecer las competencias digitales de la poblaci\u00f3n, el Instituto de la Mujer &amp; Empresa (IME), el Observatorio Nacional del Trabajo (ONT) y el Centro de Investigaci\u00f3n, Innovaci\u00f3n y Transformaci\u00f3n Digital en Turismo (CIINTUR) lanzaron el \u00cdndice de Empoderamiento Digital (IED).<\/p>\n\n\n\n<p>Este estudio, basado en la metodolog\u00eda de la Fundaci\u00f3n Kodea de Chile, permite a los participantes evaluar su nivel de digitalizaci\u00f3n a trav\u00e9s de siete dimensiones clave: valoraci\u00f3n digital, autoeficiencia digital, templanza digital, resiliencia digital, responsabilidad digital, efectividad digital y curiosidad digital.<\/p>\n\n\n\n<p>Xiomara Zambrana, coordinadora del IME, indica que esta herramienta permitir\u00e1 la aceleraci\u00f3n de la digitalizaci\u00f3n en Bolivia, con el prop\u00f3sito de fortalecer las habilidades existentes y el comercio digital en el pa\u00eds.<\/p>\n\n\n\n<blockquote class=\"wp-block-quote is-layout-flow wp-block-quote-is-layout-flow\">\n<p>\u201cEste es un instrumento dise\u00f1ado para proporcionarte informaci\u00f3n valiosa sobre tus h\u00e1bitos, tu percepci\u00f3n de la tecnolog\u00eda y tus competencias digitales, con el objetivo de que los participantes puedan fortalecerlas\u201d, explica.&nbsp;<\/p>\n<\/blockquote>\n\n\n\n<p>Seg\u00fan Ver\u00f3nica \u00c1greda de Pazos, rectora de la Universidad Franz Tamayo, Unifranz, instituci\u00f3n que lidera la iniciativa, el prop\u00f3sito de este \u00edndice es identificar oportunidades y brechas en la digitalizaci\u00f3n.<\/p>\n\n\n\n<blockquote class=\"wp-block-quote is-layout-flow wp-block-quote-is-layout-flow\">\n<p>\u201cActualmente, nos encontramos en la era de la Industria 5.0, donde la mayor\u00eda de los trabajos est\u00e1n tecnologizados y se utilizan herramientas digitales para hacer crecer los emprendimientos. Este estudio mide el \u00edndice de empoderamiento digital, lo que nos permite detectar oportunidades y brechas en la digitalizaci\u00f3n. As\u00ed, las personas pueden conocer su estado actual y saber en qu\u00e9 \u00e1reas pueden avanzar y crecer\u201d, se\u00f1ala.<\/p>\n\n\n\n<figure class=\"wp-block-embed is-type-video is-provider-youtube wp-block-embed-youtube wp-embed-aspect-16-9 wp-has-aspect-ratio\"><div class=\"wp-block-embed__wrapper\">\n<iframe loading=\"lazy\" title=\"\u00cdndice de Empoderamiento Digital, herramienta clave para el desarrollo de habilidades tecnol\u00f3gicas\" width=\"500\" height=\"281\" src=\"https:\/\/www.youtube.com\/embed\/j_H8f45iApE?feature=oembed\" frameborder=\"0\" allow=\"accelerometer; autoplay; clipboard-write; encrypted-media; gyroscope; picture-in-picture; web-share\" referrerpolicy=\"strict-origin-when-cross-origin\" allowfullscreen><\/iframe>\n<\/div><\/figure>\n<\/blockquote>\n\n\n\n<h2 class=\"wp-block-heading\" id=\"h-ultimos-dias-para-participar-en-la-encuesta\"><strong>\u00daltimos d\u00edas para participar en la encuesta<\/strong><\/h2>\n\n\n\n<p>El proceso de recolecci\u00f3n de datos se encuentra en su etapa final. Zambrana informa que hasta el momento se han recibido 765 respuestas de j\u00f3venes, emprendedores y profesionales, quienes han dedicado tiempo a medir su nivel de digitalizaci\u00f3n.<\/p>\n\n\n\n<p>\u201cEstimamos cerrar la encuesta en los pr\u00f3ximos d\u00edas porque quisi\u00e9ramos, a finales de febrero o en marzo, empezar con el an\u00e1lisis de los datos. As\u00ed que estamos pr\u00e1cticamente en la recta final\u201d, explica.<\/p>\n\n\n\n<p>Los interesados en conocer su nivel de digitalizaci\u00f3n y contribuir al estudio a\u00fan tienen la oportunidad de participar hasta mediados del mes. La encuesta est\u00e1 abierta a todas las personas que quieran participar y est\u00e1 disponible en <a href=\"https:\/\/boliviadigital.ime.bo \">https:\/\/boliviadigital.ime.bo <\/a>y permite obtener resultados personalizados en cada una de las dimensiones evaluadas.<\/p>\n\n\n\n<h2 class=\"wp-block-heading\" id=\"h-mas-que-un-diagnostico-una-herramienta-para-el-cambio\"><strong>M\u00e1s que un diagn\u00f3stico, una herramienta para el cambio<\/strong><\/h2>\n\n\n\n<p>El IED no s\u00f3lo proporciona un diagn\u00f3stico del nivel de empoderamiento digital, sino que tambi\u00e9n busca generar cambios en la formaci\u00f3n de habilidades tecnol\u00f3gicas, especialmente en mujeres, con el fin de cerrar brechas de g\u00e9nero y fomentar la inclusi\u00f3n digital.<\/p>\n\n\n\n<blockquote class=\"wp-block-quote is-layout-flow wp-block-quote-is-layout-flow\">\n<p>\u201cEs importante estar actualizados y usar esto para mejorar en la vida profesional, laboral, como emprendedor o estudiante. Es vital para no ahondar en la brecha digital y en la brecha digital de g\u00e9nero. Queremos que el acceso sea para todos y todas\u201d, enfatiza Zambrana.<\/p>\n<\/blockquote>\n\n\n\n<p>Adem\u00e1s, el estudio tiene un impacto a nivel macro, ya que los resultados permitir\u00e1n entender las necesidades de formaci\u00f3n digital en Bolivia y compararlas con las de otros pa\u00edses como M\u00e9xico, Chile y Espa\u00f1a.<\/p>\n\n\n\n<p>Con la encuesta en su fase final, la invitaci\u00f3n est\u00e1 abierta para quienes deseen evaluar sus competencias digitales y formar parte de un estudio que busca impulsar la transformaci\u00f3n digital en el pa\u00eds.<\/p>","protected":false},"excerpt":{"rendered":"<p>La digitalizaci\u00f3n no se detiene, transformando la manera en que trabajamos, estudiamos y emprendemos. Sin embargo, no todos cuentan con las mismas herramientas y conocimientos para adaptarse a este entorno cambiante.\u00a0<\/p>","protected":false},"author":49,"featured_media":702537,"comment_status":"open","ping_status":"open","sticky":false,"template":"","format":"standard","meta":{"_acf_changed":false,"footnotes":""},"categories":[60,1908],"tags":[2202,404,1422,10515,218,242],"class_list":["post-702534","post","type-post","status-publish","format-standard","has-post-thumbnail","hentry","category-blog","category-ime","tag-emprendedores","tag-ime","tag-innovacion-en-educacion","tag-noticias-de-bolivia","tag-tecnologia","tag-unifranz"],"acf":[],"_links":{"self":[{"href":"https:\/\/unifranz.edu.bo\/pt\/wp-json\/wp\/v2\/posts\/702534","targetHints":{"allow":["GET"]}}],"collection":[{"href":"https:\/\/unifranz.edu.bo\/pt\/wp-json\/wp\/v2\/posts"}],"about":[{"href":"https:\/\/unifranz.edu.bo\/pt\/wp-json\/wp\/v2\/types\/post"}],"author":[{"embeddable":true,"href":"https:\/\/unifranz.edu.bo\/pt\/wp-json\/wp\/v2\/users\/49"}],"replies":[{"embeddable":true,"href":"https:\/\/unifranz.edu.bo\/pt\/wp-json\/wp\/v2\/comments?post=702534"}],"version-history":[{"count":2,"href":"https:\/\/unifranz.edu.bo\/pt\/wp-json\/wp\/v2\/posts\/702534\/revisions"}],"predecessor-version":[{"id":702560,"href":"https:\/\/unifranz.edu.bo\/pt\/wp-json\/wp\/v2\/posts\/702534\/revisions\/702560"}],"wp:featuredmedia":[{"embeddable":true,"href":"https:\/\/unifranz.edu.bo\/pt\/wp-json\/wp\/v2\/media\/702537"}],"wp:attachment":[{"href":"https:\/\/unifranz.edu.bo\/pt\/wp-json\/wp\/v2\/media?parent=702534"}],"wp:term":[{"taxonomy":"category","embeddable":true,"href":"https:\/\/unifranz.edu.bo\/pt\/wp-json\/wp\/v2\/categories?post=702534"},{"taxonomy":"post_tag","embeddable":true,"href":"https:\/\/unifranz.edu.bo\/pt\/wp-json\/wp\/v2\/tags?post=702534"}],"curies":[{"name":"wp","href":"https:\/\/api.w.org\/{rel}","templated":true}]}}