{"id":702495,"date":"2025-02-06T12:52:33","date_gmt":"2025-02-06T16:52:33","guid":{"rendered":"https:\/\/unifranz.edu.bo\/?p=702495"},"modified":"2025-02-06T12:52:34","modified_gmt":"2025-02-06T16:52:34","slug":"la-periodista-ximena-galarza-y-su-hija-ximena-veizaga-unidas-por-la-educacion-innovadora-de-unifranz","status":"publish","type":"post","link":"https:\/\/unifranz.edu.bo\/pt\/blog\/la-periodista-ximena-galarza-y-su-hija-ximena-veizaga-unidas-por-la-educacion-innovadora-de-unifranz\/","title":{"rendered":"La periodista Ximena Galarza y su hija Ximena Veizaga unidas por la educaci\u00f3n innovadora de Unifranz"},"content":{"rendered":"<p>Son casi id\u00e9nticas. Ambas llevan el mismo nombre, Ximena, comparten una sonrisa amplia, son esbeltas y caminan con elegancia por los pasillos de la Universidad Franz Tamayo, Unifranz La Paz. La hija est\u00e1 en los \u00faltimos semestres de la carrera de Periodismo, mientras que la madre comenzar\u00e1 a ense\u00f1ar este a\u00f1o.<\/p>\n\n\n\n<p>\u201cEstoy muy orgullosa de mi mam\u00e1, es muy querida entre la gente. Recuerdo que en 2019, en restaurantes y lugares p\u00fablicos, la gente se acercaba a saludarla\u201d, comenta Ximena Veizaga, quien tambi\u00e9n decidi\u00f3 seguir el camino del periodismo y ahora forma parte de Tigo Sports.<\/p>\n\n\n\n<p>Galarza es una periodista de renombre en Bolivia. Naci\u00f3 en Camiri, un municipio del departamento de Santa Cruz, pero gran parte de su vida la pas\u00f3 en las ciudades de Santa Cruz y La Paz. Adem\u00e1s de ser presentadora de televisi\u00f3n, impuso su voz cr\u00edtica en las noticias y se consolid\u00f3 como una l\u00edder de opini\u00f3n.<\/p>\n\n\n\n<p>Tambi\u00e9n tuvo una breve pero significativa participaci\u00f3n en la pantalla grande, en la pel\u00edcula Tri\u00e1ngulo del Lago, dirigida por Mauricio Calder\u00f3n, donde comparti\u00f3 escenario con los reconocidos actores David Mondaca y Jorge Ortiz, entre otros.<\/p>\n\n\n\n<p>Ahora, Galarza se aventura en una nueva etapa. Ingresar\u00e1 al mundo acad\u00e9mico como parte del plantel docente de Unifranz, donde estar\u00e1 a cargo de la materia Redacci\u00f3n Period\u00edstica en Medios Impresos, dirigida a los estudiantes de cuarto semestre de la carrera de Periodismo. Cabe destacar que Unifranz es la \u00fanica universidad en Bolivia que otorga un t\u00edtulo en provisi\u00f3n nacional en Periodismo.<\/p>\n\n\n\n<figure class=\"wp-block-video\"><video height=\"1080\" style=\"aspect-ratio: 1920 \/ 1080;\" width=\"1920\" controls src=\"https:\/\/unifranz.edu.bo\/wp-content\/uploads\/2025\/02\/VIDEO-XIME-X2-1.mp4\"><\/video><\/figure>\n\n\n\n<p>Para formar parte del plantel docente de Unifranz, Galarza tuvo que superar una serie de ex\u00e1menes rigurosos. En la instituci\u00f3n, compartir\u00e1 clases con destacados colegas, como Yery Guiteras (parte del equipo de Bolivisi\u00f3n), \u00c1lvaro Irusta (quien estuvo en Unitel durante a\u00f1os), Carla Mercado (actual periodista de Unitel), Vania Borja (presentadora de Bolivisi\u00f3n) y Carlos Lara, quien tiene una vasta experiencia frente a las c\u00e1maras.<\/p>\n\n\n\n<p>Ximena Veizaga, por su parte, se encuentra cursando el s\u00e9ptimo semestre de la carrera de Periodismo y se prev\u00e9 que termine su formaci\u00f3n acad\u00e9mica este a\u00f1o. La directora de Periodismo, Jannette Jacobs, comenta: \u201cElla es una de nuestras mejores estudiantes. Adem\u00e1s, no se ha quedado en la teor\u00eda, porque desde hace tiempo forma parte de la cadena deportiva TigoSports. Con ella se demuestra que en Unifranz se aprende haciendo\u201d.<\/p>\n\n\n\n<p>Veizaga comenta: \u201cDecid\u00ed estudiar periodismo aqu\u00ed, en Unifranz, porque desde el primer momento en que cruc\u00e9 la puerta me guiaron y asesoraron para saber cu\u00e1l era mi destino\u201d. Su madre, Ximena Galarza, agrega: \u201cCuando mi hija me dijo, \u2018Quiero estudiar periodismo\u2019, le respond\u00ed: \u2018S\u00ed, adelante, pero que sea en Unifranz, porque en Unifranz est\u00e1n los mejores docentes\u2019\u201d.<\/p>\n\n\n\n<p>Galarza valora profundamente al plantel humano de Unifranz. Se\u00f1ala: \u201cAqu\u00ed est\u00e1n los periodistas m\u00e1s destacados del pa\u00eds. Adem\u00e1s de la formaci\u00f3n acad\u00e9mica, te ense\u00f1an el coraz\u00f3n y el alma que debe tener un periodista. Lo que m\u00e1s me gusta son los docentes, que son periodistas capacitados en todos los \u00e1mbitos\u201d.<\/p>","protected":false},"excerpt":{"rendered":"<p>Ximena Veizaga, estudiante de Periodismo, sigue el ejemplo de su madre, quien comenzar\u00e1 a ense\u00f1ar en Unifranz La Paz esta gesti\u00f3n<\/p>","protected":false},"author":44,"featured_media":702498,"comment_status":"open","ping_status":"open","sticky":false,"template":"","format":"standard","meta":{"_acf_changed":false,"footnotes":""},"categories":[60],"tags":[6815,320,386,160,10673,210,1422,41,278,242],"class_list":["post-702495","post","type-post","status-publish","format-standard","has-post-thumbnail","hentry","category-blog","tag-academia","tag-docentes","tag-estudiantes","tag-formacion","tag-gestion-2","tag-innovacion","tag-innovacion-en-educacion","tag-la-paz","tag-periodismo","tag-unifranz"],"acf":[],"_links":{"self":[{"href":"https:\/\/unifranz.edu.bo\/pt\/wp-json\/wp\/v2\/posts\/702495","targetHints":{"allow":["GET"]}}],"collection":[{"href":"https:\/\/unifranz.edu.bo\/pt\/wp-json\/wp\/v2\/posts"}],"about":[{"href":"https:\/\/unifranz.edu.bo\/pt\/wp-json\/wp\/v2\/types\/post"}],"author":[{"embeddable":true,"href":"https:\/\/unifranz.edu.bo\/pt\/wp-json\/wp\/v2\/users\/44"}],"replies":[{"embeddable":true,"href":"https:\/\/unifranz.edu.bo\/pt\/wp-json\/wp\/v2\/comments?post=702495"}],"version-history":[{"count":2,"href":"https:\/\/unifranz.edu.bo\/pt\/wp-json\/wp\/v2\/posts\/702495\/revisions"}],"predecessor-version":[{"id":702499,"href":"https:\/\/unifranz.edu.bo\/pt\/wp-json\/wp\/v2\/posts\/702495\/revisions\/702499"}],"wp:featuredmedia":[{"embeddable":true,"href":"https:\/\/unifranz.edu.bo\/pt\/wp-json\/wp\/v2\/media\/702498"}],"wp:attachment":[{"href":"https:\/\/unifranz.edu.bo\/pt\/wp-json\/wp\/v2\/media?parent=702495"}],"wp:term":[{"taxonomy":"category","embeddable":true,"href":"https:\/\/unifranz.edu.bo\/pt\/wp-json\/wp\/v2\/categories?post=702495"},{"taxonomy":"post_tag","embeddable":true,"href":"https:\/\/unifranz.edu.bo\/pt\/wp-json\/wp\/v2\/tags?post=702495"}],"curies":[{"name":"wp","href":"https:\/\/api.w.org\/{rel}","templated":true}]}}