{"id":702463,"date":"2025-02-04T18:01:46","date_gmt":"2025-02-04T22:01:46","guid":{"rendered":"https:\/\/unifranz.edu.bo\/?p=702463"},"modified":"2025-02-04T18:01:48","modified_gmt":"2025-02-04T22:01:48","slug":"como-enfrentar-la-quimioterapia-expertos-de-unifranz-ofrecen-consejos-para-afrontar-este-tratamiento-medico","status":"publish","type":"post","link":"https:\/\/unifranz.edu.bo\/pt\/blog\/como-enfrentar-la-quimioterapia-expertos-de-unifranz-ofrecen-consejos-para-afrontar-este-tratamiento-medico\/","title":{"rendered":"\u00bfC\u00f3mo enfrentar la quimioterapia? Expertos de Unifranz ofrecen consejos para afrontar este tratamiento m\u00e9dico"},"content":{"rendered":"<p><\/p>\n\n\n\n<p>\u201cEs fundamental ser honesto con el paciente, siempre se debe decir la verdad, incluso cuando \u00e9sta sea muy dura\u201d, explica el doctor \u00c1lvaro Mu\u00f1oz, decano de la Facultad de Medicina de la Universidad Franz Tamayo, Unifranz La Paz. El galeno aborda uno de los procesos m\u00e1s complejos en la lucha contra el c\u00e1ncer: la quimioterapia. En el marco del D\u00eda Mundial contra el C\u00e1ncer, dos especialistas brindan su perspectiva sobre c\u00f3mo afrontar este desaf\u00edo.<\/p>\n\n\n\n<p>Mu\u00f1oz subraya la importancia de la transparencia con los pacientes. \u201cLo primero es hablar con la verdad, explicar el diagn\u00f3stico, las opciones de tratamiento y los posibles efectos secundarios de la quimioterapia es esencial para preparar psicol\u00f3gicamente a la persona\u201d, resalta. Aunque la medicaci\u00f3n puede causar efectos secundarios como la p\u00e9rdida del cabello o la depresi\u00f3n, su prop\u00f3sito fundamental es salvar vidas, por lo que el acompa\u00f1amiento psicol\u00f3gico se vuelve indispensable, a\u00f1ade.<\/p>\n\n\n\n<p>La directora de la carrera de Psicolog\u00eda de Unifranz La Paz, Liudmila Loayza, resalta la relevancia del apoyo durante este proceso. \u201cEl psic\u00f3logo puede ayudar al paciente a enfrentar sus creencias irracionales y darle una nueva perspectiva de la enfermedad, lo que le permitir\u00e1 encontrar esperanza y serenidad\u201d, explica. Loayza tambi\u00e9n destaca que el acompa\u00f1amiento emocional es igualmente importante para los familiares, quienes desempe\u00f1an un papel esencial en el respaldo del paciente.<\/p>\n\n\n\n<p>Los dos especialistas indican que la fe, ya sea religiosa o espiritual, tiene un impacto significativo en el proceso de recuperaci\u00f3n. Loayza explica que la fe puede convertirse en un pilar fundamental para el paciente, ayud\u00e1ndole a enfrentar los retos con una mentalidad positiva. Este apoyo emocional, junto con la informaci\u00f3n cient\u00edfica adecuada, permite que el paciente se prepare mentalmente para el tratamiento y sus efectos.<\/p>\n\n\n\n<p>Mu\u00f1oz tambi\u00e9n hace hincapi\u00e9 en la prevenci\u00f3n, destacando que muchos tipos de c\u00e1ncer, en especial el c\u00e1ncer cervicouterino en mujeres, podr\u00edan prevenirse con mayor educaci\u00f3n y conciencia sobre la importancia de las pruebas de detecci\u00f3n. Adem\u00e1s, recalca que cada tipo de c\u00e1ncer tiene su propio tratamiento y pron\u00f3stico. \u201cLo que se le comunica a un paciente con leucemia, por ejemplo, difiere de lo que se le dir\u00eda a alguien con c\u00e1ncer de p\u00e1ncreas\u201d, comenta. En este contexto, la toma de decisiones, tanto por parte del m\u00e9dico como del paciente, se vuelve esencial para determinar el tratamiento m\u00e1s adecuado.<\/p>\n\n\n\n<p>Otra forma de contrarrestar el c\u00e1ncer es con una alimentaci\u00f3n sana y equilibrada. Un informe del peri\u00f3dico El Tiempo, de Colombia, se\u00f1ala que hay siete \u201csuperalimentos\u201d que contienen una importante cantidad de nutrientes y fortalecen al organismo: br\u00f3coli, champi\u00f1ones, legumbres, tomate, nueces, ar\u00e1ndanos y avena.<\/p>\n\n\n\n<p>Tanto Mu\u00f1oz como Loayza coinciden en que, aunque la quimioterapia y los diagn\u00f3sticos de c\u00e1ncer son retos dif\u00edciles, el acompa\u00f1amiento psicol\u00f3gico, la comunicaci\u00f3n honesta y una actitud positiva pueden marcar una gran diferencia durante el tratamiento. La resiliencia, el apoyo de los seres queridos y la aceptaci\u00f3n del tratamiento son aspectos clave para atravesar esta dura etapa con mayor fortaleza.<\/p>\n\n\n\n<p>La quimioterapia no solo es un proceso m\u00e9dico, sino tambi\u00e9n emocional y psicol\u00f3gico. Al comprender los efectos del tratamiento y contar con el respaldo adecuado, los pacientes tienen mayores posibilidades de enfrentar este desaf\u00edo con valent\u00eda y esperanza.<\/p>\n\n\n\n<p>Datos sobre el c\u00e1ncer en Bolivia&nbsp;&nbsp;&nbsp;&nbsp;&nbsp;&nbsp;&nbsp;&nbsp;&nbsp;&nbsp;&nbsp;&nbsp;&nbsp;&nbsp;&nbsp;&nbsp;&nbsp;&nbsp;&nbsp;&nbsp;&nbsp;&nbsp;&nbsp;&nbsp;&nbsp;&nbsp;&nbsp;&nbsp;<\/p>\n\n\n\n<p>Seg\u00fan el Registro Nacional de C\u00e1ncer del Programa Nacional de Lucha Contra el C\u00e1ncer del Ministerio de Salud y Deportes, se han registrado 76.379 nuevos casos de c\u00e1ncer en adultos en Bolivia durante el per\u00edodo 2016-2023.<\/p>\n\n\n\n<p>Los c\u00e1nceres m\u00e1s comunes var\u00edan entre hombres y mujeres. Seg\u00fan el Ministerio de Salud y otras fuentes m\u00e9dicas, los c\u00e1nceres m\u00e1s frecuentes son:<\/p>\n\n\n\n<p>En mujeres, el c\u00e1ncer cervicouterino (de cuello uterino) es uno de los m\u00e1s comunes y mortales, representa aproximadamente el 22 % de todos los casos de c\u00e1ncer femenino. No hay conciencia sobre la importancia de un control peri\u00f3dico, seg\u00fan los expertos lo recomendable es realizarse las pruebas de detecci\u00f3n como el Papanicolaou de forma anual.<\/p>\n\n\n\n<p>El c\u00e1ncer de mama (17% de casos en las mujeres) es otro de los m\u00e1s frecuentes y sigue siendo una de las principales causas de muerte por c\u00e1ncer en el pa\u00eds. La detecci\u00f3n temprana juega un papel crucial en su tratamiento y supervivencia.<\/p>\n\n\n\n<p>En los hombres, el c\u00e1ncer m\u00e1s com\u00fan es el de pr\u00f3stata (casi el 25% de casos), especialmente se intensifica a medida que los varones envejecen. La detecci\u00f3n temprana es fundamental para su tratamiento exitoso.<\/p>\n\n\n\n<p>Tambi\u00e9n, el c\u00e1ncer de pulm\u00f3n es frecuente en hombres, particularmente entre aquellos con antecedentes de consumo de tabaco.<\/p>","protected":false},"excerpt":{"rendered":"<p>La honestidad y el acompa\u00f1amiento psicol\u00f3gico son claves en el tratamiento del c\u00e1ncer, un mensaje en el D\u00eda Mundial contra el C\u00e1ncer<\/p>","protected":false},"author":44,"featured_media":702464,"comment_status":"open","ping_status":"open","sticky":false,"template":"","format":"standard","meta":{"_acf_changed":false,"footnotes":""},"categories":[60],"tags":[2340,252,386,1422,41,49,240,124,5832,242],"class_list":["post-702463","post","type-post","status-publish","format-standard","has-post-thumbnail","hentry","category-blog","tag-cancer","tag-carreras","tag-estudiantes","tag-innovacion-en-educacion","tag-la-paz","tag-medicina","tag-psicologia","tag-salud","tag-tratamientos","tag-unifranz"],"acf":[],"_links":{"self":[{"href":"https:\/\/unifranz.edu.bo\/pt\/wp-json\/wp\/v2\/posts\/702463","targetHints":{"allow":["GET"]}}],"collection":[{"href":"https:\/\/unifranz.edu.bo\/pt\/wp-json\/wp\/v2\/posts"}],"about":[{"href":"https:\/\/unifranz.edu.bo\/pt\/wp-json\/wp\/v2\/types\/post"}],"author":[{"embeddable":true,"href":"https:\/\/unifranz.edu.bo\/pt\/wp-json\/wp\/v2\/users\/44"}],"replies":[{"embeddable":true,"href":"https:\/\/unifranz.edu.bo\/pt\/wp-json\/wp\/v2\/comments?post=702463"}],"version-history":[{"count":3,"href":"https:\/\/unifranz.edu.bo\/pt\/wp-json\/wp\/v2\/posts\/702463\/revisions"}],"predecessor-version":[{"id":702468,"href":"https:\/\/unifranz.edu.bo\/pt\/wp-json\/wp\/v2\/posts\/702463\/revisions\/702468"}],"wp:featuredmedia":[{"embeddable":true,"href":"https:\/\/unifranz.edu.bo\/pt\/wp-json\/wp\/v2\/media\/702464"}],"wp:attachment":[{"href":"https:\/\/unifranz.edu.bo\/pt\/wp-json\/wp\/v2\/media?parent=702463"}],"wp:term":[{"taxonomy":"category","embeddable":true,"href":"https:\/\/unifranz.edu.bo\/pt\/wp-json\/wp\/v2\/categories?post=702463"},{"taxonomy":"post_tag","embeddable":true,"href":"https:\/\/unifranz.edu.bo\/pt\/wp-json\/wp\/v2\/tags?post=702463"}],"curies":[{"name":"wp","href":"https:\/\/api.w.org\/{rel}","templated":true}]}}