{"id":702351,"date":"2025-01-31T15:08:31","date_gmt":"2025-01-31T19:08:31","guid":{"rendered":"https:\/\/unifranz.edu.bo\/?p=702351"},"modified":"2025-02-03T17:44:09","modified_gmt":"2025-02-03T21:44:09","slug":"ceremonia-un-viaje-cinematografico-hacia-la-sanacion-y-la-sostenibilidad","status":"publish","type":"post","link":"https:\/\/unifranz.edu.bo\/pt\/blog\/ceremonia-un-viaje-cinematografico-hacia-la-sanacion-y-la-sostenibilidad\/","title":{"rendered":"\u2018Ceremonia\u2019: un viaje cinematogr\u00e1fico hacia la sanaci\u00f3n y la sostenibilidad"},"content":{"rendered":"<p>En el coraz\u00f3n de Samaipata, un rinc\u00f3n encantado de Bolivia, donde el tiempo parece haberse detenido entre helechos gigantes, el \u2018Fuerte\u2019 y bosques milenarios, surge \u201cCeremonia\u201d, un cortometraje que conecta la naturaleza, la espiritualidad, las relaciones humanas y la sostenibilidad.&nbsp;<\/p>\n\n\n\n<p>Bajo la direcci\u00f3n del reconocido cineasta Rodrigo Bellott, y la coproducci\u00f3n de Jordi Oliva (Espa\u00f1a), Pedro Pablo Escobar, Harold C\u00e9spedes y la Universidad Franz Tamayo (Bolivia), esta obra cinematogr\u00e1fica no s\u00f3lo explora los lazos profundos entre generaciones, sino que tambi\u00e9n destaca el potencial de Samaipata como un epicentro tur\u00edstico, art\u00edstico, cultural y de preservaci\u00f3n de la biodiversidad.<\/p>\n\n\n\n<blockquote class=\"wp-block-quote is-layout-flow wp-block-quote-is-layout-flow\">\n<p>\u201cLa pel\u00edcula es una gran met\u00e1fora de la lecci\u00f3n que nos dan los helechos gigantes milenarios. Est\u00e1n ah\u00ed, observ\u00e1ndonos con humildad, sin interferir en nuestras vidas, pero transmitiendo una sabidur\u00eda que muchas veces ignoramos. Es un llamado a conectar con nuestras ra\u00edces y a entender el legado de nuestros ancestros\u201d, describe Bellott.<\/p>\n<\/blockquote>\n\n\n\n<p>La sinopsis del cortometraje, grabado en 16mm con una duraci\u00f3n de 20 minutos, nos adentra en la vida de Javier, un experimentado fot\u00f3grafo de guerra que busca refugio y respuestas en un centro hol\u00edstico en Samaipata. Durante su estancia, conoce a Goen, un joven optimista con quien comparte un inesperado viaje hacia la sanaci\u00f3n espiritual.&nbsp;<\/p>\n\n\n\n<p>En medio de paseos por el Bosque de los Helechos Gigantes, un \u00e1rea protegida de 580 hect\u00e1reas de extensi\u00f3n que acoge numerosas especies centenarias de esta planta, ambos descubren que las respuestas a sus preguntas est\u00e1n profundamente arraigadas en la naturaleza y en la sabidur\u00eda de sus ancestros.<\/p>\n\n\n\n<p>Alejandro Zegarra, vicerrector adjunto de la Universidad Franz Tamayo, Unifranz Santa Cruz, destaca el simbolismo del film como un acercamiento a uno de los ejes de la universidad: la sostenibilidad.&nbsp;<\/p>\n\n\n\n<blockquote class=\"wp-block-quote is-layout-flow wp-block-quote-is-layout-flow\">\n<p>\u00abLa sostenibilidad es un pilar fundamental de nuestra universidad, parte esencial de nuestra filosof\u00eda institucional. Por ello, Unifranz ha decidido sumarse como coproductor del cortometraje. La Ceremonia es un homenaje a la naturaleza y su papel crucial en la convivencia y el desarrollo humano\u00bb, puntualiza.<\/p>\n<\/blockquote>\n\n\n\n<figure class=\"wp-block-embed is-type-video is-provider-youtube wp-block-embed-youtube wp-embed-aspect-16-9 wp-has-aspect-ratio\"><div class=\"wp-block-embed__wrapper\">\n<iframe loading=\"lazy\" title=\"\u2018Ceremonia\u2019: un viaje cinematogr\u00e1fico hacia la sanaci\u00f3n y la sostenibilidad\" width=\"500\" height=\"281\" src=\"https:\/\/www.youtube.com\/embed\/PoGkv0_R2U0?feature=oembed\" frameborder=\"0\" allow=\"accelerometer; autoplay; clipboard-write; encrypted-media; gyroscope; picture-in-picture; web-share\" referrerpolicy=\"strict-origin-when-cross-origin\" allowfullscreen><\/iframe>\n<\/div><\/figure>\n\n\n\n<h2 class=\"wp-block-heading\" id=\"h-educacion-innovadora-el-papel-de-unifranz-en-ceremonia\"><strong>Educaci\u00f3n innovadora: el papel de Unifranz en \u201cCeremonia\u201d<\/strong><\/h2>\n\n\n\n<p>Uno de los aspectos m\u00e1s destacados de la producci\u00f3n de \u201cCeremonia\u201d es la colaboraci\u00f3n con m\u00e1s de 50 personas entre actores, estudiantes de Unifranz y la propia comunidad. J\u00f3venes de carreras como Publicidad y Marketing, Dise\u00f1o Gr\u00e1fico y Producci\u00f3n Crossmedia, Periodismo y Administraci\u00f3n de Hoteler\u00eda y Turismo trabajaron codo a codo con profesionales en la coproducci\u00f3n del cortometraje, aplicando la metodolog\u00eda del \u201caprender haciendo\u201d, una cualidad de Unifranz<\/p>\n\n\n\n<p>La experiencia no solo enriqueci\u00f3 su formaci\u00f3n acad\u00e9mica, sino que tambi\u00e9n reforz\u00f3 el compromiso de la universidad con la innovaci\u00f3n educativa, el aprendizaje basado en la pr\u00e1ctica, la multidisciplinariedad y el desarrollo sostenible.<\/p>\n\n\n\n<p>Para Gustavo Monta\u00f1o, doctor en educaci\u00f3n y vicerrector acad\u00e9mico nacional de Unifranz, \u201c(el aprender haciendo) se activa mediante el trabajo cooperativo, con propuestas de soluci\u00f3n a problem\u00e1ticas propias de la vida profesional, orientados hacia la innovaci\u00f3n y el impacto social, fomentando la creatividad de los estudiantes y brind\u00e1ndoles la oportunidad de aplicar la teor\u00eda a situaciones reales\u201d.&nbsp;&nbsp;&nbsp;<\/p>\n\n\n\n<p>Bellott, por su parte, subraya la importancia de incluir a estudiantes en proyectos cinematogr\u00e1ficos por sus ganas de aprender y aportar. \u201cEl cine sin juventud, sin curiosidad, no es nada. Parte de mi labor es formar gente, transferir conocimiento y aprender de las nuevas generaciones. La colaboraci\u00f3n con Unifranz fue natural; compartimos la visi\u00f3n de construir un legado y formar j\u00f3venes comprometidos\u201d.<\/p>\n\n\n\n<p>Seg\u00fan Zegarra, la coproducci\u00f3n de Unifranz en el cortometraje generar\u00e1 m\u00faltiples beneficios para los estudiantes, al ofrecerles la oportunidad de participar y debatir con el director y los productores del cortometraje, as\u00ed como brindar experiencia laboral al colaborar con profesionales reconocidos del rubro. Adem\u00e1s, posicionar\u00e1 a Unifranz como una universidad sostenible y actor clave en la promoci\u00f3n de la cultura nacional, entre otros.&nbsp;&nbsp;<\/p>\n\n\n\n<h2 class=\"wp-block-heading\" id=\"h-un-tributo-a-samaipata-su-magia-y-su-cultura\"><strong>Un tributo a Samaipata, su magia y su cultura<\/strong><\/h2>\n\n\n\n<p>\u201cCeremonia\u201d no es solo una historia; es tambi\u00e9n un homenaje a Samaipata, que en el \u00faltimo tiempo se ha posicionado como un destino tur\u00edstico, cultural y gastron\u00f3mico del pa\u00eds.&nbsp;<\/p>\n\n\n\n<p>Bellott, quien ha residido en esta regi\u00f3n durante los \u00faltimos tres a\u00f1os, comparte c\u00f3mo este lugar lo ha transformado. \u201cSamaipata es un centro cultural vibrante donde la comunidad de artistas, escritores y m\u00fasicos trabaja en armon\u00eda. Durante la pandemia, encontr\u00e9 en este lugar la inspiraci\u00f3n para crear, y \u2018Ceremonia\u2019 es mi ofrenda a su gente y su naturaleza\u201d.<\/p>\n\n\n\n<p>Con una comunidad vibrante de cineastas, m\u00fasicos y escritores, este destino se est\u00e1 posicionando como un centro cultural clave en Bolivia.&nbsp;<\/p>\n\n\n\n<p>\u201cEn Samaipata, el arte es una necesidad, una forma de vida. Si no tienes recursos, creas con tus manos y con la comunidad. Esta filosof\u00eda inspira a todos los que vivimos aqu\u00ed\u201d, comenta el director de cine.<\/p>\n\n\n\n<h2 class=\"wp-block-heading\" id=\"h-desafios-y-oportunidades-en-el-cine-boliviano\"><strong>Desaf\u00edos y oportunidades en el cine boliviano<\/strong><\/h2>\n\n\n\n<p>En un contexto de crisis econ\u00f3mica y falta de apoyo institucional, Bellott destaca c\u00f3mo estos desaf\u00edos pueden convertirse en catalizadores para el arte.<\/p>\n\n\n\n<blockquote class=\"wp-block-quote is-layout-flow wp-block-quote-is-layout-flow\">\n<p>\u201cLos peores tiempos para la industria son los mejores tiempos para la creatividad. Las crisis nos obligan a mirar hacia adentro, a expresar nuestra disconformidad y a proponer cambios. \u2018Ceremonia\u2019 es una muestra de c\u00f3mo el arte puede surgir incluso en las condiciones m\u00e1s adversas\u201d, manifiesta.<\/p>\n<\/blockquote>\n\n\n\n<p>\u201cCeremonia\u201d invita a reflexionar sobre el legado, la paternidad y la muerte como parte de un ciclo infinito. Para Bellot, \u201ces una historia que apela al coraz\u00f3n, que habla del amor sin apego y de c\u00f3mo los ancestros siguen presentes en nuestra vida, incluso desde otro plano. Espero que esta pel\u00edcula inspire a conectar con nuestras ra\u00edces y a valorar el tiempo y las lecciones que nos brinda la naturaleza\u201d.<\/p>","protected":false},"excerpt":{"rendered":"<p>En el coraz\u00f3n de Samaipata, un rinc\u00f3n encantado de Bolivia, donde el tiempo parece haberse detenido entre helechos gigantes, el \u2018Fuerte\u2019 y bosques milenarios, surge \u201cCeremonia\u201d, un cortometraje que conecta la naturaleza, la espiritualidad, las relaciones humanas y la sostenibilidad.\u00a0<\/p>","protected":false},"author":50,"featured_media":702366,"comment_status":"open","ping_status":"open","sticky":false,"template":"","format":"standard","meta":{"_acf_changed":false,"footnotes":""},"categories":[60,6096],"tags":[],"class_list":["post-702351","post","type-post","status-publish","format-standard","has-post-thumbnail","hentry","category-blog","category-sostenibilidad"],"acf":[],"_links":{"self":[{"href":"https:\/\/unifranz.edu.bo\/pt\/wp-json\/wp\/v2\/posts\/702351","targetHints":{"allow":["GET"]}}],"collection":[{"href":"https:\/\/unifranz.edu.bo\/pt\/wp-json\/wp\/v2\/posts"}],"about":[{"href":"https:\/\/unifranz.edu.bo\/pt\/wp-json\/wp\/v2\/types\/post"}],"author":[{"embeddable":true,"href":"https:\/\/unifranz.edu.bo\/pt\/wp-json\/wp\/v2\/users\/50"}],"replies":[{"embeddable":true,"href":"https:\/\/unifranz.edu.bo\/pt\/wp-json\/wp\/v2\/comments?post=702351"}],"version-history":[{"count":3,"href":"https:\/\/unifranz.edu.bo\/pt\/wp-json\/wp\/v2\/posts\/702351\/revisions"}],"predecessor-version":[{"id":702416,"href":"https:\/\/unifranz.edu.bo\/pt\/wp-json\/wp\/v2\/posts\/702351\/revisions\/702416"}],"wp:featuredmedia":[{"embeddable":true,"href":"https:\/\/unifranz.edu.bo\/pt\/wp-json\/wp\/v2\/media\/702366"}],"wp:attachment":[{"href":"https:\/\/unifranz.edu.bo\/pt\/wp-json\/wp\/v2\/media?parent=702351"}],"wp:term":[{"taxonomy":"category","embeddable":true,"href":"https:\/\/unifranz.edu.bo\/pt\/wp-json\/wp\/v2\/categories?post=702351"},{"taxonomy":"post_tag","embeddable":true,"href":"https:\/\/unifranz.edu.bo\/pt\/wp-json\/wp\/v2\/tags?post=702351"}],"curies":[{"name":"wp","href":"https:\/\/api.w.org\/{rel}","templated":true}]}}