{"id":702232,"date":"2025-01-27T17:32:35","date_gmt":"2025-01-27T21:32:35","guid":{"rendered":"https:\/\/unifranz.edu.bo\/?p=702232"},"modified":"2025-01-27T22:54:45","modified_gmt":"2025-01-28T02:54:45","slug":"cancer-de-piel-una-enfermedad-silenciosa-que-podemos-prevenir","status":"publish","type":"post","link":"https:\/\/unifranz.edu.bo\/pt\/blog\/cancer-de-piel-una-enfermedad-silenciosa-que-podemos-prevenir\/","title":{"rendered":"C\u00e1ncer de piel, una enfermedad silenciosa que podemos prevenir"},"content":{"rendered":"<p>Marcelo y Marisol comparten una caracter\u00edstica distintiva, su piel est\u00e1 salpicada por pecas, peque\u00f1as y juguetonas manchas en el rostro, cuello y brazos que los hacen f\u00e1cil de distinguir como padre e hija, una herencia que se repite desde hace tres generaciones.<\/p>\n\n\n\n<p>\u201cManchados por los \u00e1ngeles, sol\u00eda decir mi abuelo, un inmigrante alem\u00e1n que lleg\u00f3 para trabajar en el ferrocarril a principios del siglo XX y que falleci\u00f3 con dolor por el c\u00e1ncer de piel\u201d, relata Marcelo.<\/p>\n\n\n\n<p>El c\u00e1ncer de piel es uno de los m\u00e1s comunes en el mundo, afectando a entre dos y tres millones de personas cada a\u00f1o en el mundo entero, seg\u00fan cifras de la Organizaci\u00f3n Mundial de la Salud (OMS).<\/p>\n\n\n\n<p>Tanto el abuelo, como el padre de Marcelo fueron v\u00edctimas de esta enfermedad, que puede comenzar como una mancha irregular en la piel, pero que se puede extender silenciosamente si no se trata, comprometiendo otros \u00f3rganos y llevando al paciente a la muerte.<\/p>\n\n\n\n<p>El c\u00e1ncer de piel es una enfermedad en la cual las c\u00e9lulas de la piel comienzan a multiplicarse sin control. La mayor\u00eda de los casos son provocados por la exposici\u00f3n excesiva a los rayos ultravioleta (UV) del sol, las camas bronceadoras o las l\u00e1mparas solares.<\/p>\n\n\n\n<blockquote class=\"wp-block-quote is-layout-flow wp-block-quote-is-layout-flow\">\n<p>\u201cEsto se da porque las c\u00e9lulas de la piel desarrollan mutaciones en su ADN lo que forma un crecimiento descontrolado\u201d, puntualiza Andrea Jessica Roca, docente de la carrera de Medicina de la Universidad Franz Tamayo, Unifranz.<\/p>\n<\/blockquote>\n\n\n\n<p>La OMS indica que los tipos de c\u00e1ncer de piel m\u00e1s comunes son el basocelular, el carcinoma y el melanoma, siendo el \u00faltimo de estos, uno de los m\u00e1s serios, por su probabilidad de extensi\u00f3n a otras partes del cuerpo. Esta enfermedad se identifica con mayor frecuencia en mayores de 40 a\u00f1os; sin embargo, depende del tiempo al que se exponga la persona.<\/p>\n\n\n\n<p>La aparici\u00f3n de lunares at\u00edpicos, el continuo uso de cabinas o camas solares para bronceado, la exposici\u00f3n a ciertos productos qu\u00edmicos o a la radiaci\u00f3n, se constituyen en factores de riesgo para desarrollar el c\u00e1ncer de piel.&nbsp;<\/p>\n\n\n\n<p>Los antecedentes familiares tambi\u00e9n afectan. Si uno de los padres tuvo la enfermedad es posible que el hijo tambi\u00e9n lo manifieste, incluso tener un sistema inmunitario d\u00e9bil arriesga a la persona a desarrollar este tipo de c\u00e1ncer, al igual que la exposici\u00f3n a sustancias t\u00f3xicas, como el ars\u00e9nico.<\/p>\n\n\n\n<blockquote class=\"wp-block-quote is-layout-flow wp-block-quote-is-layout-flow\">\n<p>\u201cCuando diagnosticaron a mi padre, todos me miraron con preocupaci\u00f3n, mi padre, al igual que yo, tiene pecas y piel clara, pensaron que yo ser\u00eda el siguiente y que Marisol ser\u00eda la siguiente, pero empezamos a tomar medidas de prevenci\u00f3n\u201d, cuenta Marcelo.<\/p>\n<\/blockquote>\n\n\n\n<p>A pesar de los cuidados, Marcelo enferm\u00f3 a sus 47 a\u00f1os, pero las lecciones aprendidas durante la enfermedad de su padre y su abuelo le salvaron la vida.&nbsp;<\/p>\n\n\n\n<p>\u201cTuve suerte de detectar la enfermedad cuando reci\u00e9n comenzaba y luego de un a\u00f1o de cirug\u00edas, radiolog\u00eda y quimioterapia, estoy libre del c\u00e1ncer\u201d, comenta.<\/p>\n\n\n\n<p>Estos cuidados fueron heredados a su hija Marisol, que se realiza chequeos peri\u00f3dicos y siempre est\u00e1 atenta a los nuevos lunares y manchas que se puedan presentar.<\/p>\n\n\n\n<p>El c\u00e1ncer de piel se manifiesta principalmente en las zonas de la piel m\u00e1s expuestas al sol, como el cuero cabelludo, el rostro, los labios, las orejas, el cuello, el pecho, los brazos y las manos, y, en el caso de las mujeres, las piernas. Los signos de alerta son manchas o lunares que aparecen en la piel, lunares que cambian de tama\u00f1o y forma o la aparici\u00f3n de bultos en la piel, indica Roca.<\/p>\n\n\n\n<p>\u201cTambi\u00e9n puede formarse en \u00e1reas que rara vez ven la luz del d\u00eda: las palmas de las manos, debajo de las u\u00f1as de las manos o de los pies y el \u00e1rea genital\u201d, manifiesta la doctora.&nbsp;<\/p>\n\n\n\n<p>La gravedad puede variar seg\u00fan el tipo y la etapa en la que se llegue a diagnosticar. Los m\u00e1s comunes, y generalmente tratables, son el carcinoma basocelular y el de c\u00e9lulas escamosas, siempre y cuando se diagnostiquen a tiempo, pero el melanoma es muy agresivo y puede llegar a ser mortal.<\/p>\n\n\n\n<p>Asimismo, afecta a personas de todos los tonos de piel, incluidas aquellas con tez m\u00e1s oscura. Cuando el melanoma ocurre en personas con tonos de piel oscuros, es m\u00e1s probable que ocurra en \u00e1reas que normalmente no est\u00e1n expuestas al sol.<\/p>\n\n\n\n<figure class=\"wp-block-image size-full\"><img loading=\"lazy\" decoding=\"async\" width=\"1000\" height=\"1000\" src=\"https:\/\/unifranz.edu.bo\/wp-content\/uploads\/2025\/01\/INFOGRAFIA-BLOG-cancer-de-piel.png\" alt=\"\" class=\"wp-image-702251\" srcset=\"https:\/\/unifranz.edu.bo\/wp-content\/uploads\/2025\/01\/INFOGRAFIA-BLOG-cancer-de-piel.png 1000w, https:\/\/unifranz.edu.bo\/wp-content\/uploads\/2025\/01\/INFOGRAFIA-BLOG-cancer-de-piel-300x300.png 300w, https:\/\/unifranz.edu.bo\/wp-content\/uploads\/2025\/01\/INFOGRAFIA-BLOG-cancer-de-piel-768x768.png 768w, https:\/\/unifranz.edu.bo\/wp-content\/uploads\/2025\/01\/INFOGRAFIA-BLOG-cancer-de-piel-12x12.png 12w\" sizes=\"auto, (max-width: 1000px) 100vw, 1000px\" \/><\/figure>\n\n\n\n<p><strong>Medidas de prevenci\u00f3n<\/strong><\/p>\n\n\n\n<p>\u201cLa prevenci\u00f3n y diagn\u00f3stico temprano son muy importantes para el c\u00e1ncer de piel, hacerse autoex\u00e1menes de la piel o visitar al dermat\u00f3logo anualmente puede ayudar a detectar alg\u00fan cambio sospechoso, aparte se debe educar sobre la importancia del uso de protectores solares para reducir la incidencia de este c\u00e1ncer\u201d, explica Roca.<\/p>\n\n\n\n<p>Los cuidados preventivos m\u00e1s importantes para el c\u00e1ncer de piel incluyen:<\/p>\n\n\n\n<ol class=\"wp-block-list\">\n<li><\/li>\n\n\n\n<li>Protecci\u00f3n solar: usar protector solar de amplio espectro con un factor de protecci\u00f3n solar (FPS) de al menos 30. Aplicarlo cada dos horas, especialmente despu\u00e9s de nadar o sudar. Adem\u00e1s, usar ropa de manga larga, sombreros de ala ancha y gafas de sol para protegerse de la radiaci\u00f3n UV.<\/li>\n\n\n\n<li><\/li>\n\n\n\n<li>Evitar la exposici\u00f3n al sol durante las horas pico: limitar el tiempo al aire libre entre las 10 de la ma\u00f1ana y las 4 de la tarde, cuando los rayos del sol son m\u00e1s fuertes. Si es necesario estar al aire libre durante estas horas, buscar sombra y usar protecci\u00f3n adecuada.<\/li>\n\n\n\n<li><\/li>\n\n\n\n<li>Evitar las camas de bronceado: las camas de bronceado y las cabinas solares emiten radiaci\u00f3n UV que puede da\u00f1ar la piel y aumentar el riesgo de c\u00e1ncer de piel. Es mejor optar por alternativas m\u00e1s seguras para broncearse, como los autobronceadores.<\/li>\n\n\n\n<li><\/li>\n\n\n\n<li>Revisar la piel regularmente: realizar autoex\u00e1menes de la piel para detectar cambios como nuevos crecimientos, lunares que cambian de forma o color, o llagas que no se curan. Consultar a un dermat\u00f3logo si se observa alg\u00fan cambio inusual.<\/li>\n\n\n\n<li><\/li>\n\n\n\n<li>Mantener una dieta saludable: consumir alimentos ricos en antioxidantes, como frutas y verduras, que pueden ayudar a proteger la piel del da\u00f1o solar.<\/li>\n\n\n\n<li><\/li>\n\n\n\n<li>Hidrataci\u00f3n: mantener la piel bien hidratada con cremas hidratantes para mantener su barrera protectora.<\/li>\n<\/ol>\n\n\n\n<ul class=\"wp-block-list\">\n<li><\/li>\n<\/ul>\n\n\n\n<ul class=\"wp-block-list\">\n<li><\/li>\n<\/ul>\n\n\n\n<ul class=\"wp-block-list\">\n<li><\/li>\n<\/ul>","protected":false},"excerpt":{"rendered":"<p>El c\u00e1ncer de piel es una enfermedad en la cual las c\u00e9lulas de la piel comienzan a multiplicarse sin control. La mayor\u00eda de los casos son provocados por la exposici\u00f3n excesiva a los rayos ultravioleta (UV) del sol, las camas bronceadoras o las l\u00e1mparas solares.<\/p>","protected":false},"author":49,"featured_media":702238,"comment_status":"open","ping_status":"open","sticky":false,"template":"","format":"standard","meta":{"_acf_changed":false,"footnotes":""},"categories":[60,2484],"tags":[53,1422,49,500,124,242],"class_list":["post-702232","post","type-post","status-publish","format-standard","has-post-thumbnail","hentry","category-blog","category-medicina-es-2","tag-educacion","tag-innovacion-en-educacion","tag-medicina","tag-prevencion","tag-salud","tag-unifranz"],"acf":[],"_links":{"self":[{"href":"https:\/\/unifranz.edu.bo\/pt\/wp-json\/wp\/v2\/posts\/702232","targetHints":{"allow":["GET"]}}],"collection":[{"href":"https:\/\/unifranz.edu.bo\/pt\/wp-json\/wp\/v2\/posts"}],"about":[{"href":"https:\/\/unifranz.edu.bo\/pt\/wp-json\/wp\/v2\/types\/post"}],"author":[{"embeddable":true,"href":"https:\/\/unifranz.edu.bo\/pt\/wp-json\/wp\/v2\/users\/49"}],"replies":[{"embeddable":true,"href":"https:\/\/unifranz.edu.bo\/pt\/wp-json\/wp\/v2\/comments?post=702232"}],"version-history":[{"count":6,"href":"https:\/\/unifranz.edu.bo\/pt\/wp-json\/wp\/v2\/posts\/702232\/revisions"}],"predecessor-version":[{"id":702252,"href":"https:\/\/unifranz.edu.bo\/pt\/wp-json\/wp\/v2\/posts\/702232\/revisions\/702252"}],"wp:featuredmedia":[{"embeddable":true,"href":"https:\/\/unifranz.edu.bo\/pt\/wp-json\/wp\/v2\/media\/702238"}],"wp:attachment":[{"href":"https:\/\/unifranz.edu.bo\/pt\/wp-json\/wp\/v2\/media?parent=702232"}],"wp:term":[{"taxonomy":"category","embeddable":true,"href":"https:\/\/unifranz.edu.bo\/pt\/wp-json\/wp\/v2\/categories?post=702232"},{"taxonomy":"post_tag","embeddable":true,"href":"https:\/\/unifranz.edu.bo\/pt\/wp-json\/wp\/v2\/tags?post=702232"}],"curies":[{"name":"wp","href":"https:\/\/api.w.org\/{rel}","templated":true}]}}