{"id":702226,"date":"2025-01-27T17:15:35","date_gmt":"2025-01-27T21:15:35","guid":{"rendered":"https:\/\/unifranz.edu.bo\/?p=702226"},"modified":"2025-01-27T17:21:03","modified_gmt":"2025-01-27T21:21:03","slug":"boyacacochabamba","status":"publish","type":"post","link":"https:\/\/unifranz.edu.bo\/pt\/blog\/boyacacochabamba\/","title":{"rendered":"Estudiantes colombianos eligen Unifranz Cochabamba para su formaci\u00f3n profesional"},"content":{"rendered":"<p>La internacionalizaci\u00f3n acad\u00e9mica es una realidad en Unifranz Cochabamba, que reafirma su compromiso con la formaci\u00f3n global y pr\u00e1ctica al recibir a tres estudiantes de la Universidad de Boyac\u00e1 de Colombia. Andr\u00e9s Porras, Leidy Hern\u00e1ndez y Angie Prieto llegaron a Bolivia para realizar su internado rotatorio en Bioqu\u00edmica y Farmacia durante el primer semestre de 2025.<\/p>\n\n\n\n<p>El programa, desarrollado en la Cl\u00ednica Los Olivos y otros espacios especializados, es uno de los muchos escenarios donde los estudiantes pueden aplicar sus conocimientos en entornos profesionales reales. Durante su estancia, explorar\u00e1n \u00e1reas como hematolog\u00eda, biolog\u00eda molecular y bioqu\u00edmica cl\u00ednica, adquiriendo competencias que complementan su formaci\u00f3n en un contexto diferente al de su pa\u00eds de origen.<\/p>\n\n\n\n<p><strong>M\u00e1s que un intercambio, una experiencia de vida<\/strong><\/p>\n\n\n\n<p>Para los estudiantes, esta experiencia representa una oportunidad de crecimiento personal y acad\u00e9mico. \u00abEra como un sue\u00f1o que ten\u00eda desde siempre. Quer\u00eda salir del pa\u00eds a estudiar y conocer otras perspectivas\u00bb, coment\u00f3 Leidy Hern\u00e1ndez, quien resalt\u00f3 la calidez de las personas y la abundante naturaleza de Cochabamba.<\/p>\n\n\n\n<p>Por su parte, Andr\u00e9s Porras explic\u00f3 su motivaci\u00f3n: \u00abQuise internacionalizarme por la experiencia de mi padre y para adquirir conocimientos nuevos en un pa\u00eds con un enfoque diferente en farmacia. Adem\u00e1s, quiero aportar algo desde mi experiencia a esta sociedad\u00bb.<\/p>\n\n\n\n<p>Angie Prieto, la tercera integrante del grupo, destac\u00f3 el valor de complementar su formaci\u00f3n: \u00abEleg\u00ed venir aqu\u00ed porque la Universidad de Boyac\u00e1 y Unifranz tienen enfoques que se complementan. Bolivia nos ofrece un aprendizaje \u00fanico en bioqu\u00edmica y farmacia, y estoy segura de que esta experiencia me har\u00e1 m\u00e1s independiente y capaz\u00bb.<\/p>\n\n\n\n<p><strong>Unifranz como referente internacional<\/strong><\/p>\n\n\n\n<p>La llegada de estos estudiantes internacionales refuerza el papel de Unifranz como una universidad que impulsa la movilidad acad\u00e9mica y fomenta la colaboraci\u00f3n global. Las alianzas estrat\u00e9gicas con instituciones de prestigio, como la Universidad de Boyac\u00e1, facilitan que estudiantes y docentes vivan experiencias transformadoras.<\/p>\n\n\n\n<p>Estos son tres casos de los miles de estudiantes que han llegado a Bolivia desde distintas latitudes, consolidando a Unifranz y al pa\u00eds como un destino acad\u00e9mico de alto compromiso. \u00abLa internacionalizaci\u00f3n forma l\u00edderes con una visi\u00f3n global y una comprensi\u00f3n profunda de los desaf\u00edos multiculturales y acad\u00e9micos\u00bb, afirm\u00f3 Alejandra Guzm\u00e1n, asesora de Movilidad Estudiantil en Unifranz Cochabamba.<\/p>\n\n\n\n<p>Adem\u00e1s de enriquecer a los estudiantes internacionales, esta iniciativa fortalece el intercambio cultural y profesional, posicionando a Unifranz como una referencia en movilidad acad\u00e9mica. Los colombianos fueron recibidos con una c\u00e1lida bienvenida, un recorrido por el campus y el acompa\u00f1amiento de un equipo que asegura su integraci\u00f3n y bienestar.<\/p>\n\n\n\n<p><strong>Movilidad acad\u00e9mica que transforma vidas<\/strong><\/p>\n\n\n\n<p>Con una red de alianzas que abarca universidades de Am\u00e9rica Latina y el mundo, Unifranz fomenta el aprendizaje pr\u00e1ctico y global. La instituci\u00f3n ofrece herramientas como Clases Espejo, Master Class y Aulas COIL, que promueven la colaboraci\u00f3n internacional y la adopci\u00f3n de pr\u00e1cticas educativas innovadoras.<\/p>\n\n\n\n<p>\u00abEstos programas son una oportunidad para que los estudiantes experimenten la diversidad y adquieran competencias necesarias en un mundo interconectado\u00bb, subray\u00f3 Guzm\u00e1n.<\/p>\n\n\n\n<p><strong>Transformaci\u00f3n personal y profesional<\/strong><\/p>\n\n\n\n<p>Para Leidy, Andr\u00e9s y Angie, el internado rotatorio en Unifranz Cochabamba representa un cap\u00edtulo inolvidable en sus vidas. \u00abS\u00e9 que regresar\u00e9 siendo una persona m\u00e1s preparada, con nuevas perspectivas y habilidades que me acompa\u00f1ar\u00e1n siempre\u00bb, expres\u00f3 Leidy Hern\u00e1ndez, reflejando el impacto de esta experiencia.<\/p>","protected":false},"excerpt":{"rendered":"<p>La internacionalizaci\u00f3n acad\u00e9mica es una realidad en Unifranz Cochabamba, que reafirma su compromiso con la formaci\u00f3n global y pr\u00e1ctica al recibir a tres estudiantes de la Universidad de Boyac\u00e1 de Colombia. Andr\u00e9s Porras, Leidy Hern\u00e1ndez y Angie Prieto llegaron a Bolivia para realizar su internado rotatorio en Bioqu\u00edmica y Farmacia durante el primer semestre de 2025.<\/p>","protected":false},"author":27,"featured_media":702227,"comment_status":"open","ping_status":"open","sticky":false,"template":"","format":"standard","meta":{"_acf_changed":false,"footnotes":""},"categories":[1948,60,5100,2028],"tags":[266,37,53,386,1422,49,124,218,242],"class_list":["post-702226","post","type-post","status-publish","format-standard","has-post-thumbnail","hentry","category-bioquimica-y-farmacia","category-blog","category-bolivia","category-internacionalizacion-es","tag-bolivia","tag-cochabamba","tag-educacion","tag-estudiantes","tag-innovacion-en-educacion","tag-medicina","tag-salud","tag-tecnologia","tag-unifranz"],"acf":[],"_links":{"self":[{"href":"https:\/\/unifranz.edu.bo\/pt\/wp-json\/wp\/v2\/posts\/702226","targetHints":{"allow":["GET"]}}],"collection":[{"href":"https:\/\/unifranz.edu.bo\/pt\/wp-json\/wp\/v2\/posts"}],"about":[{"href":"https:\/\/unifranz.edu.bo\/pt\/wp-json\/wp\/v2\/types\/post"}],"author":[{"embeddable":true,"href":"https:\/\/unifranz.edu.bo\/pt\/wp-json\/wp\/v2\/users\/27"}],"replies":[{"embeddable":true,"href":"https:\/\/unifranz.edu.bo\/pt\/wp-json\/wp\/v2\/comments?post=702226"}],"version-history":[{"count":2,"href":"https:\/\/unifranz.edu.bo\/pt\/wp-json\/wp\/v2\/posts\/702226\/revisions"}],"predecessor-version":[{"id":702230,"href":"https:\/\/unifranz.edu.bo\/pt\/wp-json\/wp\/v2\/posts\/702226\/revisions\/702230"}],"wp:featuredmedia":[{"embeddable":true,"href":"https:\/\/unifranz.edu.bo\/pt\/wp-json\/wp\/v2\/media\/702227"}],"wp:attachment":[{"href":"https:\/\/unifranz.edu.bo\/pt\/wp-json\/wp\/v2\/media?parent=702226"}],"wp:term":[{"taxonomy":"category","embeddable":true,"href":"https:\/\/unifranz.edu.bo\/pt\/wp-json\/wp\/v2\/categories?post=702226"},{"taxonomy":"post_tag","embeddable":true,"href":"https:\/\/unifranz.edu.bo\/pt\/wp-json\/wp\/v2\/tags?post=702226"}],"curies":[{"name":"wp","href":"https:\/\/api.w.org\/{rel}","templated":true}]}}