{"id":702206,"date":"2025-01-26T10:09:59","date_gmt":"2025-01-26T14:09:59","guid":{"rendered":"https:\/\/unifranz.edu.bo\/?p=702206"},"modified":"2025-01-31T15:41:33","modified_gmt":"2025-01-31T19:41:33","slug":"estudiantes-de-arquitectura-proponen-proyecto-para-regeneracion-ecologica-en-santa-cruz","status":"publish","type":"post","link":"https:\/\/unifranz.edu.bo\/pt\/blog\/estudiantes-de-arquitectura-proponen-proyecto-para-regeneracion-ecologica-en-santa-cruz\/","title":{"rendered":"Estudiantes de Arquitectura proponen proyecto para regeneraci\u00f3n ecol\u00f3gica en Santa Cruz"},"content":{"rendered":"<p>\u00bfProyectos integradores que buscan resolver problemas urbanos y ecol\u00f3gicos? S\u00ed, Adriana Rosales y Nathalia Hurtado, estudiantes de Arquitectura realizaron el proyecto \u00abEdificio H\u00edbrido de Alta Densidad \u2013 Los Anillos de Equilibrio Ecol\u00f3gico\u201d. Este innovador proyecto no solo aboga por la regeneraci\u00f3n ecol\u00f3gica, sino que tambi\u00e9n propone soluciones para el desarrollo sostenible del Distrito N\u00b07 de Santa Cruz.<\/p>\n\n\n\n<p>\u201cLa fragmentaci\u00f3n de los ecosistemas en el Distrito 7, zona de la Villa Primero de Mayo, nos motiv\u00f3 a integrar corredores verdes que conecten zonas clave como la Laguna Guapilo, el Vertedero y el Jard\u00edn Bot\u00e1nico, promoviendo la biodiversidad urbana y mejorando la calidad de vida de los habitantes\u201d, indic\u00f3 Beltr\u00e1n, estudiante de Arquitectura en la Universidad Franz Tamayo, Unifranz.<\/p>\n\n\n\n<p>La propuesta busca equilibrar el crecimiento urbano con la regeneraci\u00f3n ecol\u00f3gica mediante la implementaci\u00f3n de anillos verdes que sirvan como barreras naturales contra la contaminaci\u00f3n y el desorden urbano. Estos anillos son concebidos como corredores ecol\u00f3gicos que no solo benefician al medio ambiente, sino tambi\u00e9n a la comunidad, creando espacios p\u00fablicos accesibles y \u00e1reas verdes en el coraz\u00f3n del distrito.<\/p>\n\n\n\n<p>El proyecto presenta caracter\u00edsticas constructivas innovadoras que permiten un uso eficiente del espacio y los recursos. La estructura se apoya en el sistema de losa Bubble Deck, que reduce el uso de concreto y aligera el peso estructural, lo cual favorece la eficiencia energ\u00e9tica y la sostenibilidad. Adem\u00e1s, incorpora una estructura mixta que optimiza tanto la flexibilidad espacial como la eficiencia estructural, promoviendo un dise\u00f1o ecol\u00f3gico y funcional.<\/p>\n\n\n\n<figure class=\"wp-block-gallery has-nested-images columns-default is-cropped wp-block-gallery-1 is-layout-flex wp-block-gallery-is-layout-flex\">\n<figure class=\"wp-block-image size-large\"><img loading=\"lazy\" decoding=\"async\" width=\"1000\" height=\"1000\" data-id=\"702281\" src=\"https:\/\/unifranz.edu.bo\/wp-content\/uploads\/2025\/01\/POST-FOTO-CITA-ARQ.png\" alt=\"\" class=\"wp-image-702281\" srcset=\"https:\/\/unifranz.edu.bo\/wp-content\/uploads\/2025\/01\/POST-FOTO-CITA-ARQ.png 1000w, https:\/\/unifranz.edu.bo\/wp-content\/uploads\/2025\/01\/POST-FOTO-CITA-ARQ-300x300.png 300w, https:\/\/unifranz.edu.bo\/wp-content\/uploads\/2025\/01\/POST-FOTO-CITA-ARQ-768x768.png 768w, https:\/\/unifranz.edu.bo\/wp-content\/uploads\/2025\/01\/POST-FOTO-CITA-ARQ-12x12.png 12w\" sizes=\"auto, (max-width: 1000px) 100vw, 1000px\" \/><\/figure>\n<\/figure>\n\n\n\n<p>Entre sus principales innovaciones, el proyecto destaca la creaci\u00f3n de corredores verdes urbanos que no solo promueven la biodiversidad, sino tambi\u00e9n mejoran la conectividad entre diferentes zonas del distrito. La integraci\u00f3n de terrazas verdes escalonadas, jardines verticales y espacios p\u00fablicos en planta baja est\u00e1 pensada para fomentar la interacci\u00f3n social y la conexi\u00f3n con la naturaleza.<\/p>\n\n\n\n<p>Desde un punto de vista social, el impacto es significativo. Este proyecto proporciona una infraestructura que mejora la calidad de vida de los residentes al ofrecer espacios para el esparcimiento, la recreaci\u00f3n y la convivencia. La propuesta tambi\u00e9n responde a una de las grandes necesidades de Santa Cruz: el desarrollo de una densificaci\u00f3n urbana inteligente y respetuosa con el medio ambiente.<\/p>\n\n\n\n<p>El proceso de creaci\u00f3n de este proyecto ha sido crucial para la formaci\u00f3n profesional de Adriana y Nathalia. Ambas estudiantes destacan que, m\u00e1s all\u00e1 de los conocimientos adquiridos en el \u00e1mbito del dise\u00f1o urbano sostenible, este proyecto las ha impulsado a desarrollar un pensamiento interdisciplinario, trabajando en conjunto con ingenier\u00eda ambiental y planificaci\u00f3n urbana para lograr una propuesta integral.<\/p>\n\n\n\n<p>\u00abEste proyecto ha sido uno de los m\u00e1s desafiantes y gratificantes. Trabajar juntas nos permiti\u00f3 ver c\u00f3mo nuestras ideas se complementaban, lo que result\u00f3 en una propuesta que refleja nuestro compromiso con la Arquitectura y la sostenibilidad\u00bb, afirm\u00f3 Hurtado.<\/p>\n\n\n\n<p>La experiencia de trabajar en equipo y el aprendizaje constante ha sido fundamental para el crecimiento personal y profesional de ambas estudiantes, quienes ahora tienen una visi\u00f3n m\u00e1s profunda de c\u00f3mo sus proyectos pueden impactar positivamente en la comunidad y el ecosistema urbano.<\/p>\n\n\n\n<figure class=\"wp-block-gallery has-nested-images columns-default is-cropped wp-block-gallery-2 is-layout-flex wp-block-gallery-is-layout-flex\">\n<figure class=\"wp-block-image size-large\"><img loading=\"lazy\" decoding=\"async\" width=\"724\" height=\"1024\" data-id=\"702209\" src=\"https:\/\/unifranz.edu.bo\/wp-content\/uploads\/2025\/01\/LAMINA-A0-TALLER-VII.png-724x1024.png\" alt=\"\" class=\"wp-image-702209\" srcset=\"https:\/\/unifranz.edu.bo\/wp-content\/uploads\/2025\/01\/LAMINA-A0-TALLER-VII.png-724x1024.png 724w, https:\/\/unifranz.edu.bo\/wp-content\/uploads\/2025\/01\/LAMINA-A0-TALLER-VII.png-212x300.png 212w, https:\/\/unifranz.edu.bo\/wp-content\/uploads\/2025\/01\/LAMINA-A0-TALLER-VII.png-768x1086.png 768w, https:\/\/unifranz.edu.bo\/wp-content\/uploads\/2025\/01\/LAMINA-A0-TALLER-VII.png-1087x1536.png 1087w, https:\/\/unifranz.edu.bo\/wp-content\/uploads\/2025\/01\/LAMINA-A0-TALLER-VII.png-1449x2048.png 1449w, https:\/\/unifranz.edu.bo\/wp-content\/uploads\/2025\/01\/LAMINA-A0-TALLER-VII.png-8x12.png 8w, https:\/\/unifranz.edu.bo\/wp-content\/uploads\/2025\/01\/LAMINA-A0-TALLER-VII.png-scaled.png 1811w\" sizes=\"auto, (max-width: 724px) 100vw, 724px\" \/><\/figure>\n<\/figure>","protected":false},"excerpt":{"rendered":"<p>\u00bfProyectos integradores que buscan resolver problemas urbanos y ecol\u00f3gicos? S\u00ed, Adriana Rosales y Nathalia Hurtado, estudiantes de Arquitectura realizaron el proyecto \u00abEdificio H\u00edbrido de Alta Densidad \u2013 Los Anillos de Equilibrio Ecol\u00f3gico\u201d. Este innovador proyecto no solo aboga por la regeneraci\u00f3n ecol\u00f3gica, sino que tambi\u00e9n propone soluciones para el desarrollo sostenible del Distrito N\u00b07 de &hellip; <a href=\"https:\/\/unifranz.edu.bo\/pt\/blog\/estudiantes-de-arquitectura-proponen-proyecto-para-regeneracion-ecologica-en-santa-cruz\/\">Continued<\/a><\/p>","protected":false},"author":33,"featured_media":702355,"comment_status":"open","ping_status":"open","sticky":false,"template":"","format":"standard","meta":{"_acf_changed":false,"footnotes":""},"categories":[2576,1884,60],"tags":[428,1650,4838],"class_list":["post-702206","post","type-post","status-publish","format-standard","has-post-thumbnail","hentry","category-unifranz-santa-cruz","category-arquitectura","category-blog","tag-arquitectura","tag-mejores-universidades-de-bolivia","tag-sostenibilidad"],"acf":[],"_links":{"self":[{"href":"https:\/\/unifranz.edu.bo\/pt\/wp-json\/wp\/v2\/posts\/702206","targetHints":{"allow":["GET"]}}],"collection":[{"href":"https:\/\/unifranz.edu.bo\/pt\/wp-json\/wp\/v2\/posts"}],"about":[{"href":"https:\/\/unifranz.edu.bo\/pt\/wp-json\/wp\/v2\/types\/post"}],"author":[{"embeddable":true,"href":"https:\/\/unifranz.edu.bo\/pt\/wp-json\/wp\/v2\/users\/33"}],"replies":[{"embeddable":true,"href":"https:\/\/unifranz.edu.bo\/pt\/wp-json\/wp\/v2\/comments?post=702206"}],"version-history":[{"count":4,"href":"https:\/\/unifranz.edu.bo\/pt\/wp-json\/wp\/v2\/posts\/702206\/revisions"}],"predecessor-version":[{"id":702283,"href":"https:\/\/unifranz.edu.bo\/pt\/wp-json\/wp\/v2\/posts\/702206\/revisions\/702283"}],"wp:featuredmedia":[{"embeddable":true,"href":"https:\/\/unifranz.edu.bo\/pt\/wp-json\/wp\/v2\/media\/702355"}],"wp:attachment":[{"href":"https:\/\/unifranz.edu.bo\/pt\/wp-json\/wp\/v2\/media?parent=702206"}],"wp:term":[{"taxonomy":"category","embeddable":true,"href":"https:\/\/unifranz.edu.bo\/pt\/wp-json\/wp\/v2\/categories?post=702206"},{"taxonomy":"post_tag","embeddable":true,"href":"https:\/\/unifranz.edu.bo\/pt\/wp-json\/wp\/v2\/tags?post=702206"}],"curies":[{"name":"wp","href":"https:\/\/api.w.org\/{rel}","templated":true}]}}